{"id":45568,"date":"2025-03-31T22:21:15","date_gmt":"2025-03-31T22:21:15","guid":{"rendered":"https:\/\/historiografija.hr\/?p=45568"},"modified":"2025-03-31T22:21:15","modified_gmt":"2025-03-31T22:21:15","slug":"nemanja-mitrovic-decenija-iskusenja-jugoslovensko-rumunski-odnosi-1948-1958","status":"publish","type":"post","link":"https:\/\/historiografija.hr\/?p=45568","title":{"rendered":"Nemanja Mitrovi\u0107, \u201eDecenija isku\u0161enja: jugoslovensko-rumunski odnosi 1948\u20131958.\u201c"},"content":{"rendered":"\n<p>Period od 1948. do 1958. predstavlja specifi\u010dnu i jedinstvenu pojavu u istorijskoj vertikali srpsko\/jugoslovensko-rumunskih odnosa. Ose\u0107aj povezanosti i prijateljstva dva po poreklu razli\u010dita, a veri bliska naroda, pre\u017eiveo je mnogobrojna isku\u0161enja, ratove i teritorijalne pretenzije. Sve do 1948. godine nijedan razlog nije bio dovoljno sna\u017ean da Srbi i Rumuni dobrosusedstvo zamene neprijateljstvom. \u010cinilo se da \u0107e mit o prijateljstvu o kojem je pisao Radu Flora nadja\u010dati svaku prepreku. Ipak, komunisti\u010dka ideologija i verovanje da postoji samo jedan ispravan put u socijalizam \u2013 sovjetski \u2013 bili su prepreka koju mit nije mogao da prevazi\u0111e. Gotovo koliko i Drugi svetski rat trajao je ideolo\u0161ki sukob tokom kojeg su doju\u010dera\u0161nji prijatelji postali neprijatelji, izdajnici, \u0161pijuni i krvnici. Tako dug period vakuuma u odnosima (1948\u20131953) i ispoljavanje neprijateljstva, ostavili su dosta negativnog, \u0161to dinamika odnosa pedesetih nije mogla da nadoknadi. Obostrano nepoverenje bilo je najte\u017ee ukloniti. A u takvoj atmosferi, poja\u010danoj \u010desto negativnim spoljnim i unutra\u0161njim uticajima, pomirenje i normalizacija prerastali su u procese dugog trajanja. Simboli\u010dno, naznaka da se ti procesi bli\u017ee kraju bila je povla\u010denje sovjetskih trupa iz Rumunije. Kada se rumunsko tlo oslobodilo sovjetske \u010dizme, stvorio se prostor za samostalnije delovanje. Sve hrabriji nastupi Bukure\u0161ta na spoljnom planu i udaljavanje od Moskve uve\u0161\u0107e u narednoj deceniji jugoslovensko-rumunske odnose u novo doba \u2013 doba razvoja, saradnje i prosperiteta. Nazna\u010deni period u jugoslovensko-rumunskim odnosima mo\u017ee se najkra\u0107e opisati kao vreme nametnutog neprijateljstva, velikih isku\u0161enja i mukotrpnog otklanjanja posledica koje je petogodi\u0161nji sukob Josipa Broza Tita i Josifa Visarionovi\u010da D\u017euga\u0161vilija Staljina ostavio na bilateralnu saradnju dveju susednih dr\u017eava.<\/p>\n\n\n\n<hr class=\"wp-block-separator has-alpha-channel-opacity\"\/>\n\n\n\n<p>Izvori:<\/p>\n\n\n\n<figure class=\"wp-block-embed is-type-wp-embed is-provider-institut-za-savremenu-istoriju wp-block-embed-institut-za-savremenu-istoriju\"><div class=\"wp-block-embed__wrapper\">\n<blockquote class=\"wp-embedded-content\" data-secret=\"xJI820lIof\"><a href=\"https:\/\/isi.ac.rs\/decenija-iskusenja-jugoslovensko-rumunski-odnosi-1948-1958\/\">Nemanja Mitrovi\u0107: Decenija isku\u0161enja: jugoslovensko-rumunski odnosi 1948\u20131958.<\/a><\/blockquote><iframe loading=\"lazy\" class=\"wp-embedded-content\" sandbox=\"allow-scripts\" security=\"restricted\" style=\"position: absolute; visibility: hidden;\" title=\"&#132;Nemanja Mitrovi\u0107: Decenija isku\u0161enja: jugoslovensko-rumunski odnosi 1948\u20131958.&#147; &#8212; Institut za savremenu istoriju\" src=\"https:\/\/isi.ac.rs\/decenija-iskusenja-jugoslovensko-rumunski-odnosi-1948-1958\/embed\/#?secret=iEq4vckK6e#?secret=xJI820lIof\" data-secret=\"xJI820lIof\" width=\"600\" height=\"338\" frameborder=\"0\" marginwidth=\"0\" marginheight=\"0\" scrolling=\"no\"><\/iframe>\n<\/div><\/figure>\n\n\n\n<p><a href=\"https:\/\/historiografija.ba\/knjige\/jugoistocna-evropa\/jugoslovensko-rumunski-odnosi\">https:\/\/historiografija.ba\/knjige\/jugoistocna-evropa\/jugoslovensko-rumunski-odnosi<\/a><\/p>\n\n\n\n<hr class=\"wp-block-separator has-alpha-channel-opacity\"\/>\n","protected":false},"excerpt":{"rendered":"","protected":false},"author":2,"featured_media":45569,"comment_status":"open","ping_status":"open","sticky":false,"template":"","format":"standard","meta":{"_acf_changed":false,"jetpack_post_was_ever_published":false,"_jetpack_newsletter_access":"","_jetpack_dont_email_post_to_subs":false,"_jetpack_newsletter_tier_id":0,"_jetpack_memberships_contains_paywalled_content":false,"_jetpack_memberships_contains_paid_content":false,"footnotes":"","jetpack_publicize_message":"","jetpack_publicize_feature_enabled":true,"jetpack_social_post_already_shared":true,"jetpack_social_options":{"image_generator_settings":{"template":"highway","default_image_id":0,"font":"","enabled":false},"version":2}},"categories":[8,3],"tags":[],"class_list":["post-45568","post","type-post","status-publish","format-standard","has-post-thumbnail","hentry","category-knjige","category-novosti"],"acf":{"facebook_opis":""},"jetpack_publicize_connections":[],"jetpack_featured_media_url":"https:\/\/i0.wp.com\/historiografija.hr\/wp-content\/uploads\/2025\/03\/Decenija-iskusenja.webp?fit=691%2C1024&ssl=1","jetpack_sharing_enabled":true,"jetpack-related-posts":[],"_links":{"self":[{"href":"https:\/\/historiografija.hr\/index.php?rest_route=\/wp\/v2\/posts\/45568","targetHints":{"allow":["GET"]}}],"collection":[{"href":"https:\/\/historiografija.hr\/index.php?rest_route=\/wp\/v2\/posts"}],"about":[{"href":"https:\/\/historiografija.hr\/index.php?rest_route=\/wp\/v2\/types\/post"}],"author":[{"embeddable":true,"href":"https:\/\/historiografija.hr\/index.php?rest_route=\/wp\/v2\/users\/2"}],"replies":[{"embeddable":true,"href":"https:\/\/historiografija.hr\/index.php?rest_route=%2Fwp%2Fv2%2Fcomments&post=45568"}],"version-history":[{"count":1,"href":"https:\/\/historiografija.hr\/index.php?rest_route=\/wp\/v2\/posts\/45568\/revisions"}],"predecessor-version":[{"id":45570,"href":"https:\/\/historiografija.hr\/index.php?rest_route=\/wp\/v2\/posts\/45568\/revisions\/45570"}],"wp:featuredmedia":[{"embeddable":true,"href":"https:\/\/historiografija.hr\/index.php?rest_route=\/wp\/v2\/media\/45569"}],"wp:attachment":[{"href":"https:\/\/historiografija.hr\/index.php?rest_route=%2Fwp%2Fv2%2Fmedia&parent=45568"}],"wp:term":[{"taxonomy":"category","embeddable":true,"href":"https:\/\/historiografija.hr\/index.php?rest_route=%2Fwp%2Fv2%2Fcategories&post=45568"},{"taxonomy":"post_tag","embeddable":true,"href":"https:\/\/historiografija.hr\/index.php?rest_route=%2Fwp%2Fv2%2Ftags&post=45568"}],"curies":[{"name":"wp","href":"https:\/\/api.w.org\/{rel}","templated":true}]}}