{"id":45562,"date":"2025-03-31T22:06:14","date_gmt":"2025-03-31T22:06:14","guid":{"rendered":"https:\/\/historiografija.hr\/?p=45562"},"modified":"2025-03-31T22:06:14","modified_gmt":"2025-03-31T22:06:14","slug":"zivko-avramovski-istorija-albanije-i-srpsko-jugoslovensko-albanski-odnosi-1912-1944-zbornik-radova","status":"publish","type":"post","link":"https:\/\/historiografija.hr\/?p=45562","title":{"rendered":"\u017divko Avramovski, \u201eIstorija Albanije i srpsko\/jugoslovensko-albanski odnosi 1912\u20131944. Zbornik radova\u201c"},"content":{"rendered":"\n<p>Arhiv Jugoslavije je objavio zbornik radova \u017divka Avramovskog <em>Istorija Albanije i srpsko\/jugoslovensko-albanski odnosi 1912\u20131944. Zbornik radova.<\/em><\/p>\n\n\n\n<p>Zbornik radova obuhvata \u010detrnaest nau\u010dnih radova dr \u017divka Avramovskog objavljenih izme\u0111u 1963. i 1992. godine u jugoslovenskim i stranim nau\u010dnim \u010dasopisima, utemeljenim na neobjavljenim arhivskim izvorima koji se \u010duvaju u stranim arhivskim ustanovama, koji analiziraju slo\u017eene odnose dvije susjedne zemlje u periodu od trideset i dvije godine. Zbornik radova se sastoji od uvodne rije\u010di, predgovora \u201eSrbi i Albanci u prvoj polovini 20. veka\u201d, autora i prire\u0111iva\u010da dr Du\u0161ana Bojkovi\u0107a, \u010dlanaka \u017divka Avramovskog, imenskog registra, kratke biografije Avramovskog i sadr\u017eaja.<\/p>\n\n\n\n<p>\u010clanci su objavljeni \u0107irili\u010dnim pismom, dok su sadr\u017eani jezik i autorov stil pisanja, uz intervencije manjeg obima. \u010clanci objavljeni na stranim pismima su prevedeni na srpski jezik.<\/p>\n\n\n\n<p>Zbornik se nadovezuje na prethodnu knjigu \u017divko Avramovski, <em>Jugoslavija\u2013Italija 1918\u20131941. Zbornik radova<\/em>.<\/p>\n\n\n\n<p>Izvor: <strong>Arhiv Jugoslavije<\/strong><\/p>\n\n\n\n<hr class=\"wp-block-separator has-alpha-channel-opacity\"\/>\n\n\n\n<p>Preuzeto s portala<strong> Historiografija.ba:<\/strong><\/p>\n\n\n\n<p><a href=\"https:\/\/historiografija.ba\/knjige\/jugoistocna-evropa\/srpsko-jugoslovensko-albanski-odnosi\">https:\/\/historiografija.ba\/knjige\/jugoistocna-evropa\/srpsko-jugoslovensko-albanski-odnosi<\/a><\/p>\n\n\n\n<hr class=\"wp-block-separator has-alpha-channel-opacity\"\/>\n","protected":false},"excerpt":{"rendered":"","protected":false},"author":2,"featured_media":45563,"comment_status":"open","ping_status":"open","sticky":false,"template":"","format":"standard","meta":{"_acf_changed":false,"jetpack_post_was_ever_published":false,"_jetpack_newsletter_access":"","_jetpack_dont_email_post_to_subs":false,"_jetpack_newsletter_tier_id":0,"_jetpack_memberships_contains_paywalled_content":false,"_jetpack_memberships_contains_paid_content":false,"footnotes":"","jetpack_publicize_message":"","jetpack_publicize_feature_enabled":true,"jetpack_social_post_already_shared":true,"jetpack_social_options":{"image_generator_settings":{"template":"highway","default_image_id":0,"font":"","enabled":false},"version":2}},"categories":[8,3],"tags":[],"class_list":["post-45562","post","type-post","status-publish","format-standard","has-post-thumbnail","hentry","category-knjige","category-novosti"],"acf":{"facebook_opis":""},"jetpack_publicize_connections":[],"jetpack_featured_media_url":"https:\/\/i0.wp.com\/historiografija.hr\/wp-content\/uploads\/2025\/03\/avramovski.jpg?fit=450%2C662&ssl=1","jetpack_sharing_enabled":true,"jetpack-related-posts":[],"_links":{"self":[{"href":"https:\/\/historiografija.hr\/index.php?rest_route=\/wp\/v2\/posts\/45562","targetHints":{"allow":["GET"]}}],"collection":[{"href":"https:\/\/historiografija.hr\/index.php?rest_route=\/wp\/v2\/posts"}],"about":[{"href":"https:\/\/historiografija.hr\/index.php?rest_route=\/wp\/v2\/types\/post"}],"author":[{"embeddable":true,"href":"https:\/\/historiografija.hr\/index.php?rest_route=\/wp\/v2\/users\/2"}],"replies":[{"embeddable":true,"href":"https:\/\/historiografija.hr\/index.php?rest_route=%2Fwp%2Fv2%2Fcomments&post=45562"}],"version-history":[{"count":1,"href":"https:\/\/historiografija.hr\/index.php?rest_route=\/wp\/v2\/posts\/45562\/revisions"}],"predecessor-version":[{"id":45564,"href":"https:\/\/historiografija.hr\/index.php?rest_route=\/wp\/v2\/posts\/45562\/revisions\/45564"}],"wp:featuredmedia":[{"embeddable":true,"href":"https:\/\/historiografija.hr\/index.php?rest_route=\/wp\/v2\/media\/45563"}],"wp:attachment":[{"href":"https:\/\/historiografija.hr\/index.php?rest_route=%2Fwp%2Fv2%2Fmedia&parent=45562"}],"wp:term":[{"taxonomy":"category","embeddable":true,"href":"https:\/\/historiografija.hr\/index.php?rest_route=%2Fwp%2Fv2%2Fcategories&post=45562"},{"taxonomy":"post_tag","embeddable":true,"href":"https:\/\/historiografija.hr\/index.php?rest_route=%2Fwp%2Fv2%2Ftags&post=45562"}],"curies":[{"name":"wp","href":"https:\/\/api.w.org\/{rel}","templated":true}]}}