{"id":45555,"date":"2025-03-28T17:19:56","date_gmt":"2025-03-28T17:19:56","guid":{"rendered":"https:\/\/historiografija.hr\/?p=45555"},"modified":"2025-03-28T17:19:56","modified_gmt":"2025-03-28T17:19:56","slug":"cfp-the-yugoslav-wars-a-watershed-moment-for-europe","status":"publish","type":"post","link":"https:\/\/historiografija.hr\/?p=45555","title":{"rendered":"CfP: The Yugoslav Wars: A Watershed Moment for Europe"},"content":{"rendered":"\n<p><strong>63rd International Academic Week<\/strong><\/p>\n\n\n\n<p><strong>The Yugoslav Wars: A Watershed Moment for Europe<\/strong><\/p>\n\n\n\n<hr class=\"wp-block-separator has-alpha-channel-opacity\"\/>\n\n\n\n<p>The International Academic Week (HSW) is the Southeast Europe Association\u2019s (S\u00fcdosteuropa-Gesellschaft \u2013 SOG) annual key event to bring together early-career researchers (MA\/ PhD\/ Post-Doc levels) and experienced scholars from all over Europe and beyond to present and discuss their research on the region. As always, it will take place in cooperation with the Akademie f\u00fcr Politische Bildung at the beautiful Lake Starnberg in Tutzing (close to Munich) from 6-10 October&nbsp;2025.<\/p>\n\n\n\n<p>This year\u2019s conference is hosted by <strong>Prof. Dr. Heike Karge&nbsp;<\/strong>(University of Graz) and <strong>Jun.-Prof. Dr. \u017deljana Tuni\u0107<\/strong>&nbsp;(University of Halle-Wittenberg).&nbsp;<\/p>\n\n\n\n<p><strong>Call for Applications<\/strong><\/p>\n\n\n\n<p>The year 2025 marks the 30th anniversary of both the Srebrenica genocide and the end of the wars in Bosnia and Herzegovina and Croatia. This moment offers a crucial opportunity to critically examine the Yugoslav wars (1991\u20131999), not only as a defining episode for Southeast Europe but as a watershed moment for Europe as a whole.<\/p>\n\n\n\n<p>While these wars have long been framed as a regional phenomenon, more recent research has increasingly emphasized their global dimensions\u2014from transnational actors and international interventions to their lasting impact on European security, law, and memory cultures. This conference builds on these transnational and interconnected perspectives while maintaining a strong focus on the local, interethnic, and personal dimensions of violence and its aftermath.<\/p>\n\n\n\n<p>The International Academic Week seeks to foster a multidisciplinary and intergenerational dialogue by bringing together established scholars and early-career researchers. The event aims to reassess existing research, introduce innovative methodological approaches, and promote discussions that bridge the micro-level of individual and community experiences with macro-level regional and global frameworks.<\/p>\n\n\n\n<p><strong>Key topics and themes<\/strong><\/p>\n\n\n\n<p><strong>Politics of Remembrance<\/strong><br>The Yugoslav wars continue to shape memory cultures across Southeast Europe and beyond, producing competing narratives and contested sites of remembrance. Official state discourses, international tribunals, grassroots memorialization efforts, and artistic representations all play a role in constructing the legacy of these wars. The processes of remembering and forgetting are deeply influenced by political agendas, legal frameworks, and transnational memory regimes, raising questions about the instrumentalization of historical narratives for nation-building, identity politics, and regional reconciliation. Contributions in this area may explore the role of memorials, museums, and educational curricula in shaping collective memory, as well as the interactions between local, national, and supranational actors in the politics of remembrance. &nbsp;<\/p>\n\n\n\n<p><strong>War Experiences and Afterlives &nbsp;<\/strong><br>The human dimension of war extends far beyond the battlefield, with lasting repercussions for individuals, families, and societies. This theme examines the experiential and personal dimensions of war, including displacement, forced migration, postwar trauma, and the reconstruction of everyday life in war-torn societies. The oral histories of survivors, veterans, refugees, and other affected groups provide crucial insights into the lived realities of war and its enduring psychological, social, and economic consequences. Contributions may explore questions of identity formation, intergenerational trauma, gendered experiences of war, and the role of civil society in postwar reconstruction. Additionally, this theme seeks to bridge micro-historical perspectives with broader structural analyses of postwar societies and the reintegration of war-affected populations. &nbsp;<\/p>\n\n\n\n<p><strong>Transitional Justice in the Digital Age &nbsp;<\/strong><br>In the aftermath of the Yugoslav wars, transitional justice mechanisms, including international and domestic trials and truth commission initiatives, have sought to address war crimes and human rights violations. At the same time, the digitalization of justice and memory processes has introduced new opportunities and challenges. Online databases, forensic archives, social media activism, and digital storytelling projects have transformed access to historical evidence and testimonial narratives, raising critical questions about the authenticity, accessibility, and politicization of digital memory. This theme invites contributions that engage with the intersection of technology, law, and memory studies, examining the role of digital platforms in fact-finding, historical revisionism, and transnational justice efforts. &nbsp;<\/p>\n\n\n\n<p><strong>Literature and Arts after the Wars&nbsp;<\/strong><br>Cultural representations of the Yugoslav wars play a crucial role in shaping public discourse, collective memory, and historical consciousness. Literature, film, theater, and visual arts provide alternative modes of witnessing, narrating, and interpreting the wars and their aftermath, often challenging official historiographies and dominant political narratives. This theme explores how postwar artistic production mediates trauma, engages with themes of guilt and responsibility, and contributes to reconciliation or division. Contributions may examine narrative strategies, aesthetic choices, and the ethical dimensions of representing violence and loss, as well as the role of art in fostering dialogue within and beyond the region. Special attention will be given to transnational and diasporic artistic expressions, which offer new perspectives on war and post-war identity. &nbsp;<\/p>\n\n\n\n<p>This and the in-depth discussion of transregional dimensions of the wars and their aftermath should provide an impetus for an expanded production of knowledge about the Yugoslav wars.&nbsp;<\/p>\n\n\n\n<p><strong>Deadline for applications: 30 April 2025<\/strong><br>You may apply for two different options of participation:<\/p>\n\n\n\n<p>\u2022 Paper (abstract and short CV required)<br>\u2022 Participation without own contribution (short CV and motivation letter required)<\/p>\n\n\n\n<p>Applications with an active contribution will be prioritized.<\/p>\n\n\n\n<p>Conference language: English<\/p>\n\n\n\n<p>The abstract should include your contribution\u2019s title and summarize the main topics and (research) questions you are going to address. Your CV should outline your academic status and offer information on the project your contribution is derived from (e.g. Master&#8217;s thesis, PhD, etc.). The&nbsp;motivation letter should be no longer than 300 words.<br><br>For all applicants accepted for participation with a contribution the Southeast Europe Association will cover travel expenses, boarding and lodging. We expect you to participate in the entire conference (6 \u2013 10 October 2025) in Tutzing (close to Munich, see&nbsp;<a href=\"https:\/\/www.apb-tutzing.de\/english\/\" target=\"_blank\" rel=\"noreferrer noopener\">APB Tutzing<\/a>).<\/p>\n\n\n\n<p>The conference is designed as an entirely inperson event. Travel expenses can usually be covered up to the amount of a 2nd class train ticket to\/from Tutzing. In cases of lacking accessibility with train or bus&nbsp;we will check options for travel with alternative means, including flight connections.<\/p>\n\n\n\n<hr class=\"wp-block-separator has-alpha-channel-opacity\"\/>\n\n\n\n<p><a href=\"https:\/\/www.sogde.org\/de\/events\/international-academic-week-2025\">https:\/\/www.sogde.org\/de\/events\/international-academic-week-2025<\/a><\/p>\n\n\n\n<hr class=\"wp-block-separator has-alpha-channel-opacity\"\/>\n","protected":false},"excerpt":{"rendered":"","protected":false},"author":2,"featured_media":45556,"comment_status":"open","ping_status":"open","sticky":false,"template":"","format":"standard","meta":{"_acf_changed":false,"jetpack_post_was_ever_published":false,"_jetpack_newsletter_access":"","_jetpack_dont_email_post_to_subs":false,"_jetpack_newsletter_tier_id":0,"_jetpack_memberships_contains_paywalled_content":false,"_jetpack_memberships_contains_paid_content":false,"footnotes":"","jetpack_publicize_message":"","jetpack_publicize_feature_enabled":true,"jetpack_social_post_already_shared":true,"jetpack_social_options":{"image_generator_settings":{"template":"highway","default_image_id":0,"font":"","enabled":false},"version":2}},"categories":[3,9],"tags":[],"class_list":["post-45555","post","type-post","status-publish","format-standard","has-post-thumbnail","hentry","category-novosti","category-skupovi"],"acf":{"facebook_opis":""},"jetpack_publicize_connections":[],"jetpack_featured_media_url":"https:\/\/i0.wp.com\/historiografija.hr\/wp-content\/uploads\/2025\/03\/CFP_Tutzing.jpg?fit=1100%2C732&ssl=1","jetpack_sharing_enabled":true,"jetpack-related-posts":[{"id":52516,"url":"https:\/\/historiografija.hr\/?p=52516","url_meta":{"origin":45555,"position":0},"title":"Marko Grde\u0161i\u0107, Mislav \u017ditko, \u201eSocialist Economics in Yugoslavia: A Critical History\u201c","author":"Branimir Jankovi\u0107","date":"17. travnja 2026.","format":false,"excerpt":"This book presents a critical history of Yugoslav socialist economics, from its inception in the late 1940s to its dissolution in the late 1980s. After the dramatic break with the Soviet Union in 1948, Yugoslavia found itself in urgent need of a third way: A socialist trajectory which would not\u2026","rel":"","context":"U &quot;Knjige&quot;","block_context":{"text":"Knjige","link":"https:\/\/historiografija.hr\/?cat=8"},"img":{"alt_text":"","src":"https:\/\/i0.wp.com\/historiografija.hr\/wp-content\/uploads\/2026\/04\/Zitko_Grdesic.jpg?fit=350%2C535&ssl=1&resize=350%2C200","width":350,"height":200},"classes":[]},{"id":52580,"url":"https:\/\/historiografija.hr\/?p=52580","url_meta":{"origin":45555,"position":1},"title":"Conference &#8220;Living in the aftermaths: Trauma, politics and survival in Yugoslavia and successor states, 1945 \u2013 present&#8221;","author":"Branimir Jankovi\u0107","date":"21. travnja 2026.","format":false,"excerpt":"The conference aims to explore how war-related psychological distress was experienced, narrated, debated and reframed in Yugoslavia in the second half of the twentieth century. It asks how the theme of wounded psyche and wartime suffering was addressed and acknowledged in political, psychiatric and broader cultural discourses of socialist Yugoslavia,\u2026","rel":"","context":"U &quot;Novosti&quot;","block_context":{"text":"Novosti","link":"https:\/\/historiografija.hr\/?cat=3"},"img":{"alt_text":"","src":"https:\/\/i0.wp.com\/historiografija.hr\/wp-content\/uploads\/2026\/04\/Battle_of_Neretva_Picasso_poster-Conference-Living-in-the-aftermaths.webp?fit=564%2C954&ssl=1&resize=350%2C200","width":350,"height":200,"srcset":"https:\/\/i0.wp.com\/historiografija.hr\/wp-content\/uploads\/2026\/04\/Battle_of_Neretva_Picasso_poster-Conference-Living-in-the-aftermaths.webp?fit=564%2C954&ssl=1&resize=350%2C200 1x, https:\/\/i0.wp.com\/historiografija.hr\/wp-content\/uploads\/2026\/04\/Battle_of_Neretva_Picasso_poster-Conference-Living-in-the-aftermaths.webp?fit=564%2C954&ssl=1&resize=525%2C300 1.5x"},"classes":[]},{"id":52692,"url":"https:\/\/historiografija.hr\/?p=52692","url_meta":{"origin":45555,"position":2},"title":"Florian Bieber \u201eHvar in the Modern Age: Identity and Change in Southeast Europe\u201c","author":"Filip \u0160imunjak","date":"28. travnja 2026.","format":false,"excerpt":"Description\u00a0 In this open-access book, Florian Bieber traces the history of the Adriatic island of Hvar over half a millennium, from the advent of Venetian rule in the 15th century to the end of Yugoslavia in the late 20th century. The history of Hvar tells a larger story about modernity,\u2026","rel":"","context":"U &quot;Knjige&quot;","block_context":{"text":"Knjige","link":"https:\/\/historiografija.hr\/?cat=8"},"img":{"alt_text":"","src":"https:\/\/i0.wp.com\/historiografija.hr\/wp-content\/uploads\/2026\/04\/Florian-Bieber-Hvar-in-the-Modern-Age-Identity-and-Change-in-Southeast-Europe.webp?fit=540%2C810&ssl=1&resize=350%2C200","width":350,"height":200,"srcset":"https:\/\/i0.wp.com\/historiografija.hr\/wp-content\/uploads\/2026\/04\/Florian-Bieber-Hvar-in-the-Modern-Age-Identity-and-Change-in-Southeast-Europe.webp?fit=540%2C810&ssl=1&resize=350%2C200 1x, https:\/\/i0.wp.com\/historiografija.hr\/wp-content\/uploads\/2026\/04\/Florian-Bieber-Hvar-in-the-Modern-Age-Identity-and-Change-in-Southeast-Europe.webp?fit=540%2C810&ssl=1&resize=525%2C300 1.5x"},"classes":[]},{"id":52622,"url":"https:\/\/historiografija.hr\/?p=52622","url_meta":{"origin":45555,"position":3},"title":"Annual CAPONEU conference: Political Novel in Europe Between Democracy and Authoritarianism","author":"Branimir Jankovi\u0107","date":"23. travnja 2026.","format":false,"excerpt":"Caponeu event 22.04.2026 - 24.04.2026 Location: The Faculty of Polish and Classical Philology AMU (Fredry 10, Pozna\u0144)Organized by: Tomasz Mizerkiewicz, Krystyna Pieni\u0105\u017cek-Markovi\u0107, Anna Gawarecka, Ewa Szperlik, Magda Potok, B\u0142a\u017cej Warkocki, Gerard Ronge (all Adam Mickiewicz University in Pozna\u0144)Contact: gerron@amu.edu.pl The Adam Mickiewicz University team, as part of the international CAPONEU\u2026","rel":"","context":"U &quot;Novosti&quot;","block_context":{"text":"Novosti","link":"https:\/\/historiografija.hr\/?cat=3"},"img":{"alt_text":"","src":"https:\/\/i0.wp.com\/historiografija.hr\/wp-content\/uploads\/2026\/04\/Caponeu-political-novel.jpg?fit=500%2C261&ssl=1&resize=350%2C200","width":350,"height":200},"classes":[]},{"id":52688,"url":"https:\/\/historiografija.hr\/?p=52688","url_meta":{"origin":45555,"position":4},"title":"Eleonora Naxidou and Yura Konstantinova \u201eBalkan Perspectives of Europe: Between East and West\u201c","author":"Filip \u0160imunjak","date":"28. travnja 2026.","format":false,"excerpt":"Through the lens of the Balkan nations, this volume makes a valuable and significant contribution to the fields of European and Southeast European studies by reconsidering the East\/West dichotomy \u2013 both in terms of the Orient\u2013Occident divide and the Eastern\u2013Western Europe binary. Balkan Perspectives of Europe focuses on concepts of\u2026","rel":"","context":"U &quot;Knjige&quot;","block_context":{"text":"Knjige","link":"https:\/\/historiografija.hr\/?cat=8"},"img":{"alt_text":"","src":"https:\/\/i0.wp.com\/historiografija.hr\/wp-content\/uploads\/2026\/04\/Balkan-Perspectives-of-Europe-Between-East-and-West.jpg?fit=350%2C525&ssl=1&resize=350%2C200","width":350,"height":200},"classes":[]},{"id":52643,"url":"https:\/\/historiografija.hr\/?p=52643","url_meta":{"origin":45555,"position":5},"title":"BRACEWELL TRAVELLING SCHOLARSHIP\u202fFOR PHD STUDENTS (DEADLINE: 30TH APRIL 2026)","author":"Branimir Jankovi\u0107","date":"24. travnja 2026.","format":false,"excerpt":"The Bracewell Travelling Scholarship\u202fis funded by a gift from SSEES Emeritus Professor of History Wendy Bracewell, whose research examines South Slav history, and travel writing in eastern Europe. The Scholarship honours the long tradition of mutual curiosity between the UK and eastern, central and southeastern Europe by supporting PhD students\u2026","rel":"","context":"U &quot;Novosti&quot;","block_context":{"text":"Novosti","link":"https:\/\/historiografija.hr\/?cat=3"},"img":{"alt_text":"","src":"https:\/\/i0.wp.com\/historiografija.hr\/wp-content\/uploads\/2026\/04\/Bracewell-Travelling-Scholarship-.webp?fit=980%2C700&ssl=1&resize=350%2C200","width":350,"height":200,"srcset":"https:\/\/i0.wp.com\/historiografija.hr\/wp-content\/uploads\/2026\/04\/Bracewell-Travelling-Scholarship-.webp?fit=980%2C700&ssl=1&resize=350%2C200 1x, https:\/\/i0.wp.com\/historiografija.hr\/wp-content\/uploads\/2026\/04\/Bracewell-Travelling-Scholarship-.webp?fit=980%2C700&ssl=1&resize=525%2C300 1.5x, https:\/\/i0.wp.com\/historiografija.hr\/wp-content\/uploads\/2026\/04\/Bracewell-Travelling-Scholarship-.webp?fit=980%2C700&ssl=1&resize=700%2C400 2x"},"classes":[]}],"_links":{"self":[{"href":"https:\/\/historiografija.hr\/index.php?rest_route=\/wp\/v2\/posts\/45555","targetHints":{"allow":["GET"]}}],"collection":[{"href":"https:\/\/historiografija.hr\/index.php?rest_route=\/wp\/v2\/posts"}],"about":[{"href":"https:\/\/historiografija.hr\/index.php?rest_route=\/wp\/v2\/types\/post"}],"author":[{"embeddable":true,"href":"https:\/\/historiografija.hr\/index.php?rest_route=\/wp\/v2\/users\/2"}],"replies":[{"embeddable":true,"href":"https:\/\/historiografija.hr\/index.php?rest_route=%2Fwp%2Fv2%2Fcomments&post=45555"}],"version-history":[{"count":1,"href":"https:\/\/historiografija.hr\/index.php?rest_route=\/wp\/v2\/posts\/45555\/revisions"}],"predecessor-version":[{"id":45557,"href":"https:\/\/historiografija.hr\/index.php?rest_route=\/wp\/v2\/posts\/45555\/revisions\/45557"}],"wp:featuredmedia":[{"embeddable":true,"href":"https:\/\/historiografija.hr\/index.php?rest_route=\/wp\/v2\/media\/45556"}],"wp:attachment":[{"href":"https:\/\/historiografija.hr\/index.php?rest_route=%2Fwp%2Fv2%2Fmedia&parent=45555"}],"wp:term":[{"taxonomy":"category","embeddable":true,"href":"https:\/\/historiografija.hr\/index.php?rest_route=%2Fwp%2Fv2%2Fcategories&post=45555"},{"taxonomy":"post_tag","embeddable":true,"href":"https:\/\/historiografija.hr\/index.php?rest_route=%2Fwp%2Fv2%2Ftags&post=45555"}],"curies":[{"name":"wp","href":"https:\/\/api.w.org\/{rel}","templated":true}]}}