{"id":45552,"date":"2025-03-28T17:12:24","date_gmt":"2025-03-28T17:12:24","guid":{"rendered":"https:\/\/historiografija.hr\/?p=45552"},"modified":"2025-03-28T17:12:24","modified_gmt":"2025-03-28T17:12:24","slug":"poziv-za-prijavu-na-medunarodni-naucni-skup-istorija-jugoslavije-perspektive-mladih-istrazivaca-sa-postjugoslovenskog-prostora-2","status":"publish","type":"post","link":"https:\/\/historiografija.hr\/?p=45552","title":{"rendered":"Poziv za prijavu na me\u0111unarodni nau\u010dni skup \u201eIstorija Jugoslavije: perspektive mladih istra\u017eiva\u010da sa postjugoslovenskog prostora 2\u201c"},"content":{"rendered":"\n<p><strong>Istorija jugoslavije: perspektive mladih istra\u017eiva\u010da sa postjugoslovenskog prostora 2<\/strong><\/p>\n\n\n\n<p>Institut za noviju istoriju Srbije \u0107e organizovati od 1. do 4. oktobra 2025. godine u Beogradu me\u0111unarodni nau\u010dni skup \u201eIstorija Jugoslavije: perspektive mladih istra\u017eiva\u010da sa postjugoslovenskog prostora 2\u201c.<\/p>\n\n\n\n<p>Prvi skup mladih istra\u017eiva\u010da sa postjugoslovenskog prostora, koji je organizovao Institut za noviju istoriju Srbije od 15. do 18. oktobra 2024. godine, ocenjen je pozitivno u nau\u010dnoj i \u0161iroj javnosti u svim biv\u0161im jugoslovenskim republikama. Preko 30 mladih istra\u017eiva\u010da je predstavilo svoja istra\u017eivanja, u\u010destvovalo u diskusijama, razmenjivalo informacije, iskustva, mi\u0161ljenja, ideje o istoriji Jugoslavije. U anonimnoj evaluaciji svi u\u010desnici su istakli \u017eelju i potrebu da se jedan ovakav skup ponovo odr\u017ei. Uzev\u0161i navedeno u obzir, ali i uvidev\u0161i zna\u010daj kontinuiranog okupljanja i razvijanja saradnje mladih istra\u017eiva\u010da iz regiona, Institut za noviju istoriju Srbije je odlu\u010dio da 2025. godine organizuje drugi skup mladih istra\u017eiva\u010da sa postjugoslovenskog prostora.<\/p>\n\n\n\n<p>Skup je namenjen doktorandima i doktorima istorijskih i drugih srodnih nauka koji su disertaciju odbranili u poslednje tri godine, sa prostora Srbije, Hrvatske, Slovenije, Bosne i Hercegovine, Crne Gore i Severne Makedonije. Organizacioni odbor \u0107e prihvatiti prijave mladih istra\u017eiva\u010da \u010dije su teme relevantne za istoriju Jugoslavije (1918\u20131991).<\/p>\n\n\n\n<p>Radni jezici skupa \u0107e biti srpski i maternji jezici regiona.<\/p>\n\n\n\n<p>Kao rezultat skupa, planirano je objavljivanje zbornika radova me\u0111unarodnog zna\u010daja u izdanju Instituta za noviju istoriju Srbije.<\/p>\n\n\n\n<p>Organizator skupa \u0107e pokriti tro\u0161kove sme\u0161taja za u\u010desnike.<\/p>\n\n\n\n<p>Molimo Vas da popunjenu Prijavu po\u0161aljete do 31. marta 2025. godine na adresu: skup.mladih.istrazivaca@gmail.com<\/p>\n\n\n\n<p>Obave\u0161tenje o prihva\u0107enim prijavama \u0107e biti poslato do 30. aprila 2025. godine. Rok za slanje nacrta rada (draft paper) je 15. septembar, a gotovih radova 15. novembar 2025. godine.<\/p>\n\n\n\n<p>Prijavu i vi\u0161e detalja o pozivu mo\u017eete preuzeti na slede\u0107em linku:<\/p>\n\n\n\n<p><a href=\"https:\/\/inis.bg.ac.rs\/lat\/vesti\/9\/2025\/02\/18\/poziv-za-medunarodni-naucni-skup\u2014istorija-jugoslavije_-perspektive-mladih-istrazivaca-sa-postjugoslovenskog-prostora-2.html\">https:\/\/inis.bg.ac.rs\/lat\/vesti\/9\/2025\/02\/18\/poziv-za-medunarodni-naucni-skup\u2014istorija-jugoslavije_-perspektive-mladih-istrazivaca-sa-postjugoslovenskog-prostora-2.html<\/a><\/p>\n\n\n\n<hr class=\"wp-block-separator has-alpha-channel-opacity\"\/>\n\n\n\n<p>Obavijest je objavljena i na sljede\u0107im poveznicama:<\/p>\n\n\n\n<figure class=\"wp-block-embed is-type-wp-embed is-provider-doktorski-studij-moderna-i-suvremena-hrvatska-povijest-u-europskom-i-svjetskom-kontekstu wp-block-embed-doktorski-studij-moderna-i-suvremena-hrvatska-povijest-u-europskom-i-svjetskom-kontekstu\"><div class=\"wp-block-embed__wrapper\">\n<blockquote class=\"wp-embedded-content\" data-secret=\"ZoJGyoKdux\"><a href=\"https:\/\/dokt-hist-mod.ffzg.unizg.hr\/?p=945\">Poziv za prijavu na me\u0111unarodni nau\u010dni skup \u201eIstorija Jugoslavije: perspektive mladih istra\u017eiva\u010da sa postjugoslovenskog prostora 2\u201c<\/a><\/blockquote><iframe loading=\"lazy\" class=\"wp-embedded-content\" sandbox=\"allow-scripts\" security=\"restricted\" style=\"position: absolute; visibility: hidden;\" title=\"&#8220;Poziv za prijavu na me\u0111unarodni nau\u010dni skup \u201eIstorija Jugoslavije: perspektive mladih istra\u017eiva\u010da sa postjugoslovenskog prostora 2\u201c&#8221; &#8212; Doktorski studij Moderna i suvremena hrvatska povijest u europskom i svjetskom kontekstu \" src=\"https:\/\/dokt-hist-mod.ffzg.unizg.hr\/?p=945&#038;embed=true#?secret=ZoJGyoKdux\" data-secret=\"ZoJGyoKdux\" width=\"600\" height=\"338\" frameborder=\"0\" marginwidth=\"0\" marginheight=\"0\" scrolling=\"no\"><\/iframe>\n<\/div><\/figure>\n\n\n\n<p><a href=\"https:\/\/historiografija.ba\/historija-u-javnosti\/naucne-manifestacije\/istorija-jugoslavije-perspektive-mladih-istrazivaca-sa-postjugoslovenskog-prostora-2\">https:\/\/historiografija.ba\/historija-u-javnosti\/naucne-manifestacije\/istorija-jugoslavije-perspektive-mladih-istrazivaca-sa-postjugoslovenskog-prostora-2<\/a><\/p>\n\n\n\n<hr class=\"wp-block-separator has-alpha-channel-opacity\"\/>\n","protected":false},"excerpt":{"rendered":"","protected":false},"author":2,"featured_media":45553,"comment_status":"open","ping_status":"open","sticky":false,"template":"","format":"standard","meta":{"_acf_changed":false,"jetpack_post_was_ever_published":false,"_jetpack_newsletter_access":"","_jetpack_dont_email_post_to_subs":false,"_jetpack_newsletter_tier_id":0,"_jetpack_memberships_contains_paywalled_content":false,"_jetpack_memberships_contains_paid_content":false,"footnotes":"","jetpack_publicize_message":"","jetpack_publicize_feature_enabled":true,"jetpack_social_post_already_shared":true,"jetpack_social_options":{"image_generator_settings":{"template":"highway","default_image_id":0,"font":"","enabled":false},"version":2}},"categories":[3,9],"tags":[],"class_list":["post-45552","post","type-post","status-publish","format-standard","has-post-thumbnail","hentry","category-novosti","category-skupovi"],"acf":{"facebook_opis":""},"jetpack_publicize_connections":[],"jetpack_featured_media_url":"https:\/\/i0.wp.com\/historiografija.hr\/wp-content\/uploads\/2025\/03\/Post-YU.png?fit=1800%2C600&ssl=1","jetpack_sharing_enabled":true,"jetpack-related-posts":[],"_links":{"self":[{"href":"https:\/\/historiografija.hr\/index.php?rest_route=\/wp\/v2\/posts\/45552","targetHints":{"allow":["GET"]}}],"collection":[{"href":"https:\/\/historiografija.hr\/index.php?rest_route=\/wp\/v2\/posts"}],"about":[{"href":"https:\/\/historiografija.hr\/index.php?rest_route=\/wp\/v2\/types\/post"}],"author":[{"embeddable":true,"href":"https:\/\/historiografija.hr\/index.php?rest_route=\/wp\/v2\/users\/2"}],"replies":[{"embeddable":true,"href":"https:\/\/historiografija.hr\/index.php?rest_route=%2Fwp%2Fv2%2Fcomments&post=45552"}],"version-history":[{"count":1,"href":"https:\/\/historiografija.hr\/index.php?rest_route=\/wp\/v2\/posts\/45552\/revisions"}],"predecessor-version":[{"id":45554,"href":"https:\/\/historiografija.hr\/index.php?rest_route=\/wp\/v2\/posts\/45552\/revisions\/45554"}],"wp:featuredmedia":[{"embeddable":true,"href":"https:\/\/historiografija.hr\/index.php?rest_route=\/wp\/v2\/media\/45553"}],"wp:attachment":[{"href":"https:\/\/historiografija.hr\/index.php?rest_route=%2Fwp%2Fv2%2Fmedia&parent=45552"}],"wp:term":[{"taxonomy":"category","embeddable":true,"href":"https:\/\/historiografija.hr\/index.php?rest_route=%2Fwp%2Fv2%2Fcategories&post=45552"},{"taxonomy":"post_tag","embeddable":true,"href":"https:\/\/historiografija.hr\/index.php?rest_route=%2Fwp%2Fv2%2Ftags&post=45552"}],"curies":[{"name":"wp","href":"https:\/\/api.w.org\/{rel}","templated":true}]}}