{"id":45549,"date":"2025-03-28T17:06:27","date_gmt":"2025-03-28T17:06:27","guid":{"rendered":"https:\/\/historiografija.hr\/?p=45549"},"modified":"2025-03-28T17:06:27","modified_gmt":"2025-03-28T17:06:27","slug":"predstavljanje-knjige-dore-kinert-bucan-diskretni-sarm-diplomacije-kairo-1993-1998","status":"publish","type":"post","link":"https:\/\/historiografija.hr\/?p=45549","title":{"rendered":"Predstavljanje knjige Dore Kinert Bu\u010dan \u201cDiskretni \u0161arm diplomacije. Kairo 1993-1998.\u201d"},"content":{"rendered":"\n<p>Pozivamo vas na predstavljanje novoobjavljene knjige Dore Kinert Bu\u010dan \u201cDiskretni \u0161arm diplomacije\u201d.<br><br>Osim same autorice, na predstavljanju \u0107e sudjelovati komparatist i kriti\u010dar Tomislav Brlek i urednik knjige Josip Panduri\u0107.<\/p>\n\n\n\n<p>Ulomke iz knjige \u010ditat \u0107e glumica Judita Frankovi\u0107 Brdar.<\/p>\n\n\n\n<p>Predstavljanje knjige odr\u017eat \u0107e se u Knji\u017enici Marije Juri\u0107 Zagorke, u ponedjeljak, 31. o\u017eujka u 18 sati.<\/p>\n\n\n\n<p>Veselimo se va\u0161em dolasku!<\/p>\n\n\n\n<hr class=\"wp-block-separator has-alpha-channel-opacity\"\/>\n\n\n\n<p>\u201cDiskretni \u0161arm diplomacije\u201d zbirka je 35 kratkih pri\u010da memoarsko-putopisnog karaktera u kojima autorica evocira svojih \u0161est godina \u017eivota koje je kao supruga hrvatskog ambasadora u Egiptu provela u Kairu, od 1993. do 1998. godine.<\/p>\n\n\n\n<p>\u201cAko bi me netko pitao kako su nastali ovi zapisi, moj bi odgovor zapravo odgovorio na pitanje za\u0161to su nastali. U Kairo sam do\u0161la \u017eivjeti nekoliko godina u posve druk\u010dijem podneblju, posve druk\u010dijoj kulturi, posve druk\u010dijem dru\u0161tvu, u za mene posve novoj dru\u0161tvenoj ulozi\u2026 Sve je bilo novo. Sve to novo i druk\u010dije nudilo se mome tjelesnome oku kao svojevrsna scenografija; ali u scenografiji se ne mo\u017ee \u017eivjeti.\u201d<\/p>\n\n\n\n<hr class=\"wp-block-separator has-alpha-channel-opacity\"\/>\n\n\n\n<p>Izvori i dodatne obavijesti:<\/p>\n\n\n\n<figure class=\"wp-block-embed is-type-wp-embed is-provider-disput wp-block-embed-disput\"><div class=\"wp-block-embed__wrapper\">\n<blockquote class=\"wp-embedded-content\" data-secret=\"d2E1RbY4Tb\"><a href=\"https:\/\/disput.hr\/predstavljanje-knjige-dore-kinert-bucan-diskretni-sarm-diplomacije\/\">Predstavljanje knjige Dore Kinert Bu\u010dan &#8220;Diskretni \u0161arm diplomacije&#8221;<\/a><\/blockquote><iframe loading=\"lazy\" class=\"wp-embedded-content\" sandbox=\"allow-scripts\" security=\"restricted\" style=\"position: absolute; visibility: hidden;\" title=\"&#8220;Predstavljanje knjige Dore Kinert Bu\u010dan &#8220;Diskretni \u0161arm diplomacije&#8221;&#8221; &#8212; Disput\" src=\"https:\/\/disput.hr\/predstavljanje-knjige-dore-kinert-bucan-diskretni-sarm-diplomacije\/embed\/#?secret=0EdiRyEpji#?secret=d2E1RbY4Tb\" data-secret=\"d2E1RbY4Tb\" width=\"600\" height=\"338\" frameborder=\"0\" marginwidth=\"0\" marginheight=\"0\" scrolling=\"no\"><\/iframe>\n<\/div><\/figure>\n\n\n\n<figure class=\"wp-block-embed is-type-wp-embed is-provider-disput wp-block-embed-disput\"><div class=\"wp-block-embed__wrapper\">\n<blockquote class=\"wp-embedded-content\" data-secret=\"dEDvmn1r4u\"><a href=\"https:\/\/disput.hr\/shop\/diskretni-sarm-diplomacije\/\">DISKRETNI \u0160ARM DIPLOMACIJE<\/a><\/blockquote><iframe loading=\"lazy\" class=\"wp-embedded-content\" sandbox=\"allow-scripts\" security=\"restricted\" style=\"position: absolute; visibility: hidden;\" title=\"&#8220;DISKRETNI \u0160ARM DIPLOMACIJE&#8221; &#8212; Disput\" src=\"https:\/\/disput.hr\/shop\/diskretni-sarm-diplomacije\/embed\/#?secret=Ht3WN9Z4Hc#?secret=dEDvmn1r4u\" data-secret=\"dEDvmn1r4u\" width=\"600\" height=\"338\" frameborder=\"0\" marginwidth=\"0\" marginheight=\"0\" scrolling=\"no\"><\/iframe>\n<\/div><\/figure>\n\n\n\n<hr class=\"wp-block-separator has-alpha-channel-opacity\"\/>\n","protected":false},"excerpt":{"rendered":"","protected":false},"author":2,"featured_media":45550,"comment_status":"open","ping_status":"open","sticky":false,"template":"","format":"standard","meta":{"_acf_changed":false,"jetpack_post_was_ever_published":false,"_jetpack_newsletter_access":"","_jetpack_dont_email_post_to_subs":false,"_jetpack_newsletter_tier_id":0,"_jetpack_memberships_contains_paywalled_content":false,"_jetpack_memberships_contains_paid_content":false,"footnotes":"","jetpack_publicize_message":"","jetpack_publicize_feature_enabled":true,"jetpack_social_post_already_shared":true,"jetpack_social_options":{"image_generator_settings":{"template":"highway","default_image_id":0,"font":"","enabled":false},"version":2}},"categories":[3],"tags":[],"class_list":["post-45549","post","type-post","status-publish","format-standard","has-post-thumbnail","hentry","category-novosti"],"acf":{"facebook_opis":""},"jetpack_publicize_connections":[],"jetpack_featured_media_url":"https:\/\/i0.wp.com\/historiografija.hr\/wp-content\/uploads\/2025\/03\/Dora-Kinert-Bucan_pozivnica.png?fit=1748%2C1240&ssl=1","jetpack_sharing_enabled":true,"jetpack-related-posts":[],"_links":{"self":[{"href":"https:\/\/historiografija.hr\/index.php?rest_route=\/wp\/v2\/posts\/45549","targetHints":{"allow":["GET"]}}],"collection":[{"href":"https:\/\/historiografija.hr\/index.php?rest_route=\/wp\/v2\/posts"}],"about":[{"href":"https:\/\/historiografija.hr\/index.php?rest_route=\/wp\/v2\/types\/post"}],"author":[{"embeddable":true,"href":"https:\/\/historiografija.hr\/index.php?rest_route=\/wp\/v2\/users\/2"}],"replies":[{"embeddable":true,"href":"https:\/\/historiografija.hr\/index.php?rest_route=%2Fwp%2Fv2%2Fcomments&post=45549"}],"version-history":[{"count":1,"href":"https:\/\/historiografija.hr\/index.php?rest_route=\/wp\/v2\/posts\/45549\/revisions"}],"predecessor-version":[{"id":45551,"href":"https:\/\/historiografija.hr\/index.php?rest_route=\/wp\/v2\/posts\/45549\/revisions\/45551"}],"wp:featuredmedia":[{"embeddable":true,"href":"https:\/\/historiografija.hr\/index.php?rest_route=\/wp\/v2\/media\/45550"}],"wp:attachment":[{"href":"https:\/\/historiografija.hr\/index.php?rest_route=%2Fwp%2Fv2%2Fmedia&parent=45549"}],"wp:term":[{"taxonomy":"category","embeddable":true,"href":"https:\/\/historiografija.hr\/index.php?rest_route=%2Fwp%2Fv2%2Fcategories&post=45549"},{"taxonomy":"post_tag","embeddable":true,"href":"https:\/\/historiografija.hr\/index.php?rest_route=%2Fwp%2Fv2%2Ftags&post=45549"}],"curies":[{"name":"wp","href":"https:\/\/api.w.org\/{rel}","templated":true}]}}