{"id":45540,"date":"2025-03-28T16:53:01","date_gmt":"2025-03-28T16:53:01","guid":{"rendered":"https:\/\/historiografija.hr\/?p=45540"},"modified":"2025-03-28T16:53:53","modified_gmt":"2025-03-28T16:53:53","slug":"polemicke-reakcije-na-promocije-knjiga-o-hrvatskom-protukomunistickom-otporu","status":"publish","type":"post","link":"https:\/\/historiografija.hr\/?p=45540","title":{"rendered":"Polemi\u010dke reakcije na promocije knjiga o \u201ehrvatskom protukomunisti\u010dkom otporu\u201c"},"content":{"rendered":"\n<p>Promocije knjiga o \u201ehrvatskom protukomunisti\u010dkom otporu\u201c izazvale su polemi\u010dke reakcije. Tim povodom je Hrvoje Klasi\u0107 objavio polemi\u010dki tekst u medijima dostupan na poveznici u nastavku:<\/p>\n\n\n\n<p><a href=\"https:\/\/www.24sata.hr\/news\/normalizacija-nenormalnog-u-hrvatskoj-postala-je-pravilo-1040074\">https:\/\/www.24sata.hr\/news\/normalizacija-nenormalnog-u-hrvatskoj-postala-je-pravilo-1040074<\/a><\/p>\n\n\n\n<hr class=\"wp-block-separator has-alpha-channel-opacity\"\/>\n","protected":false},"excerpt":{"rendered":"","protected":false},"author":2,"featured_media":45541,"comment_status":"open","ping_status":"open","sticky":false,"template":"","format":"standard","meta":{"_acf_changed":false,"jetpack_post_was_ever_published":false,"_jetpack_newsletter_access":"","_jetpack_dont_email_post_to_subs":false,"_jetpack_newsletter_tier_id":0,"_jetpack_memberships_contains_paywalled_content":false,"_jetpack_memberships_contains_paid_content":false,"footnotes":"","jetpack_publicize_message":"","jetpack_publicize_feature_enabled":true,"jetpack_social_post_already_shared":true,"jetpack_social_options":{"image_generator_settings":{"template":"highway","default_image_id":0,"font":"","enabled":false},"version":2}},"categories":[3,17],"tags":[],"class_list":["post-45540","post","type-post","status-publish","format-standard","has-post-thumbnail","hentry","category-novosti","category-rasprave"],"acf":{"facebook_opis":""},"jetpack_publicize_connections":[],"jetpack_featured_media_url":"https:\/\/i0.wp.com\/historiografija.hr\/wp-content\/uploads\/2025\/03\/Foto_-Pixsell_Profimedia.webp?fit=622%2C350&ssl=1","jetpack_sharing_enabled":true,"jetpack-related-posts":[],"_links":{"self":[{"href":"https:\/\/historiografija.hr\/index.php?rest_route=\/wp\/v2\/posts\/45540","targetHints":{"allow":["GET"]}}],"collection":[{"href":"https:\/\/historiografija.hr\/index.php?rest_route=\/wp\/v2\/posts"}],"about":[{"href":"https:\/\/historiografija.hr\/index.php?rest_route=\/wp\/v2\/types\/post"}],"author":[{"embeddable":true,"href":"https:\/\/historiografija.hr\/index.php?rest_route=\/wp\/v2\/users\/2"}],"replies":[{"embeddable":true,"href":"https:\/\/historiografija.hr\/index.php?rest_route=%2Fwp%2Fv2%2Fcomments&post=45540"}],"version-history":[{"count":4,"href":"https:\/\/historiografija.hr\/index.php?rest_route=\/wp\/v2\/posts\/45540\/revisions"}],"predecessor-version":[{"id":45545,"href":"https:\/\/historiografija.hr\/index.php?rest_route=\/wp\/v2\/posts\/45540\/revisions\/45545"}],"wp:featuredmedia":[{"embeddable":true,"href":"https:\/\/historiografija.hr\/index.php?rest_route=\/wp\/v2\/media\/45541"}],"wp:attachment":[{"href":"https:\/\/historiografija.hr\/index.php?rest_route=%2Fwp%2Fv2%2Fmedia&parent=45540"}],"wp:term":[{"taxonomy":"category","embeddable":true,"href":"https:\/\/historiografija.hr\/index.php?rest_route=%2Fwp%2Fv2%2Fcategories&post=45540"},{"taxonomy":"post_tag","embeddable":true,"href":"https:\/\/historiografija.hr\/index.php?rest_route=%2Fwp%2Fv2%2Ftags&post=45540"}],"curies":[{"name":"wp","href":"https:\/\/api.w.org\/{rel}","templated":true}]}}