{"id":45510,"date":"2025-03-27T18:43:05","date_gmt":"2025-03-27T18:43:05","guid":{"rendered":"https:\/\/historiografija.hr\/?p=45510"},"modified":"2025-03-27T18:43:05","modified_gmt":"2025-03-27T18:43:05","slug":"socioloski-quodlibet-gost-ivan-buric","status":"publish","type":"post","link":"https:\/\/historiografija.hr\/?p=45510","title":{"rendered":"Sociolo\u0161ki quodlibet &#8211; gost: Ivan Buri\u0107"},"content":{"rendered":"\n<p>Utorak, 1. travnja 2025. u 19:00 sati, Mala dvorana Matice hrvatske, Ulica Matice hrvatske 2, Strossmayerov trg 4, Zagreb<\/p>\n\n\n\n<p>Gost: <strong>prof. dr. Ivan Buri\u0107<\/strong>, profesor na Sveu\u010dili\u0161tu u Zagrebu, autor knjige <em>Sociologija hrvatskog dru\u0161tva<\/em>, vlasnik portala <em>sociologija.hr<\/em> i autor brojnih va\u017enih \u010dlanaka o hrvatskome dru\u0161tvu<\/p>\n\n\n\n<p>Odjel za sociologiju Matice hrvatske pokre\u0107e serijal pod naslovom <strong><em>Sociolo\u0161ki quodlibet<\/em>.<\/strong><\/p>\n\n\n\n<p>Lijepa rije\u010d <em>quodlibet<\/em> koristila se na srednjovjekovnim sveu\u010dili\u0161tima za razgovore s predava\u010dem: u zadanom vremenskom okviru gosta predava\u010da moglo se pitati bilo \u0161to. Ta dobra stara tradicija danas se zove intervju, ili jednostavnije \u2013 razgovor. Na\u0161e goste mi, naravno, ne namjeravamo pitati bilo \u0161to, ve\u0107 im \u017eelimo postaviti pitanja iz podru\u010dja u kojima su stru\u010dni, ali ne\u0107emo se suzdr\u017eavati da ih priupitamo, odnosno da ih zamolimo za mi\u0161ljenje i o temama koje su mo\u017eda marginalne za njihov rad, ali koje sve nas zanimaju, u Matici, u Hrvatskoj, u Europi i u svijetu.<\/p>\n\n\n\n<p>Trenutno pro\u017eivljavamo vrlo zanimljive, uzbudljive, takore\u0107i \u201epovijesne\u201c trenutke, zasigurno va\u017ene i u na\u0161im \u017eivotima, i mislimo da bi nam ekspertize i mi\u0161ljenja na\u0161ih poznatih stru\u010dnjaka s podru\u010dja dru\u0161tvenih znanosti mogle pomo\u0107i u orijentaciji i oblikovanju razlo\u017enih o\u010dekivanja ili za dono\u0161enje vlastitih odluka.<\/p>\n\n\n\n<p>U prvome, proljetnom ciklusu <em>Sociolo\u0161kog quodlibeta<\/em> pozvali smo \u010detiri vrsna stru\u010dnjaka u podru\u010djima makroekonomije i mikroekonomije, sociologije hrvatskog dru\u0161tva i socijalnih i vojnih sukoba.<\/p>\n\n\n\n<p>Razgovore u Matici hrvatskoj vodit \u0107e <strong>prof. dr. sc. Darko Pol\u0161ek, <\/strong>pro\u010delnik Odjela za sociologiju Matice hrvatske.<\/p>\n\n\n\n<p>Popis termina susreta i sudionika:<\/p>\n\n\n\n<p>\u2022 <strong>1. travnja u 19 h:<\/strong> <strong>prof. dr. Ivan Buri\u0107<\/strong>, profesor na Sveu\u010dili\u0161tu u Zagrebu, autor knjige <em>Sociologija hrvatskog dru\u0161tva<\/em>, vlasnik portala <em>sociologija.hr<\/em> i autor brojnih va\u017enih \u010dlanaka o hrvatskome dru\u0161tvu.<\/p>\n\n\n\n<p>\u2022 <strong>9. travnja u 18 h:<\/strong> <strong>mr. Velimir \u0160onje<\/strong>, autor knjiga o makroekonomiji, vlasnik konzultantske ku\u0107e Arhivanalitika i portala Ekonomski lab (<em>arhivanalitika.hr<\/em>), i <strong>dr. Vuk Vukovi\u0107<\/strong>, osniva\u010d i vlasnik fonda Oraclum i autor netom objavljene knjige <em>Elite Networks. The Political Economy of Inequality<\/em> (Oxford University Press).<\/p>\n\n\n\n<p>\u2022<strong> 22. travnja u 19 h:<\/strong> <strong>prof. dr. Mirko Biland\u017ei\u0107<\/strong>, profesor na Filozofskom fakultetu u Zagrebu, autor je niza knjiga poput <em>Osnove nacionalne sigurnosti<\/em> i va\u017enih tekstova o me\u0111udr\u017eavnim, internim, nacionalnim i vojnim sukobima, te o terorizmu i \u0161pijuna\u017ei.<\/p>\n\n\n\n<hr class=\"wp-block-separator has-alpha-channel-opacity\"\/>\n\n\n\n<p>Izvor:<\/p>\n\n\n\n<p><a href=\"https:\/\/www.matica.hr\/zbivanja\/socioloski-quodlibet-gost-ivan-buric-4679\">https:\/\/www.matica.hr\/zbivanja\/socioloski-quodlibet-gost-ivan-buric-4679<\/a><\/p>\n\n\n\n<hr class=\"wp-block-separator has-alpha-channel-opacity\"\/>\n","protected":false},"excerpt":{"rendered":"","protected":false},"author":2,"featured_media":3858,"comment_status":"open","ping_status":"open","sticky":false,"template":"","format":"standard","meta":{"_acf_changed":false,"jetpack_post_was_ever_published":false,"_jetpack_newsletter_access":"","_jetpack_dont_email_post_to_subs":false,"_jetpack_newsletter_tier_id":0,"_jetpack_memberships_contains_paywalled_content":false,"_jetpack_memberships_contains_paid_content":false,"footnotes":"","jetpack_publicize_message":"","jetpack_publicize_feature_enabled":true,"jetpack_social_post_already_shared":true,"jetpack_social_options":{"image_generator_settings":{"template":"highway","default_image_id":0,"font":"","enabled":false},"version":2}},"categories":[3],"tags":[],"class_list":["post-45510","post","type-post","status-publish","format-standard","has-post-thumbnail","hentry","category-novosti"],"acf":{"facebook_opis":""},"jetpack_publicize_connections":[],"jetpack_featured_media_url":"https:\/\/i0.wp.com\/historiografija.hr\/wp-content\/uploads\/2017\/04\/MaticaHrvatska_logo.jpg?fit=600%2C400&ssl=1","jetpack_sharing_enabled":true,"jetpack-related-posts":[],"_links":{"self":[{"href":"https:\/\/historiografija.hr\/index.php?rest_route=\/wp\/v2\/posts\/45510","targetHints":{"allow":["GET"]}}],"collection":[{"href":"https:\/\/historiografija.hr\/index.php?rest_route=\/wp\/v2\/posts"}],"about":[{"href":"https:\/\/historiografija.hr\/index.php?rest_route=\/wp\/v2\/types\/post"}],"author":[{"embeddable":true,"href":"https:\/\/historiografija.hr\/index.php?rest_route=\/wp\/v2\/users\/2"}],"replies":[{"embeddable":true,"href":"https:\/\/historiografija.hr\/index.php?rest_route=%2Fwp%2Fv2%2Fcomments&post=45510"}],"version-history":[{"count":1,"href":"https:\/\/historiografija.hr\/index.php?rest_route=\/wp\/v2\/posts\/45510\/revisions"}],"predecessor-version":[{"id":45511,"href":"https:\/\/historiografija.hr\/index.php?rest_route=\/wp\/v2\/posts\/45510\/revisions\/45511"}],"wp:featuredmedia":[{"embeddable":true,"href":"https:\/\/historiografija.hr\/index.php?rest_route=\/wp\/v2\/media\/3858"}],"wp:attachment":[{"href":"https:\/\/historiografija.hr\/index.php?rest_route=%2Fwp%2Fv2%2Fmedia&parent=45510"}],"wp:term":[{"taxonomy":"category","embeddable":true,"href":"https:\/\/historiografija.hr\/index.php?rest_route=%2Fwp%2Fv2%2Fcategories&post=45510"},{"taxonomy":"post_tag","embeddable":true,"href":"https:\/\/historiografija.hr\/index.php?rest_route=%2Fwp%2Fv2%2Ftags&post=45510"}],"curies":[{"name":"wp","href":"https:\/\/api.w.org\/{rel}","templated":true}]}}