{"id":45507,"date":"2025-03-27T18:37:47","date_gmt":"2025-03-27T18:37:47","guid":{"rendered":"https:\/\/historiografija.hr\/?p=45507"},"modified":"2025-03-27T18:37:47","modified_gmt":"2025-03-27T18:37:47","slug":"predavanje-ivana-tranfica-intervjuiranje-radikala-pristup-terenu-eticka-i-refleksivna-pitanja","status":"publish","type":"post","link":"https:\/\/historiografija.hr\/?p=45507","title":{"rendered":"Predavanje Ivana Tranfi\u0107a \u201eIntervjuiranje radikala: pristup terenu, eti\u010dka i refleksivna pitanja\u201c"},"content":{"rendered":"\n<p>HSD Sekcija za kvalitativne metode istra\u017eivanja (SKMI) poziva Vas na predavanje \u2013 \u201eIntervjuiranje radikala: pristup terenu, eti\u010dka i refleksivna pitanja\u201c<\/p>\n\n\n\n<p>Predavanje \u0107e se odr\u017eati u <strong>\u010detvrtak 3. travnja 2025. godine<\/strong>, s po\u010detkom u <strong>18:00 sati na Filozofskom fakultetu Sveu\u010dili\u0161ta u Zagrebu<\/strong> u u\u010dionici A220, na adresi Ivana Lu\u010di\u0107a 3, Zagreb. Predavanju \u0107ete tako\u0111er mo\u0107i pristupiti i <strong>online<\/strong>, preko <a href=\"https:\/\/teams.microsoft.com\/l\/meetup-join\/19%3ameeting_MTU0M2Y2YzctMzI4Ni00MTJjLTk3NDAtNWYxMmY4MDkyOWMz%40thread.v2\/0?context=%7b%22Tid%22%3a%22966177f7-9bc0-476a-8430-5470af760278%22%2c%22Oid%22%3a%228a8440fe-4ed8-449a-810f-8b509ab6d864%22%7d\"><strong>ove poveznice<\/strong><\/a><strong>.\u00a0<\/strong><\/p>\n\n\n\n<p><strong>Sa\u017eetak predavanja:<\/strong><\/p>\n\n\n\n<p>Kako intervjuirati osobe koje su izrazito druga\u010dije od nas, koje zagovaraju radikalno-desne i isklju\u010dive politike? Kako graditi povjerenje sa sudionicima u istra\u017eivanju ako postoji obostrana sumnja ili \u010dak netrpeljivost? Na koji na\u010din adresirati pitanja vrijednosti i pristranosti u takvom istra\u017eivanju? Izlaga\u010d \u0107e se osvrnuti na svoja iskustva provo\u0111enja intervjua s predstavnicima antirodnih, religijskih i radikalno desnih udruga civilnog dru\u0161tva, gra\u0111anskih inicijativa i politi\u010dkih stranaka u Hrvatskoj, Srbiji i Bugarskoj. Poseban naglasak bit \u0107e stavljen na eti\u010dka pitanja, pitanja pozicionalnosti, pristupa terenu i navigiranju razli\u010ditih problema prilikom intervjuiranja desnih radikala.<\/p>\n\n\n\n<p><strong>Biografija:<\/strong><\/p>\n\n\n\n<p>Ivan Tranfi\u0107 radi kao vi\u0161i asistent na Institutu za dru\u0161tvena istra\u017eivanja u Zagrebu. Doktorirao je politi\u010dku znanost i sociologiju na temu antirodnih pokreta u Jugoisto\u010dnoj Europi na Sveu\u010dili\u0161tu Scuola Normale Superiore u Italiji. Prethodno je stekao titulu magistra politologije na Sveu\u010dili\u0161tu u Zagrebu te magistra studija nacionalizma na Srednjoeuropskom sveu\u010dili\u0161tu (CEU). Njegovi istra\u017eiva\u010dki interesi usmjereni su na dru\u0161tvene pokrete, radikalnu desnicu, pitanja roda, religije i politike, kvalitativnu metodologiju te sociologiju znanosti.<\/p>\n\n\n\n<hr class=\"wp-block-separator has-alpha-channel-opacity\"\/>\n\n\n\n<p>Izvor:<\/p>\n\n\n\n<figure class=\"wp-block-embed is-type-wp-embed is-provider-hrvatsko-sociolo-ko-dru-tvo wp-block-embed-hrvatsko-sociolo-ko-dru-tvo\"><div class=\"wp-block-embed__wrapper\">\n<blockquote class=\"wp-embedded-content\" data-secret=\"SSK62SGTyy\"><a href=\"https:\/\/hsd.hr\/2025\/03\/26\/hsd-sekcija-za-kvalitativne-metode-istrazivanja-skmi-poziva-vas-na-predavanje-intervjuiranje-radikala-pristup-terenu-eticka-i-refleksivna-pitanja\/\">HSD Sekcija za kvalitativne metode istra\u017eivanja (SKMI) poziva Vas na predavanje \u2013 \u201eIntervjuiranje radikala: pristup terenu, eti\u010dka i refleksivna pitanja\u201c<\/a><\/blockquote><iframe loading=\"lazy\" class=\"wp-embedded-content\" sandbox=\"allow-scripts\" security=\"restricted\" style=\"position: absolute; visibility: hidden;\" title=\"&#8220;HSD Sekcija za kvalitativne metode istra\u017eivanja (SKMI) poziva Vas na predavanje \u2013 \u201eIntervjuiranje radikala: pristup terenu, eti\u010dka i refleksivna pitanja\u201c&#8221; &#8212; Hrvatsko sociolo\u0161ko dru\u0161tvo\" src=\"https:\/\/hsd.hr\/2025\/03\/26\/hsd-sekcija-za-kvalitativne-metode-istrazivanja-skmi-poziva-vas-na-predavanje-intervjuiranje-radikala-pristup-terenu-eticka-i-refleksivna-pitanja\/embed\/#?secret=HZmNZBLvil#?secret=SSK62SGTyy\" data-secret=\"SSK62SGTyy\" width=\"600\" height=\"338\" frameborder=\"0\" marginwidth=\"0\" marginheight=\"0\" scrolling=\"no\"><\/iframe>\n<\/div><\/figure>\n\n\n\n<hr class=\"wp-block-separator has-alpha-channel-opacity\"\/>\n","protected":false},"excerpt":{"rendered":"","protected":false},"author":2,"featured_media":45508,"comment_status":"open","ping_status":"open","sticky":false,"template":"","format":"standard","meta":{"_acf_changed":false,"jetpack_post_was_ever_published":false,"_jetpack_newsletter_access":"","_jetpack_dont_email_post_to_subs":false,"_jetpack_newsletter_tier_id":0,"_jetpack_memberships_contains_paywalled_content":false,"_jetpack_memberships_contains_paid_content":false,"footnotes":"","jetpack_publicize_message":"","jetpack_publicize_feature_enabled":true,"jetpack_social_post_already_shared":true,"jetpack_social_options":{"image_generator_settings":{"template":"highway","default_image_id":0,"font":"","enabled":false},"version":2}},"categories":[3],"tags":[],"class_list":["post-45507","post","type-post","status-publish","format-standard","has-post-thumbnail","hentry","category-novosti"],"acf":{"facebook_opis":""},"jetpack_publicize_connections":[],"jetpack_featured_media_url":"https:\/\/i0.wp.com\/historiografija.hr\/wp-content\/uploads\/2025\/03\/Predavanje_FFZG.png?fit=940%2C788&ssl=1","jetpack_sharing_enabled":true,"jetpack-related-posts":[],"_links":{"self":[{"href":"https:\/\/historiografija.hr\/index.php?rest_route=\/wp\/v2\/posts\/45507","targetHints":{"allow":["GET"]}}],"collection":[{"href":"https:\/\/historiografija.hr\/index.php?rest_route=\/wp\/v2\/posts"}],"about":[{"href":"https:\/\/historiografija.hr\/index.php?rest_route=\/wp\/v2\/types\/post"}],"author":[{"embeddable":true,"href":"https:\/\/historiografija.hr\/index.php?rest_route=\/wp\/v2\/users\/2"}],"replies":[{"embeddable":true,"href":"https:\/\/historiografija.hr\/index.php?rest_route=%2Fwp%2Fv2%2Fcomments&post=45507"}],"version-history":[{"count":1,"href":"https:\/\/historiografija.hr\/index.php?rest_route=\/wp\/v2\/posts\/45507\/revisions"}],"predecessor-version":[{"id":45509,"href":"https:\/\/historiografija.hr\/index.php?rest_route=\/wp\/v2\/posts\/45507\/revisions\/45509"}],"wp:featuredmedia":[{"embeddable":true,"href":"https:\/\/historiografija.hr\/index.php?rest_route=\/wp\/v2\/media\/45508"}],"wp:attachment":[{"href":"https:\/\/historiografija.hr\/index.php?rest_route=%2Fwp%2Fv2%2Fmedia&parent=45507"}],"wp:term":[{"taxonomy":"category","embeddable":true,"href":"https:\/\/historiografija.hr\/index.php?rest_route=%2Fwp%2Fv2%2Fcategories&post=45507"},{"taxonomy":"post_tag","embeddable":true,"href":"https:\/\/historiografija.hr\/index.php?rest_route=%2Fwp%2Fv2%2Ftags&post=45507"}],"curies":[{"name":"wp","href":"https:\/\/api.w.org\/{rel}","templated":true}]}}