{"id":45493,"date":"2025-03-26T23:25:48","date_gmt":"2025-03-26T23:25:48","guid":{"rendered":"https:\/\/historiografija.hr\/?p=45493"},"modified":"2025-03-26T23:25:48","modified_gmt":"2025-03-26T23:25:48","slug":"tribina-studentska-blokada-2009-generacijski-bunt-ili-sistemska-nuznost","status":"publish","type":"post","link":"https:\/\/historiografija.hr\/?p=45493","title":{"rendered":"Tribina \u201eSTUDENTSKA BLOKADA 2009. \u2013 Generacijski bunt ili sistemska nu\u017enost?\u201c"},"content":{"rendered":"\n<p>U sklopu jubilarne 20. Studentske bioeti\u010dke radionice, Udru\u017eenje studenata filozofije poziva vas na tribinu o jednom od najva\u017enijih studentskih pokreta u novijoj povijesti.<\/p>\n\n\n\n<p>Govornici:<\/p>\n\n\n\n<p>Hrvoje Juri\u0107 (profesor)<\/p>\n\n\n\n<p>Elvina \u0160ehi\u0107 (tajnica pri Odsjeku za filozofiju)<\/p>\n\n\n\n<p>Zdravko Popovi\u0107 (aktivist)<\/p>\n\n\n\n<p>27. o\u017eujka (\u010detvrtak) u 18:30<\/p>\n\n\n\n<p>Znanstveni centar za integrativnu bioetiku, Ivana Lu\u010di\u0107a 1a, Zagreb<\/p>\n\n\n\n<p>Do\u0111ite i sudjelujte u raspravi o naslije\u0111u studentske blokade, njenom zna\u010daju i utjecaju na dana\u0161nje dru\u0161tvene pokrete<\/p>\n\n\n\n<hr class=\"wp-block-separator has-alpha-channel-opacity\"\/>\n\n\n\n<p>Izvor:<\/p>\n\n\n\n<p><a href=\"https:\/\/www.facebook.com\/usf.ffzg\">https:\/\/www.facebook.com\/usf.ffzg<\/a><\/p>\n\n\n\n<hr class=\"wp-block-separator has-alpha-channel-opacity\"\/>\n","protected":false},"excerpt":{"rendered":"","protected":false},"author":2,"featured_media":45494,"comment_status":"open","ping_status":"open","sticky":false,"template":"","format":"standard","meta":{"_acf_changed":false,"jetpack_post_was_ever_published":false,"_jetpack_newsletter_access":"","_jetpack_dont_email_post_to_subs":false,"_jetpack_newsletter_tier_id":0,"_jetpack_memberships_contains_paywalled_content":false,"_jetpack_memberships_contains_paid_content":false,"footnotes":"","jetpack_publicize_message":"","jetpack_publicize_feature_enabled":true,"jetpack_social_post_already_shared":true,"jetpack_social_options":{"image_generator_settings":{"template":"highway","default_image_id":0,"font":"","enabled":false},"version":2}},"categories":[3],"tags":[],"class_list":["post-45493","post","type-post","status-publish","format-standard","has-post-thumbnail","hentry","category-novosti"],"acf":{"facebook_opis":""},"jetpack_publicize_connections":[],"jetpack_featured_media_url":"https:\/\/i0.wp.com\/historiografija.hr\/wp-content\/uploads\/2025\/03\/Blokada.jpg?fit=1440%2C1440&ssl=1","jetpack_sharing_enabled":true,"jetpack-related-posts":[],"_links":{"self":[{"href":"https:\/\/historiografija.hr\/index.php?rest_route=\/wp\/v2\/posts\/45493","targetHints":{"allow":["GET"]}}],"collection":[{"href":"https:\/\/historiografija.hr\/index.php?rest_route=\/wp\/v2\/posts"}],"about":[{"href":"https:\/\/historiografija.hr\/index.php?rest_route=\/wp\/v2\/types\/post"}],"author":[{"embeddable":true,"href":"https:\/\/historiografija.hr\/index.php?rest_route=\/wp\/v2\/users\/2"}],"replies":[{"embeddable":true,"href":"https:\/\/historiografija.hr\/index.php?rest_route=%2Fwp%2Fv2%2Fcomments&post=45493"}],"version-history":[{"count":1,"href":"https:\/\/historiografija.hr\/index.php?rest_route=\/wp\/v2\/posts\/45493\/revisions"}],"predecessor-version":[{"id":45495,"href":"https:\/\/historiografija.hr\/index.php?rest_route=\/wp\/v2\/posts\/45493\/revisions\/45495"}],"wp:featuredmedia":[{"embeddable":true,"href":"https:\/\/historiografija.hr\/index.php?rest_route=\/wp\/v2\/media\/45494"}],"wp:attachment":[{"href":"https:\/\/historiografija.hr\/index.php?rest_route=%2Fwp%2Fv2%2Fmedia&parent=45493"}],"wp:term":[{"taxonomy":"category","embeddable":true,"href":"https:\/\/historiografija.hr\/index.php?rest_route=%2Fwp%2Fv2%2Fcategories&post=45493"},{"taxonomy":"post_tag","embeddable":true,"href":"https:\/\/historiografija.hr\/index.php?rest_route=%2Fwp%2Fv2%2Ftags&post=45493"}],"curies":[{"name":"wp","href":"https:\/\/api.w.org\/{rel}","templated":true}]}}