{"id":45490,"date":"2025-03-26T23:18:49","date_gmt":"2025-03-26T23:18:49","guid":{"rendered":"https:\/\/historiografija.hr\/?p=45490"},"modified":"2025-03-26T23:18:49","modified_gmt":"2025-03-26T23:18:49","slug":"predavanje-vedrana-duancica-znanost-i-tehnologija-u-sumrak-socijalisticke-jugoslavije-u-puli","status":"publish","type":"post","link":"https:\/\/historiografija.hr\/?p=45490","title":{"rendered":"Predavanje Vedrana Duan\u010di\u0107a \u201eZnanost i tehnologija u sumrak socijalisti\u010dke Jugoslavije\u201c u Puli"},"content":{"rendered":"\n<p>U organizaciji CKPIS-a u petak, 28. o\u017eujka 2025., u 12.00 sati na Filozofskom fakultetu u Puli (Negrijeva 6, 1. kat, dvorana 221, povijest\/arheologija) gostuju\u0107e javno predavanje pod naslovom Znanost i tehnologija u sumrak socijalisti\u010dke Jugoslavije odr\u017eat \u0107e dr. sc. Vedran Duan\u010di\u0107 s Odsjeka za dru\u0161tvo, znanje i politiku Sveu\u010dili\u0161ta u Klagenfurtu.<\/p>\n\n\n\n<p>Tijekom osamdesetih godina 20. stolje\u0107a, dok je socijalisti\u010dka Jugoslavija pro\u017eivljavala duboku ekonomsko-politi\u010dku krizu koja je stvarala uvjete za njezin raspad, u javnosti se po\u010delo neobi\u010dno intenzivno raspravljati o kulturnom i dru\u0161tveno-ekonomskom zna\u010daju znanosti i tehnologije. Znanost i tehnologija bile su istovremeno prozivane kao krivci za ekonomsku krizu i prikazivane kao potencijalni spasitelji jugoslavenske ekonomije i dru\u0161tveno-politi\u010dkog sustava. Izlaganje \u0107e se osvrnuti na znanstvenu politiku, me\u0111unarodnu znanstveno-tehni\u010dku suradnju, tehno-optimisti\u010dne (i -pesimisti\u010dne) vizije ekonomskog razvoja Jugoslavije netom prije njezina raspada, kao i njihove ideolo\u0161ko-politi\u010dke implikacije, sve u sklopu potrage za odgovorom na pitanje \u0161to nam (novoga) povijest znanja, znanosti i tehnologije mo\u017ee re\u0107i o posljednjim godinama Jugoslavije.<\/p>\n\n\n\n<p><a href=\"https:\/\/www.aau.at\/en\/sokpol\/team\/duancic-vedran\/\" target=\"_blank\" rel=\"noreferrer noopener\">Vedran Duan\u010di\u0107<\/a> bavi se temama iz intelektualne povijesti i povijesti znanosti, posebice odnosom znanosti i politike. Nakon studija u Zagrebu i Budimpe\u0161ti, doktorirao je na Europskom sveu\u010dili\u0161nom institutu u Firenci. Predaje na Science and Technology Studies programu na Sveu\u010dili\u0161tu u Klagenfurtu i radi na habilitaciji iz povijesti znanosti u socijalisti\u010dkoj Jugoslaviji u globalnoj perspektivi.<\/p>\n\n\n\n<hr class=\"wp-block-separator has-alpha-channel-opacity\"\/>\n\n\n\n<p>Izvor:<\/p>\n\n\n\n<p><a href=\"https:\/\/www.unipu.hr\/ckpis\/obavijesti?@=2fl27#news_107528\">https:\/\/www.unipu.hr\/ckpis\/obavijesti?@=2fl27#news_107528<\/a><\/p>\n\n\n\n<hr class=\"wp-block-separator has-alpha-channel-opacity\"\/>\n","protected":false},"excerpt":{"rendered":"","protected":false},"author":2,"featured_media":45491,"comment_status":"open","ping_status":"open","sticky":false,"template":"","format":"standard","meta":{"_acf_changed":false,"jetpack_post_was_ever_published":false,"_jetpack_newsletter_access":"","_jetpack_dont_email_post_to_subs":false,"_jetpack_newsletter_tier_id":0,"_jetpack_memberships_contains_paywalled_content":false,"_jetpack_memberships_contains_paid_content":false,"footnotes":"","jetpack_publicize_message":"","jetpack_publicize_feature_enabled":true,"jetpack_social_post_already_shared":true,"jetpack_social_options":{"image_generator_settings":{"template":"highway","default_image_id":0,"font":"","enabled":false},"version":2}},"categories":[3],"tags":[],"class_list":["post-45490","post","type-post","status-publish","format-standard","has-post-thumbnail","hentry","category-novosti"],"acf":{"facebook_opis":""},"jetpack_publicize_connections":[],"jetpack_featured_media_url":"https:\/\/i0.wp.com\/historiografija.hr\/wp-content\/uploads\/2025\/03\/Duancic.png?fit=800%2C450&ssl=1","jetpack_sharing_enabled":true,"jetpack-related-posts":[],"_links":{"self":[{"href":"https:\/\/historiografija.hr\/index.php?rest_route=\/wp\/v2\/posts\/45490","targetHints":{"allow":["GET"]}}],"collection":[{"href":"https:\/\/historiografija.hr\/index.php?rest_route=\/wp\/v2\/posts"}],"about":[{"href":"https:\/\/historiografija.hr\/index.php?rest_route=\/wp\/v2\/types\/post"}],"author":[{"embeddable":true,"href":"https:\/\/historiografija.hr\/index.php?rest_route=\/wp\/v2\/users\/2"}],"replies":[{"embeddable":true,"href":"https:\/\/historiografija.hr\/index.php?rest_route=%2Fwp%2Fv2%2Fcomments&post=45490"}],"version-history":[{"count":1,"href":"https:\/\/historiografija.hr\/index.php?rest_route=\/wp\/v2\/posts\/45490\/revisions"}],"predecessor-version":[{"id":45492,"href":"https:\/\/historiografija.hr\/index.php?rest_route=\/wp\/v2\/posts\/45490\/revisions\/45492"}],"wp:featuredmedia":[{"embeddable":true,"href":"https:\/\/historiografija.hr\/index.php?rest_route=\/wp\/v2\/media\/45491"}],"wp:attachment":[{"href":"https:\/\/historiografija.hr\/index.php?rest_route=%2Fwp%2Fv2%2Fmedia&parent=45490"}],"wp:term":[{"taxonomy":"category","embeddable":true,"href":"https:\/\/historiografija.hr\/index.php?rest_route=%2Fwp%2Fv2%2Fcategories&post=45490"},{"taxonomy":"post_tag","embeddable":true,"href":"https:\/\/historiografija.hr\/index.php?rest_route=%2Fwp%2Fv2%2Ftags&post=45490"}],"curies":[{"name":"wp","href":"https:\/\/api.w.org\/{rel}","templated":true}]}}