{"id":45486,"date":"2025-03-26T23:13:49","date_gmt":"2025-03-26T23:13:49","guid":{"rendered":"https:\/\/historiografija.hr\/?p=45486"},"modified":"2025-03-27T09:58:10","modified_gmt":"2025-03-27T09:58:10","slug":"istrakon-2025-predavanje-hrvoja-klasica-zamisli-zivot-bez-ustasa-i-partizana-u-pazinu","status":"publish","type":"post","link":"https:\/\/historiografija.hr\/?p=45486","title":{"rendered":"Istrakon 2025: Predavanje Hrvoja Klasi\u0107a \u201eZamisli \u017eivot bez usta\u0161a i partizana\u201c\u00a0 u Pazinu"},"content":{"rendered":"\n<p>Predavanje Hrvoja Klasi\u0107a \u201eZamisli \u017eivot bez usta\u0161a i partizana\u201c bit \u0107e odr\u017eano u petak, 4. travnja 2025. u 19 sati u Spomen-domu u Pazinu u sklopu Istrakona 2025.<\/p>\n\n\n\n<p>\u201cIako povjesni\u010dari ne mogu putovati kroz vrijeme, pa samim time ni mijenjati pro\u0161lost, ono \u0161to mogu je razmi\u0161ljati kako bi izgledala pro\u0161lost da se neki doga\u0111aji nisu dogodili. Jedan od doga\u0111aja koji u tom smislu intrigiraju je dr\u017eavni udar u Kraljevini Jugoslaviji proveden 27. o\u017eujka 1941. \u0160to bi bilo da demonstranti toga dana nisu preplavili ulice Beograda parolama \u201eBolje rat nego pakt\u201c i \u201eBolje grob nego rob\u201c? Na koji bi na\u010din gra\u0111ani Jugoslavije osjetili Drugi svjetski rat? Mo\u017eemo li zamisliti pro\u0161lost bez NDH, usta\u0161kog re\u017eima i genocida, ali i bez partizanskog pokreta predvo\u0111enog komunistima? Tko bi vladao Jugoslavijom nakon rata? Zamislimo pro\u0161lost u kojoj su Josip Broz Tito i Franjo Tu\u0111man nepoznate i nebitne li\u010dnosti, pro\u0161lost bez Bleiburga, Golog otoka, Hrvatskog prolje\u0107a i Domovinskog rata.<\/p>\n\n\n\n<p>Do\u0111ite i poslu\u0161ajte \u0161to sve mo\u017eemo zamisliti da su umjesto na ulici ljudi taj 27. o\u017eujak 1941. odlu\u010dili provesti u svojim domovima.&nbsp;&nbsp;&nbsp;<\/p>\n\n\n\n<p>Hrvoje Klasi\u0107 izvanredni je profesor na Filozofskom fakultetu Sveu\u010dili\u0161ta u Zagrebu. Strastveni je komunikator povijesti, rje\u010dit, zanimljiv i neumoran. \u010cesto izlo\u017een napadima konzervativnih medija, stalo\u017eena duha istra\u017euje i predstavlja povijest na\u0161ih prostora, prvenstveno 20. stolje\u0107a. Voditelj je vlastite emisije \u201cKontrapovijest\u201d na VIDA kanalu.\u201d<\/p>\n\n\n\n<hr class=\"wp-block-separator has-alpha-channel-opacity\"\/>\n\n\n\n<p>Izvor:<\/p>\n\n\n\n<figure class=\"wp-block-embed is-type-wp-embed is-provider-albus wp-block-embed-albus\"><div class=\"wp-block-embed__wrapper\">\n<blockquote class=\"wp-embedded-content\" data-secret=\"zwsqcgxENz\"><a href=\"https:\/\/albus.hr\/2025\/03\/23\/zamisli-zivot-bez-ustasa-i-partizana\/\">Zamisli \u017eivot bez usta\u0161a i partizana<\/a><\/blockquote><iframe loading=\"lazy\" class=\"wp-embedded-content\" sandbox=\"allow-scripts\" security=\"restricted\" style=\"position: absolute; visibility: hidden;\" title=\"&#8220;Zamisli \u017eivot bez usta\u0161a i partizana&#8221; &#8212; Albus\" src=\"https:\/\/albus.hr\/2025\/03\/23\/zamisli-zivot-bez-ustasa-i-partizana\/embed\/#?secret=Qc7eu2zKVa#?secret=zwsqcgxENz\" data-secret=\"zwsqcgxENz\" width=\"600\" height=\"338\" frameborder=\"0\" marginwidth=\"0\" marginheight=\"0\" scrolling=\"no\"><\/iframe>\n<\/div><\/figure>\n\n\n\n<figure class=\"wp-block-embed is-type-wp-embed is-provider-albus wp-block-embed-albus\"><div class=\"wp-block-embed__wrapper\">\n<blockquote class=\"wp-embedded-content\" data-secret=\"zvuLsK9QGL\"><a href=\"https:\/\/albus.hr\/istrakon2025\/\">Istrakon 2025<\/a><\/blockquote><iframe loading=\"lazy\" class=\"wp-embedded-content\" sandbox=\"allow-scripts\" security=\"restricted\" style=\"position: absolute; visibility: hidden;\" title=\"&#8220;Istrakon 2025&#8221; &#8212; Albus\" src=\"https:\/\/albus.hr\/istrakon2025\/embed\/#?secret=uanQXoEKqe#?secret=zvuLsK9QGL\" data-secret=\"zvuLsK9QGL\" width=\"600\" height=\"338\" frameborder=\"0\" marginwidth=\"0\" marginheight=\"0\" scrolling=\"no\"><\/iframe>\n<\/div><\/figure>\n\n\n\n<hr class=\"wp-block-separator has-alpha-channel-opacity\"\/>\n\n\n\n<p><\/p>\n","protected":false},"excerpt":{"rendered":"","protected":false},"author":2,"featured_media":45487,"comment_status":"open","ping_status":"open","sticky":false,"template":"","format":"standard","meta":{"_acf_changed":false,"jetpack_post_was_ever_published":false,"_jetpack_newsletter_access":"","_jetpack_dont_email_post_to_subs":false,"_jetpack_newsletter_tier_id":0,"_jetpack_memberships_contains_paywalled_content":false,"_jetpack_memberships_contains_paid_content":false,"footnotes":"","jetpack_publicize_message":"","jetpack_publicize_feature_enabled":true,"jetpack_social_post_already_shared":true,"jetpack_social_options":{"image_generator_settings":{"template":"highway","default_image_id":0,"font":"","enabled":false},"version":2}},"categories":[3],"tags":[],"class_list":["post-45486","post","type-post","status-publish","format-standard","has-post-thumbnail","hentry","category-novosti"],"acf":{"facebook_opis":""},"jetpack_publicize_connections":[],"jetpack_featured_media_url":"https:\/\/i0.wp.com\/historiografija.hr\/wp-content\/uploads\/2025\/03\/Klasic.jpg?fit=957%2C990&ssl=1","jetpack_sharing_enabled":true,"jetpack-related-posts":[],"_links":{"self":[{"href":"https:\/\/historiografija.hr\/index.php?rest_route=\/wp\/v2\/posts\/45486","targetHints":{"allow":["GET"]}}],"collection":[{"href":"https:\/\/historiografija.hr\/index.php?rest_route=\/wp\/v2\/posts"}],"about":[{"href":"https:\/\/historiografija.hr\/index.php?rest_route=\/wp\/v2\/types\/post"}],"author":[{"embeddable":true,"href":"https:\/\/historiografija.hr\/index.php?rest_route=\/wp\/v2\/users\/2"}],"replies":[{"embeddable":true,"href":"https:\/\/historiografija.hr\/index.php?rest_route=%2Fwp%2Fv2%2Fcomments&post=45486"}],"version-history":[{"count":6,"href":"https:\/\/historiografija.hr\/index.php?rest_route=\/wp\/v2\/posts\/45486\/revisions"}],"predecessor-version":[{"id":45500,"href":"https:\/\/historiografija.hr\/index.php?rest_route=\/wp\/v2\/posts\/45486\/revisions\/45500"}],"wp:featuredmedia":[{"embeddable":true,"href":"https:\/\/historiografija.hr\/index.php?rest_route=\/wp\/v2\/media\/45487"}],"wp:attachment":[{"href":"https:\/\/historiografija.hr\/index.php?rest_route=%2Fwp%2Fv2%2Fmedia&parent=45486"}],"wp:term":[{"taxonomy":"category","embeddable":true,"href":"https:\/\/historiografija.hr\/index.php?rest_route=%2Fwp%2Fv2%2Fcategories&post=45486"},{"taxonomy":"post_tag","embeddable":true,"href":"https:\/\/historiografija.hr\/index.php?rest_route=%2Fwp%2Fv2%2Ftags&post=45486"}],"curies":[{"name":"wp","href":"https:\/\/api.w.org\/{rel}","templated":true}]}}