{"id":45483,"date":"2025-03-26T22:54:44","date_gmt":"2025-03-26T22:54:44","guid":{"rendered":"https:\/\/historiografija.hr\/?p=45483"},"modified":"2025-03-26T22:54:44","modified_gmt":"2025-03-26T22:54:44","slug":"predstavljanje-knjige-vjerana-kursara-hrvatski-levantinci-u-osmanskom-istanbulu-u-zagrebu","status":"publish","type":"post","link":"https:\/\/historiografija.hr\/?p=45483","title":{"rendered":"Predstavljanje knjige Vjerana Kursara \u201eHrvatski Levantinci u osmanskom Istanbulu\u201c u Zagrebu"},"content":{"rendered":"\n<p>Pozivamo vas na predstavljanje knjige Vjerana Kursara \u201eHrvatski Levantinci u osmanskom Istanbulu\u201c, koje \u0107e se odr\u017eati u ponedjeljak 31. o\u017eujka 2025. u Knji\u017enici i \u010ditaonici Bogdana Ogrizovi\u0107a, Preradovi\u0107eva ulica 5, s po\u010detkom u 18 sati.<\/p>\n\n\n\n<p>U predstavljanju \u0107e sudjelovati Damir Agi\u010di\u0107, Vjeran Kursar, Kornelija Jurin Star\u010devi\u0107, Filip \u0160imetin \u0160egvi\u0107.<\/p>\n\n\n\n<hr class=\"wp-block-separator has-alpha-channel-opacity\"\/>\n\n\n\n<p>Izvor:<\/p>\n\n\n\n<figure class=\"wp-block-embed is-type-wp-embed is-provider-srednja-europa wp-block-embed-srednja-europa\"><div class=\"wp-block-embed__wrapper\">\n<blockquote class=\"wp-embedded-content\" data-secret=\"qQGiJhlMnV\"><a href=\"https:\/\/srednja-europa.hr\/dogadaji\/poziv-na-predstavljanje-knjige-hrvatski-levantinci-u-osmanskom-istanbulu\/\">POZIV NA PREDSTAVLJANJE KNJIGE Hrvatski Levantinci u osmanskom Istanbulu<\/a><\/blockquote><iframe loading=\"lazy\" class=\"wp-embedded-content\" sandbox=\"allow-scripts\" security=\"restricted\" style=\"position: absolute; visibility: hidden;\" title=\"&#8220;POZIV NA PREDSTAVLJANJE KNJIGE Hrvatski Levantinci u osmanskom Istanbulu&#8221; &#8212; Srednja Europa\" src=\"https:\/\/srednja-europa.hr\/dogadaji\/poziv-na-predstavljanje-knjige-hrvatski-levantinci-u-osmanskom-istanbulu\/embed\/#?secret=qQGiJhlMnV\" data-secret=\"qQGiJhlMnV\" width=\"600\" height=\"338\" frameborder=\"0\" marginwidth=\"0\" marginheight=\"0\" scrolling=\"no\"><\/iframe>\n<\/div><\/figure>\n\n\n\n<hr class=\"wp-block-separator has-alpha-channel-opacity\"\/>\n","protected":false},"excerpt":{"rendered":"","protected":false},"author":2,"featured_media":45484,"comment_status":"open","ping_status":"open","sticky":false,"template":"","format":"standard","meta":{"_acf_changed":false,"jetpack_post_was_ever_published":false,"_jetpack_newsletter_access":"","_jetpack_dont_email_post_to_subs":false,"_jetpack_newsletter_tier_id":0,"_jetpack_memberships_contains_paywalled_content":false,"_jetpack_memberships_contains_paid_content":false,"footnotes":"","jetpack_publicize_message":"","jetpack_publicize_feature_enabled":true,"jetpack_social_post_already_shared":true,"jetpack_social_options":{"image_generator_settings":{"template":"highway","default_image_id":0,"font":"","enabled":false},"version":2}},"categories":[3],"tags":[],"class_list":["post-45483","post","type-post","status-publish","format-standard","has-post-thumbnail","hentry","category-novosti"],"acf":{"facebook_opis":""},"jetpack_publicize_connections":[],"jetpack_featured_media_url":"https:\/\/i0.wp.com\/historiografija.hr\/wp-content\/uploads\/2025\/03\/Pozivnice-Srednja-Europa-Hrvatski-Levantinci.webp?fit=2000%2C943&ssl=1","jetpack_sharing_enabled":true,"jetpack-related-posts":[],"_links":{"self":[{"href":"https:\/\/historiografija.hr\/index.php?rest_route=\/wp\/v2\/posts\/45483","targetHints":{"allow":["GET"]}}],"collection":[{"href":"https:\/\/historiografija.hr\/index.php?rest_route=\/wp\/v2\/posts"}],"about":[{"href":"https:\/\/historiografija.hr\/index.php?rest_route=\/wp\/v2\/types\/post"}],"author":[{"embeddable":true,"href":"https:\/\/historiografija.hr\/index.php?rest_route=\/wp\/v2\/users\/2"}],"replies":[{"embeddable":true,"href":"https:\/\/historiografija.hr\/index.php?rest_route=%2Fwp%2Fv2%2Fcomments&post=45483"}],"version-history":[{"count":1,"href":"https:\/\/historiografija.hr\/index.php?rest_route=\/wp\/v2\/posts\/45483\/revisions"}],"predecessor-version":[{"id":45485,"href":"https:\/\/historiografija.hr\/index.php?rest_route=\/wp\/v2\/posts\/45483\/revisions\/45485"}],"wp:featuredmedia":[{"embeddable":true,"href":"https:\/\/historiografija.hr\/index.php?rest_route=\/wp\/v2\/media\/45484"}],"wp:attachment":[{"href":"https:\/\/historiografija.hr\/index.php?rest_route=%2Fwp%2Fv2%2Fmedia&parent=45483"}],"wp:term":[{"taxonomy":"category","embeddable":true,"href":"https:\/\/historiografija.hr\/index.php?rest_route=%2Fwp%2Fv2%2Fcategories&post=45483"},{"taxonomy":"post_tag","embeddable":true,"href":"https:\/\/historiografija.hr\/index.php?rest_route=%2Fwp%2Fv2%2Ftags&post=45483"}],"curies":[{"name":"wp","href":"https:\/\/api.w.org\/{rel}","templated":true}]}}