{"id":45480,"date":"2025-03-26T22:48:04","date_gmt":"2025-03-26T22:48:04","guid":{"rendered":"https:\/\/historiografija.hr\/?p=45480"},"modified":"2025-03-26T22:48:04","modified_gmt":"2025-03-26T22:48:04","slug":"znanstveni-skup-colloquia-graeca-i-anticka-grcka-izazov-povijesnoga-nasljeda","status":"publish","type":"post","link":"https:\/\/historiografija.hr\/?p=45480","title":{"rendered":"Znanstveni skup Colloquia Graeca I: Anti\u010dka Gr\u010dka \u2013 Izazov povijesnoga naslje\u0111a"},"content":{"rendered":"\n<p>U \u010detvrtak i petak <strong>27. i 28. o\u017eujka u Konferencijskoj dvorani<\/strong> <strong>Knji\u017enice<\/strong> Filozofskog fakulteta odr\u017eat \u0107e se skup Colloquia Graeca&nbsp;s temom <em>Anti\u010dka Gr\u010dka \u2013 Izazov povijesnog naslje\u0111a.<\/em>&nbsp;Skup zajedni\u010dki organiziraju Odsjek za klasi\u010dnu filologiju i Odsjek za filozofiju, a odr\u017eava se pod pokroviteljstvom Veleposlanstva Helenske Republike u Republici Hrvatskoj.<\/p>\n\n\n\n<p><strong><a href=\"https:\/\/www.ffzg.unizg.hr\/klafil\/wp-content\/uploads\/2025\/03\/Colloquia-Graeca-I-program-final.pdf\">Program skupa<\/a><\/strong><\/p>\n\n\n\n<hr class=\"wp-block-separator has-alpha-channel-opacity\"\/>\n\n\n\n<p>Izvor:<\/p>\n\n\n\n<figure class=\"wp-block-embed is-type-wp-embed is-provider-odsjek-za-klasi-nu-filologiju-institutum-philologiae-classicae wp-block-embed-odsjek-za-klasi-nu-filologiju-institutum-philologiae-classicae\"><div class=\"wp-block-embed__wrapper\">\n<blockquote class=\"wp-embedded-content\" data-secret=\"DDMzI6GBoU\"><a href=\"http:\/\/www.ffzg.unizg.hr\/klafil\/skup-colloquia-graeca\/\">Skup Colloquia Graeca<\/a><\/blockquote><iframe loading=\"lazy\" class=\"wp-embedded-content\" sandbox=\"allow-scripts\" security=\"restricted\" style=\"position: absolute; visibility: hidden;\" title=\"&#8220;Skup Colloquia Graeca&#8221; &#8212; Odsjek za klasi\u010dnu filologiju \/ Institutum philologiae classicae\" src=\"http:\/\/www.ffzg.unizg.hr\/klafil\/skup-colloquia-graeca\/embed\/#?secret=DDMzI6GBoU\" data-secret=\"DDMzI6GBoU\" width=\"600\" height=\"338\" frameborder=\"0\" marginwidth=\"0\" marginheight=\"0\" scrolling=\"no\"><\/iframe>\n<\/div><\/figure>\n\n\n\n<hr class=\"wp-block-separator has-alpha-channel-opacity\"\/>\n","protected":false},"excerpt":{"rendered":"","protected":false},"author":2,"featured_media":45481,"comment_status":"open","ping_status":"open","sticky":false,"template":"","format":"standard","meta":{"_acf_changed":false,"jetpack_post_was_ever_published":false,"_jetpack_newsletter_access":"","_jetpack_dont_email_post_to_subs":false,"_jetpack_newsletter_tier_id":0,"_jetpack_memberships_contains_paywalled_content":false,"_jetpack_memberships_contains_paid_content":false,"footnotes":"","jetpack_publicize_message":"","jetpack_publicize_feature_enabled":true,"jetpack_social_post_already_shared":true,"jetpack_social_options":{"image_generator_settings":{"template":"highway","default_image_id":0,"font":"","enabled":false},"version":2}},"categories":[3,9],"tags":[],"class_list":["post-45480","post","type-post","status-publish","format-standard","has-post-thumbnail","hentry","category-novosti","category-skupovi"],"acf":{"facebook_opis":""},"jetpack_publicize_connections":[],"jetpack_featured_media_url":"https:\/\/i0.wp.com\/historiografija.hr\/wp-content\/uploads\/2025\/03\/Colloquia-Graeca-I-plakat.jpg?fit=768%2C1082&ssl=1","jetpack_sharing_enabled":true,"jetpack-related-posts":[],"_links":{"self":[{"href":"https:\/\/historiografija.hr\/index.php?rest_route=\/wp\/v2\/posts\/45480","targetHints":{"allow":["GET"]}}],"collection":[{"href":"https:\/\/historiografija.hr\/index.php?rest_route=\/wp\/v2\/posts"}],"about":[{"href":"https:\/\/historiografija.hr\/index.php?rest_route=\/wp\/v2\/types\/post"}],"author":[{"embeddable":true,"href":"https:\/\/historiografija.hr\/index.php?rest_route=\/wp\/v2\/users\/2"}],"replies":[{"embeddable":true,"href":"https:\/\/historiografija.hr\/index.php?rest_route=%2Fwp%2Fv2%2Fcomments&post=45480"}],"version-history":[{"count":1,"href":"https:\/\/historiografija.hr\/index.php?rest_route=\/wp\/v2\/posts\/45480\/revisions"}],"predecessor-version":[{"id":45482,"href":"https:\/\/historiografija.hr\/index.php?rest_route=\/wp\/v2\/posts\/45480\/revisions\/45482"}],"wp:featuredmedia":[{"embeddable":true,"href":"https:\/\/historiografija.hr\/index.php?rest_route=\/wp\/v2\/media\/45481"}],"wp:attachment":[{"href":"https:\/\/historiografija.hr\/index.php?rest_route=%2Fwp%2Fv2%2Fmedia&parent=45480"}],"wp:term":[{"taxonomy":"category","embeddable":true,"href":"https:\/\/historiografija.hr\/index.php?rest_route=%2Fwp%2Fv2%2Fcategories&post=45480"},{"taxonomy":"post_tag","embeddable":true,"href":"https:\/\/historiografija.hr\/index.php?rest_route=%2Fwp%2Fv2%2Ftags&post=45480"}],"curies":[{"name":"wp","href":"https:\/\/api.w.org\/{rel}","templated":true}]}}