{"id":45469,"date":"2025-03-25T22:35:35","date_gmt":"2025-03-25T22:35:35","guid":{"rendered":"https:\/\/historiografija.hr\/?p=45469"},"modified":"2025-03-25T22:35:35","modified_gmt":"2025-03-25T22:35:35","slug":"predstavljanje-izvjestaja-o-implementaciji-mehanizama-tranzicijske-pravde-u-hrvatskoj","status":"publish","type":"post","link":"https:\/\/historiografija.hr\/?p=45469","title":{"rendered":"Predstavljanje izvje\u0161taja o implementaciji mehanizama tranzicijske pravde u Hrvatskoj"},"content":{"rendered":"\n<p>Inicijativa mladih za ljudska prava Hrvatska (YIHR) srda\u010dno vas poziva na predstavljanje na\u0161eg <strong>godi\u0161njeg izvje\u0161taja o implementaciji mehanizama tranzicijske pravde u Hrvatskoj <\/strong>koje \u0107e se odr\u017eati <strong>online preko Zoom-a, 27.3, s po\u010detkom u 18:00h.&nbsp;<\/strong><\/p>\n\n\n\n<p><strong><a href=\"https:\/\/us06web.zoom.us\/meeting\/register\/IXTuJ9twQZmmvPx0bWz1VQ\">Registrirati se mo\u017eete putem ovog linka<\/a>!<\/strong><\/p>\n\n\n\n<p>Tijekom predstavljanja <a href=\"https:\/\/www.yihr.hr\/system\/publication\/document\/72\/Izvjes%CC%8Ctaj_o_implementaciji_procesa_tranzicijske_pravde_u_Hrvatskoj_-_2024.pdf\">Izvje\u0161taja o implementaciji procesa tranzicijske pravde u Hrvatskoj \u2013 2024.<\/a>, analizirat \u0107e se klju\u010dni nalazi istra\u017eivanja i otvoriti diskusija o izazovima i nedostacima u suo\u010davanju s pro\u0161lo\u0161\u0107u u Hrvatskoj, ali i regiji. Izme\u0111u ostalog, razgovarat \u0107e se o:<\/p>\n\n\n\n<p><strong>Metodologiji pra\u0107enja implementacije mehanizama tranzicijske pravde <\/strong>&#8211; u Hrvatskoj i mogu\u0107nosti primjene u ostatku regije.<\/p>\n\n\n\n<p><strong>Selektivnom procesuiranju ratnih zlo\u010dina i rehabilitacija osu\u0111enih pojedinaca<\/strong> \u2013 Koliko su hrvatske institucije dosljedne u procesuiranju ratnih zlo\u010dina i za\u0161to se osu\u0111eni pojedinci \u010desto glorificiraju u javnom i politi\u010dkom \u017eivotu?<\/p>\n\n\n\n<p><strong>Povijesnom revizionizmu i utjecaju politi\u010dkih narativa na suo\u010davanje s pro\u0161lo\u0161\u0107u<\/strong> \u2013 Kako dominantni narativi utje\u010du na percepciju o ratovima tijekom 1990ih, ratnim zlo\u010dinima, ali i dru\u0161tvenom oporavku te za\u0161to je glorifikacija osu\u0111enika za ratne zlo\u010dine i relativizacija zlo\u010dina i dalje prisutna u politi\u010dkom diskursu?<\/p>\n\n\n\n<p><strong>Institucionalnim preprekama u potrazi za nestalima<\/strong> \u2013 Za\u0161to je proces pronalaska nestalih osoba i dalje spor, politiziran i optere\u0107en nedostatkom transparentnosti i suradnje? Za\u0161to se ne razgovara o pronalasku nestalih hrvatskih \u017ertava u Bosni i Hercegovini?<\/p>\n\n\n\n<p><strong>Marginalizaciji i diskriminaciji \u017ertava srpske i bo\u0161nja\u010dke nacionalnosti te neadekvatnoj brizi institucija prema civilnim \u017ertvama op\u0107enito<\/strong> \u2013 Kako se trenutnim (selektivnim) pristupom komemoracijama i reparacijama oblikuje slu\u017ebeni odnos prema pro\u0161losti?<\/p>\n\n\n\n<p>Na predstavljanju \u0107e govoriti autorica izvje\u0161taja <strong>Margareta Bla\u017eevi\u0107 <\/strong>te \u010dlanice istra\u017eiva\u010dkog tima <strong>Nika Vickovi\u0107<\/strong> i <strong>Tita Mikula\u0161<\/strong>. Osim na predstavljanje, pozivamo vas da nam se pridru\u017eite i u&nbsp; diskusiji i zajedni\u010dkom promi\u0161ljanju o budu\u0107im koracima ka ja\u010danju tranzicijske pravde u Hrvatskoj i regiji. Razgovor s autoricama i istra\u017eiva\u010dicama te planiranu diskusiju moderirat \u0107e <strong>Senna \u0160imek<\/strong>, direktorica Inicijative mladih za ljudska prava.<\/p>\n\n\n\n<p>Radujemo se va\u0161em dolasku!<\/p>\n\n\n\n<p>Financirano sredstvima Europske unije. Izneseni stavovi i mi\u0161ljenja su stavovi i mi\u0161ljenja autora i ne moraju se podudarati sa stavovima i mi\u0161ljenjima Europske unije ili Europske izvr\u0161ne agencije za obrazovanje i kulturu (EACEA). Ni Europska unija ni EACEA ne mogu se smatrati odgovornima za njih.&nbsp;<\/p>\n\n\n\n<p>Program Impact4Values sufinancira Ured za udruge Vlade Republike Hrvatske.<\/p>\n\n\n\n<hr class=\"wp-block-separator has-alpha-channel-opacity\"\/>\n\n\n\n<p>Izvor:<\/p>\n\n\n\n<p><a href=\"https:\/\/www.yihr.hr\/hr\/poziv-na-predstavljanje-izvjestaja-o-implementaciji-mehanizama-tranzicijske-pravde-u-hrvatskoj\">https:\/\/www.yihr.hr\/hr\/poziv-na-predstavljanje-izvjestaja-o-implementaciji-mehanizama-tranzicijske-pravde-u-hrvatskoj<\/a><\/p>\n\n\n\n<hr class=\"wp-block-separator has-alpha-channel-opacity\"\/>\n","protected":false},"excerpt":{"rendered":"","protected":false},"author":2,"featured_media":45470,"comment_status":"open","ping_status":"open","sticky":false,"template":"","format":"standard","meta":{"_acf_changed":false,"jetpack_post_was_ever_published":false,"_jetpack_newsletter_access":"","_jetpack_dont_email_post_to_subs":false,"_jetpack_newsletter_tier_id":0,"_jetpack_memberships_contains_paywalled_content":false,"_jetpack_memberships_contains_paid_content":false,"footnotes":"","jetpack_publicize_message":"","jetpack_publicize_feature_enabled":true,"jetpack_social_post_already_shared":true,"jetpack_social_options":{"image_generator_settings":{"template":"highway","default_image_id":0,"font":"","enabled":false},"version":2}},"categories":[3],"tags":[],"class_list":["post-45469","post","type-post","status-publish","format-standard","has-post-thumbnail","hentry","category-novosti"],"acf":{"facebook_opis":""},"jetpack_publicize_connections":[],"jetpack_featured_media_url":"https:\/\/i0.wp.com\/historiografija.hr\/wp-content\/uploads\/2025\/03\/Inicijativa_predstavljanje.png?fit=1166%2C590&ssl=1","jetpack_sharing_enabled":true,"jetpack-related-posts":[],"_links":{"self":[{"href":"https:\/\/historiografija.hr\/index.php?rest_route=\/wp\/v2\/posts\/45469","targetHints":{"allow":["GET"]}}],"collection":[{"href":"https:\/\/historiografija.hr\/index.php?rest_route=\/wp\/v2\/posts"}],"about":[{"href":"https:\/\/historiografija.hr\/index.php?rest_route=\/wp\/v2\/types\/post"}],"author":[{"embeddable":true,"href":"https:\/\/historiografija.hr\/index.php?rest_route=\/wp\/v2\/users\/2"}],"replies":[{"embeddable":true,"href":"https:\/\/historiografija.hr\/index.php?rest_route=%2Fwp%2Fv2%2Fcomments&post=45469"}],"version-history":[{"count":1,"href":"https:\/\/historiografija.hr\/index.php?rest_route=\/wp\/v2\/posts\/45469\/revisions"}],"predecessor-version":[{"id":45471,"href":"https:\/\/historiografija.hr\/index.php?rest_route=\/wp\/v2\/posts\/45469\/revisions\/45471"}],"wp:featuredmedia":[{"embeddable":true,"href":"https:\/\/historiografija.hr\/index.php?rest_route=\/wp\/v2\/media\/45470"}],"wp:attachment":[{"href":"https:\/\/historiografija.hr\/index.php?rest_route=%2Fwp%2Fv2%2Fmedia&parent=45469"}],"wp:term":[{"taxonomy":"category","embeddable":true,"href":"https:\/\/historiografija.hr\/index.php?rest_route=%2Fwp%2Fv2%2Fcategories&post=45469"},{"taxonomy":"post_tag","embeddable":true,"href":"https:\/\/historiografija.hr\/index.php?rest_route=%2Fwp%2Fv2%2Ftags&post=45469"}],"curies":[{"name":"wp","href":"https:\/\/api.w.org\/{rel}","templated":true}]}}