{"id":45459,"date":"2025-03-25T22:08:23","date_gmt":"2025-03-25T22:08:23","guid":{"rendered":"https:\/\/historiografija.hr\/?p=45459"},"modified":"2026-02-20T22:17:09","modified_gmt":"2026-02-20T22:17:09","slug":"nadilazenje-nacionalne-paradigme-od-historiografskog-nacionalizma-do-transnacionalnih-pristupa","status":"publish","type":"post","link":"https:\/\/historiografija.hr\/?p=45459","title":{"rendered":"Nadila\u017eenje nacionalne paradigme. Od historiografskog nacionalizma do transnacionalnih pristupa"},"content":{"rendered":"\n<p>Zbornik radova koji su uredili Branimir Jankovi\u0107 i Nikola Toma\u0161egovi\u0107 predstavlja nove pristupe u studijima nacija i nacionalizma koji preispituju prevladavaju\u0107a mi\u0161ljenja o etni\u010dkim i nacionalnim identifikacijama. Nasuprot tome, radovi zagovaraju koncepte poput nacionalne ravnodu\u0161nosti i ukazuju na svepro\u017eimni odnos emocija i nacionalizma, kao i sveprisutni svakodnevni nacionalizam. Zbornik donosi i radove koji upu\u0107uju kritiku problemati\u010dnoj vezi historiografije i nacionalizma, kako u vidu historiografskog nacionalizma, tako i metodolo\u0161kog nacionalizma. Pritom promi\u010du alternativne transnacionalne pristupe koji streme nadila\u017eenju nacionalne paradigme i dovo\u0111enju u pitanje njezine dominacije. Zbornik polazi od pretpostavke da bismo trebali osvijestiti prisutnost nacionalne paradigme u historiografiji, prestati uzimati zdravo za gotovo nacionalne kategorije koje se neprestano koriste \u2013 poput etni\u010dkih sukoba i nacionalnog identiteta \u2013 te iz temelja promijeniti na\u010dine na koje govorimo o povijesti.<\/p>\n\n\n\n<p>Branimir Jankovi\u0107 i Nikola Toma\u0161egovi\u0107 su nastavnici na Odsjeku za povijest Filozofskog fakulteta Sveu\u010dili\u0161ta u Zagrebu. U svom se nastavnom i znanstvenom radu bave teorijom i historijom historiografije, intelektualnom historijom i studijama nacija i nacionalizma.<\/p>\n\n\n\n<hr class=\"wp-block-separator has-alpha-channel-opacity\"\/>\n\n\n\n<p>SADR\u017dAJ<\/p>\n\n\n\n<p><strong>Branimir Jankovi\u0107, Nikola Toma\u0161egovi\u0107<\/strong><\/p>\n\n\n\n<p>Historiografija i nacionalizam: kritika historiografskog nacionalizma i metodolo\u0161ke alternative<\/p>\n\n\n\n<p>STUDIJE NACIONALIZMA \u2013 NOVA TEORIJSKA PROMI\u0160LJANJA<\/p>\n\n\n\n<p><strong>Lloyd S. Kramer<\/strong><\/p>\n\n\n\n<p>Historijske pripovijesti i zna\u010denje nacionalizma<\/p>\n\n\n\n<p><strong>Rogers Brubaker<\/strong><\/p>\n\n\n\n<p>Etnicitet bez grupa<\/p>\n\n\n\n<p><strong>Tahra Zahra<\/strong><\/p>\n\n\n\n<p>Zami\u0161ljene nezajednice: nacionalna ravnodu\u0161nost kao analiti\u010dka kategorija<\/p>\n\n\n\n<p><strong>Jonathan Heaney<\/strong><\/p>\n\n\n\n<p>Emocije i nacionalizam: ponovno razmatranje<\/p>\n\n\n\n<p><strong>Eric Storm<\/strong><\/p>\n\n\n\n<p>Osvit novog doba u studijama nacionalizma? Neki svje\u017ei poticaji za nadila\u017eenje historiografskog nacionalizma<\/p>\n\n\n\n<p>ALTERNATIVE NACIONALNOJ PARADIGMI<\/p>\n\n\n\n<p><strong>C. A. Bayly, Sven Beckert, Matthew Connelly, Isabel Hofmeyr, Wendy Kozol i Patricia Seed<\/strong><\/p>\n\n\n\n<p><em>American Historical Review<\/em> razgovor: o transnacionalnoj historiji<\/p>\n\n\n\n<p><strong>Michel Espagne<\/strong><\/p>\n\n\n\n<p>Komparacija i transfer: pitanje metode<\/p>\n\n\n\n<p><strong>Michael Werner, B\u00e9n\u00e9dicte Zimmermann<\/strong><\/p>\n\n\n\n<p>Komparacija, transfer, ispreplitanje. <em>Histoire crois\u00e9e<\/em> i izazov transnacionalnog<\/p>\n\n\n\n<p><strong>Christophe Charle<\/strong><\/p>\n\n\n\n<p>Globalna historija, nacionalna historija? Kako pomiriti istra\u017eivanje i podu\u010davanje<\/p>\n\n\n\n<p><strong>Richard Drayton, David Motadel<\/strong><\/p>\n\n\n\n<p>Rasprava: budu\u0107nosti globalne historije<\/p>\n\n\n\n<p>Bibliografska bilje\u0161ka o prevedenim \u010dlancima<\/p>\n\n\n\n<p>Kazalo osobnih imena<\/p>\n\n\n\n<p>Bilje\u0161ka o urednicima<\/p>\n\n\n\n<hr class=\"wp-block-separator has-alpha-channel-opacity\"\/>\n\n\n\n<p>Obavijesti o knjizi:<\/p>\n\n\n\n<p><a href=\"https:\/\/srednja-europa.hr\/proizvod\/nadilazenje-nacionalne-paradigme\">https:\/\/srednja-europa.hr\/proizvod\/nadilazenje-nacionalne-paradigme<\/a><\/p>\n\n\n\n<p><a href=\"https:\/\/historiografija.ba\/knjige\/jugoistocna-evropa\/nadilazenje-nacionalne-paradigme\">https:\/\/historiografija.ba\/knjige\/jugoistocna-evropa\/nadilazenje-nacionalne-paradigme<\/a><\/p>\n\n\n\n<hr class=\"wp-block-separator has-alpha-channel-opacity\"\/>\n\n\n\n<figure class=\"wp-block-embed is-type-wp-embed is-provider-historiografija-hr wp-block-embed-historiografija-hr\"><div class=\"wp-block-embed__wrapper\">\n<blockquote class=\"wp-embedded-content\" data-secret=\"9C2orfKJLU\"><a href=\"https:\/\/historiografija.hr\/?p=45411\">Poziv na tribinu iz ciklusa \u201dOd teorije do historije\u201d: Nadila\u017eenje nacionalne paradigme<\/a><\/blockquote><iframe loading=\"lazy\" class=\"wp-embedded-content\" sandbox=\"allow-scripts\" security=\"restricted\" style=\"position: absolute; visibility: hidden;\" title=\"&#8220;Poziv na tribinu iz ciklusa \u201dOd teorije do historije\u201d: Nadila\u017eenje nacionalne paradigme&#8221; &#8212; Historiografija.hr\" src=\"https:\/\/historiografija.hr\/?p=45411&#038;embed=true#?secret=sRqKtAQbKL#?secret=9C2orfKJLU\" data-secret=\"9C2orfKJLU\" width=\"600\" height=\"338\" frameborder=\"0\" marginwidth=\"0\" marginheight=\"0\" scrolling=\"no\"><\/iframe>\n<\/div><\/figure>\n\n\n\n<hr class=\"wp-block-separator has-alpha-channel-opacity\"\/>\n\n\n\n<figure class=\"wp-block-embed is-type-wp-embed is-provider-historiografija-hr wp-block-embed-historiografija-hr\"><div class=\"wp-block-embed__wrapper\">\n<blockquote class=\"wp-embedded-content\" data-secret=\"NXogLpb5e9\"><a href=\"https:\/\/historiografija.hr\/?p=45517\">Odr\u017eana tribina \u201dOd teorije do historije: Nadila\u017eenje nacionalne paradigme\u201c<\/a><\/blockquote><iframe loading=\"lazy\" class=\"wp-embedded-content\" sandbox=\"allow-scripts\" security=\"restricted\" style=\"position: absolute; visibility: hidden;\" title=\"&#8220;Odr\u017eana tribina \u201dOd teorije do historije: Nadila\u017eenje nacionalne paradigme\u201c&#8221; &#8212; Historiografija.hr\" src=\"https:\/\/historiografija.hr\/?p=45517&#038;embed=true#?secret=x1RhKVwXVZ#?secret=NXogLpb5e9\" data-secret=\"NXogLpb5e9\" width=\"600\" height=\"338\" frameborder=\"0\" marginwidth=\"0\" marginheight=\"0\" scrolling=\"no\"><\/iframe>\n<\/div><\/figure>\n\n\n\n<hr class=\"wp-block-separator has-alpha-channel-opacity\"\/>\n\n\n\n<figure class=\"wp-block-embed is-type-wp-embed is-provider-historiografija-hr wp-block-embed-historiografija-hr\"><div class=\"wp-block-embed__wrapper\">\n<blockquote class=\"wp-embedded-content\" data-secret=\"9MXFSOJzTj\"><a href=\"https:\/\/historiografija.hr\/?p=46472\">Kliofest 2025: Okrugli stol \u201eNepomirljive suprotnosti? Nacionalna, transnacionalna i globalna povijest\u201c<\/a><\/blockquote><iframe loading=\"lazy\" class=\"wp-embedded-content\" sandbox=\"allow-scripts\" security=\"restricted\" style=\"position: absolute; visibility: hidden;\" title=\"&#8220;Kliofest 2025: Okrugli stol \u201eNepomirljive suprotnosti? Nacionalna, transnacionalna i globalna povijest\u201c&#8221; &#8212; Historiografija.hr\" src=\"https:\/\/historiografija.hr\/?p=46472&#038;embed=true#?secret=HdU2jskm4O#?secret=9MXFSOJzTj\" data-secret=\"9MXFSOJzTj\" width=\"600\" height=\"338\" frameborder=\"0\" marginwidth=\"0\" marginheight=\"0\" scrolling=\"no\"><\/iframe>\n<\/div><\/figure>\n\n\n\n<hr class=\"wp-block-separator has-alpha-channel-opacity\"\/>\n\n\n\n<figure class=\"wp-block-embed is-type-wp-embed is-provider-historiografija-hr wp-block-embed-historiografija-hr\"><div class=\"wp-block-embed__wrapper\">\n<blockquote class=\"wp-embedded-content\" data-secret=\"UJniDPL8kj\"><a href=\"https:\/\/historiografija.hr\/?p=51471\">Polemi\u010dke reakcije na knjigu \u201eNadila\u017eenje nacionalne paradigme. Od historiografskog nacionalizma do transnacionalnih pristupa\u201c<\/a><\/blockquote><iframe loading=\"lazy\" class=\"wp-embedded-content\" sandbox=\"allow-scripts\" security=\"restricted\" style=\"position: absolute; visibility: hidden;\" title=\"&#8220;Polemi\u010dke reakcije na knjigu \u201eNadila\u017eenje nacionalne paradigme. Od historiografskog nacionalizma do transnacionalnih pristupa\u201c&#8221; &#8212; Historiografija.hr\" src=\"https:\/\/historiografija.hr\/?p=51471&#038;embed=true#?secret=kVVIKVAoN2#?secret=UJniDPL8kj\" data-secret=\"UJniDPL8kj\" width=\"600\" height=\"338\" frameborder=\"0\" marginwidth=\"0\" marginheight=\"0\" scrolling=\"no\"><\/iframe>\n<\/div><\/figure>\n\n\n\n<hr class=\"wp-block-separator has-alpha-channel-opacity\"\/>\n","protected":false},"excerpt":{"rendered":"","protected":false},"author":2,"featured_media":45460,"comment_status":"open","ping_status":"open","sticky":false,"template":"","format":"standard","meta":{"_acf_changed":false,"jetpack_post_was_ever_published":false,"_jetpack_newsletter_access":"","_jetpack_dont_email_post_to_subs":false,"_jetpack_newsletter_tier_id":0,"_jetpack_memberships_contains_paywalled_content":false,"_jetpack_memberships_contains_paid_content":false,"footnotes":"","jetpack_publicize_message":"","jetpack_publicize_feature_enabled":true,"jetpack_social_post_already_shared":true,"jetpack_social_options":{"image_generator_settings":{"template":"highway","default_image_id":0,"font":"","enabled":false},"version":2}},"categories":[8,3],"tags":[],"class_list":["post-45459","post","type-post","status-publish","format-standard","has-post-thumbnail","hentry","category-knjige","category-novosti"],"acf":{"facebook_opis":""},"jetpack_publicize_connections":[],"jetpack_featured_media_url":"https:\/\/i0.wp.com\/historiografija.hr\/wp-content\/uploads\/2025\/03\/Nadilazenje-nacionalne-paradigme.webp?fit=713%2C928&ssl=1","jetpack_sharing_enabled":true,"jetpack-related-posts":[],"_links":{"self":[{"href":"https:\/\/historiografija.hr\/index.php?rest_route=\/wp\/v2\/posts\/45459","targetHints":{"allow":["GET"]}}],"collection":[{"href":"https:\/\/historiografija.hr\/index.php?rest_route=\/wp\/v2\/posts"}],"about":[{"href":"https:\/\/historiografija.hr\/index.php?rest_route=\/wp\/v2\/types\/post"}],"author":[{"embeddable":true,"href":"https:\/\/historiografija.hr\/index.php?rest_route=\/wp\/v2\/users\/2"}],"replies":[{"embeddable":true,"href":"https:\/\/historiografija.hr\/index.php?rest_route=%2Fwp%2Fv2%2Fcomments&post=45459"}],"version-history":[{"count":6,"href":"https:\/\/historiografija.hr\/index.php?rest_route=\/wp\/v2\/posts\/45459\/revisions"}],"predecessor-version":[{"id":51586,"href":"https:\/\/historiografija.hr\/index.php?rest_route=\/wp\/v2\/posts\/45459\/revisions\/51586"}],"wp:featuredmedia":[{"embeddable":true,"href":"https:\/\/historiografija.hr\/index.php?rest_route=\/wp\/v2\/media\/45460"}],"wp:attachment":[{"href":"https:\/\/historiografija.hr\/index.php?rest_route=%2Fwp%2Fv2%2Fmedia&parent=45459"}],"wp:term":[{"taxonomy":"category","embeddable":true,"href":"https:\/\/historiografija.hr\/index.php?rest_route=%2Fwp%2Fv2%2Fcategories&post=45459"},{"taxonomy":"post_tag","embeddable":true,"href":"https:\/\/historiografija.hr\/index.php?rest_route=%2Fwp%2Fv2%2Ftags&post=45459"}],"curies":[{"name":"wp","href":"https:\/\/api.w.org\/{rel}","templated":true}]}}