{"id":45440,"date":"2025-03-24T20:30:57","date_gmt":"2025-03-24T20:30:57","guid":{"rendered":"https:\/\/historiografija.hr\/?p=45440"},"modified":"2025-03-24T20:31:56","modified_gmt":"2025-03-24T20:31:56","slug":"ciklus-javnih-predavanja-o-umjetnickoj-bastini-i-naruciteljima-u-17-i-18-stoljecu-u-zagrebu","status":"publish","type":"post","link":"https:\/\/historiografija.hr\/?p=45440","title":{"rendered":"Ciklus javnih predavanja \u201eO umjetni\u010dkoj ba\u0161tini i naru\u010diteljima u 17. i 18. stolje\u0107u u Zagrebu\u201c"},"content":{"rendered":"\n<p>Ciklus javnih predavanja \u201eO umjetni\u010dkoj ba\u0161tini i naru\u010diteljima u 17. i 18. stolje\u0107u u Zagrebu\u201c odr\u017eava se u sklopu projekta HRZZ-a <em>MODENAR &#8211; Modeli naru\u010diteljstva. Naru\u010ditelji, umjetnici i publika u Zagrebu u 17. i dugom 18. stolje\u0107u<\/em> (IP 2022-10-3190), voditeljice prof. dr. sc. Dubravke Botica s Odsjeka za povijest umjetnosti Filozofskog fakulteta Sveu\u010dili\u0161ta u Zagrebu.<\/p>\n\n\n\n<p>Predavanja se organiziraju u suradnji s Muzejem grada Zagreba, a odr\u017eavat \u0107e se od o\u017eujka do svibnja te od listopada do studenog ove godine, \u010detvrtkom u 18 sati. Prvo predavanje 27. o\u017eujka odr\u017eat \u0107e izv. prof. dr. sc. Danko \u0160ourek\u00a0 (Odsjek\u00a0za povijest umjetnosti FFZG) o baroknoj opremi stare katedrale. Izv. prof. dr. sc. Josipa Alvi\u017e\u00a0(Odsjek\u00a0za povijest umjetnosti FFZG) odr\u017eat \u0107e 10. travnja predavanje o nestalom sklopu kapucinskog samostana,\u00a0prof. dr. sc. Sanja Cvetni\u0107 (Odsjek\u00a0za povijest umjetnosti FFZG) obradit \u0107e u predavanju 24. travnja ikonografiju slika 17. i 18. stolje\u0107a u Zagrebu u novom politi\u010dkom kontekstu.\u00a0 Doc. dr. sc. Valentina Jankovi\u0107 Barbari\u0107 (Hrvatsko katoli\u010dko sveu\u010dili\u0161te, Odjel za povijest) predstavit \u0107e 8. svibnja naru\u010diteljsku djelatnost plemstva u pisanoj ostav\u0161tini, a prof. dr. sc. Dubravka Botica (Odsjek\u00a0za povijest umjetnosti FFZG) izlo\u017eit \u0107e 15. svibnja povijest gradnje i opremanja isusova\u010dke crkve na Ksaveru.<\/p>\n\n\n\n<p>Raspored predavanja i knji\u017eica sa\u017eetaka su na poveznici:<\/p>\n\n\n\n<figure class=\"wp-block-embed is-type-wp-embed\"><div class=\"wp-block-embed__wrapper\">\n<blockquote class=\"wp-embedded-content\" data-secret=\"msD0LPZA3f\"><a href=\"https:\/\/modenar.ffzg.unizg.hr\/mgz\/\">MGZ<\/a><\/blockquote><iframe loading=\"lazy\" class=\"wp-embedded-content\" sandbox=\"allow-scripts\" security=\"restricted\" style=\"position: absolute; visibility: hidden;\" title=\"&#8220;MGZ&#8221; &#8212;                                                                                           \" src=\"https:\/\/modenar.ffzg.unizg.hr\/mgz\/embed\/#?secret=UkxWJD6eBR#?secret=msD0LPZA3f\" data-secret=\"msD0LPZA3f\" width=\"600\" height=\"338\" frameborder=\"0\" marginwidth=\"0\" marginheight=\"0\" scrolling=\"no\"><\/iframe>\n<\/div><\/figure>\n\n\n\n<hr class=\"wp-block-separator has-alpha-channel-opacity\"\/>\n","protected":false},"excerpt":{"rendered":"","protected":false},"author":2,"featured_media":45444,"comment_status":"open","ping_status":"open","sticky":false,"template":"","format":"standard","meta":{"_acf_changed":false,"jetpack_post_was_ever_published":false,"_jetpack_newsletter_access":"","_jetpack_dont_email_post_to_subs":false,"_jetpack_newsletter_tier_id":0,"_jetpack_memberships_contains_paywalled_content":false,"_jetpack_memberships_contains_paid_content":false,"footnotes":"","jetpack_publicize_message":"","jetpack_publicize_feature_enabled":true,"jetpack_social_post_already_shared":true,"jetpack_social_options":{"image_generator_settings":{"template":"highway","default_image_id":0,"font":"","enabled":false},"version":2}},"categories":[3],"tags":[],"class_list":["post-45440","post","type-post","status-publish","format-standard","has-post-thumbnail","hentry","category-novosti"],"acf":{"facebook_opis":""},"jetpack_publicize_connections":[],"jetpack_featured_media_url":"https:\/\/i0.wp.com\/historiografija.hr\/wp-content\/uploads\/2025\/03\/MODENAR-MGZ-CIKLUS-PREDAVANJA-2025.jpg?fit=1759%2C2560&ssl=1","jetpack_sharing_enabled":true,"jetpack-related-posts":[],"_links":{"self":[{"href":"https:\/\/historiografija.hr\/index.php?rest_route=\/wp\/v2\/posts\/45440","targetHints":{"allow":["GET"]}}],"collection":[{"href":"https:\/\/historiografija.hr\/index.php?rest_route=\/wp\/v2\/posts"}],"about":[{"href":"https:\/\/historiografija.hr\/index.php?rest_route=\/wp\/v2\/types\/post"}],"author":[{"embeddable":true,"href":"https:\/\/historiografija.hr\/index.php?rest_route=\/wp\/v2\/users\/2"}],"replies":[{"embeddable":true,"href":"https:\/\/historiografija.hr\/index.php?rest_route=%2Fwp%2Fv2%2Fcomments&post=45440"}],"version-history":[{"count":2,"href":"https:\/\/historiografija.hr\/index.php?rest_route=\/wp\/v2\/posts\/45440\/revisions"}],"predecessor-version":[{"id":45443,"href":"https:\/\/historiografija.hr\/index.php?rest_route=\/wp\/v2\/posts\/45440\/revisions\/45443"}],"wp:featuredmedia":[{"embeddable":true,"href":"https:\/\/historiografija.hr\/index.php?rest_route=\/wp\/v2\/media\/45444"}],"wp:attachment":[{"href":"https:\/\/historiografija.hr\/index.php?rest_route=%2Fwp%2Fv2%2Fmedia&parent=45440"}],"wp:term":[{"taxonomy":"category","embeddable":true,"href":"https:\/\/historiografija.hr\/index.php?rest_route=%2Fwp%2Fv2%2Fcategories&post=45440"},{"taxonomy":"post_tag","embeddable":true,"href":"https:\/\/historiografija.hr\/index.php?rest_route=%2Fwp%2Fv2%2Ftags&post=45440"}],"curies":[{"name":"wp","href":"https:\/\/api.w.org\/{rel}","templated":true}]}}