{"id":4544,"date":"2017-05-26T07:51:32","date_gmt":"2017-05-26T07:51:32","guid":{"rendered":"http:\/\/historiografija.hr\/?p=4544"},"modified":"2017-05-26T07:52:26","modified_gmt":"2017-05-26T07:52:26","slug":"izlozba-spomenici-na-nisanu-zatiranje-istorije-i-secanja-u-beogradu","status":"publish","type":"post","link":"https:\/\/historiografija.hr\/?p=4544","title":{"rendered":"Izlo\u017eba \u201eSpomenici na ni\u0161anu \u2013 Zatiranje istorije i se\u0107anja\u201c u Beogradu"},"content":{"rendered":"<p>SENSE \u2013 Centar za tranzicijsku pravdu i Fond za humanitarno pravo, u suradnji sa Documenta \u2013 Centrom za suo\u010davanje s pro\u0161lo\u0161\u0107u, Historijskim muzejem BiH i Europa Nostra, pozivaju na otvaranje izlo\u017ebe \u201eSpomenici na ni\u0161anu \u2013 Zatiranje istorije i se\u0107anja\u201c u Centru za kulturnu dekontaminaciju u Beogradu (27.V.2017, 19h).<\/p>\n<p>&nbsp;<\/p>\n<p>&#8212;<\/p>\n<p>&nbsp;<\/p>\n<p>SENSE \u2013 Centar za tranzicijsku pravdu i Fond za humanitarno pravo, u saradnji sa Documenta \u2013 Centrom za suo\u010davanje s pro\u0161lo\u0161\u0107u, Historijskim muzejem BiH i Europa Nostra, pozivaju Vas na otvaranje izlo\u017ebe \u201eSpomenici na ni\u0161anu \u2013 Zatiranje istorije i se\u0107anja\u201c koje \u0107e biti odr\u017eano u Centru za kulturnu dekontaminaciju (Bir\u010daninova 21, Beograd) 27. maja 2017. godine u 19.00 \u010dasova.<\/p>\n<p>&nbsp;<\/p>\n<p>Izlo\u017eba se sastoji od fotografija, video zapisa, svedo\u010denja o\u010devidaca i dokumenata koji govore o ogromnim razmerama uni\u0161tene kulturne ba\u0161tine tokom oru\u017eanih sukoba u biv\u0161oj Jugoslaviji. Postavka se oslanja na istoimeni narativ, koji prikazuje kako su te\u0161ki zlo\u010dini nad kulturnim, istorijskim i verskim nasle\u0111em, po\u010dinjeni tokom ratova u Hrvatskoj, Bosni i Hercegovini i na Kosovu, istra\u017eeni, rekonstruisani i procesuirani pred Me\u0111unarodnim krivi\u010dnim sudom za biv\u0161u Jugoslaviju.<\/p>\n<p>&nbsp;<\/p>\n<p>Prema oceni eksperata za o\u010duvanje kulturne ba\u0161tine, uni\u0161tavanje istorijskih, verskih i kulturnih gra\u0111evina i lokaliteta tokom oru\u017eanih sukoba u biv\u0161oj Jugoslaviji predstavlja najve\u0107e razaranje na tlu Evrope posle Drugog svetskog rata. Uni\u0161tavanje je bilo namerno i u slu\u017ebi progona odre\u0111ene etni\u010dke zajednice sa prostora koji se \u017eeleo osvojiti. Tako su tvorevine koje su nekada ujedinjavale narode postale mesta koja ih razdvajaju, \u010desto i nakon njihove obnove. Izlo\u017eba koju \u0107emo predstaviti javnosti u Srbiji nastoji da doprinese javnoj debati o obimu i posledicama uni\u0161tavanja kulturnog nasle\u0111a naroda biv\u0161e Jugoslavije. Ona, tako\u0111e, nastoji da pro\u0161iri vidike i izvan sudskog procesuiranja ovih zlo\u010dina pred Ha\u0161kim tribunalom, i doprinese sveobuhvatnijoj diskusiji o zna\u010daju kulturnog, verskog i istorijskog blaga na na\u0161im prostorima.<\/p>\n<p>&nbsp;<\/p>\n<p>Na postavci i realizaciji izlo\u017ebe u\u010destvovali su istaknuti ratni fotografi, brojne arhivske i muzejske institucije, te ugledni me\u0111unarodni eksperti za kulturnu ba\u0161tinu Helen Walasek, Andras Riedlmayer i Colin Kaiser. Kustoskinja izlo\u017ebe je Branka Ben\u010di\u0107 iz Hrvatske.<\/p>\n<p>&nbsp;<\/p>\n<p>Povodom otvaranja izlo\u017ebe bi\u0107e odr\u017ean razgovor sa posetiocima i stru\u010dnjacima za o\u010duvanje kulturne ba\u0161tine i negovanje se\u0107anja na ratna stradanja ljudi, zajednica i kulturnih tvorevina. U razgovoru \u0107e u\u010destvovati Dr <strong>Milena Dragi\u0107evi\u0107 \u0160e\u0161i\u0107<\/strong>, redovna profesorka Fakulteta dramskih umetnosti u Beogradu i voditeljka UNESKO katedre za kulturnu politiku i menad\u017ement Univerziteta umetnosti u Beogradu, Dr <strong>Olga Manjlovi\u0107 Pintar<\/strong>, vi\u0161a nau\u010dna saradnica na Institutu za noviju istoriju Srbije i <strong>Mina Vidakovi\u0107<\/strong> iz SENSE \u2013 Centra za tranzicijsku pravdu.<\/p>\n<p>&nbsp;<\/p>\n<p>Jelena Krsti\u0107, Fond za humanitarno pravo, Beograd<br \/>\nMirko Klarin, SENSE \u2013 Centar za tranzicijsku pravdu, Pula<\/p>\n<p>&nbsp;<br \/>\nVizual:<\/p>\n<p>Dubrovnik, studeni\/novembar 1991. Foto Pavo URBAN<br \/>\nLjubazno\u0161\u0107u Mirjane Urban<\/p>\n<p>&nbsp;<\/p>\n<p>Grafi\u010dki dizajn Barbara Blasin<\/p>\n<p>&nbsp;<\/p>\n<p>Izvor: <a href=\"http:\/\/www.czkd.org\/spomenici-na-nisanu-zatiranje-istorije-i-secanja\/\">http:\/\/www.czkd.org\/spomenici-na-nisanu-zatiranje-istorije-i-secanja\/<\/a><\/p>\n<p>&nbsp;<\/p>\n","protected":false},"excerpt":{"rendered":"","protected":false},"author":2,"featured_media":4545,"comment_status":"open","ping_status":"open","sticky":false,"template":"","format":"standard","meta":{"_acf_changed":false,"jetpack_post_was_ever_published":false,"_jetpack_newsletter_access":"","_jetpack_dont_email_post_to_subs":false,"_jetpack_newsletter_tier_id":0,"_jetpack_memberships_contains_paywalled_content":false,"_jetpack_memberships_contains_paid_content":false,"footnotes":"","jetpack_publicize_message":"","jetpack_publicize_feature_enabled":true,"jetpack_social_post_already_shared":true,"jetpack_social_options":{"image_generator_settings":{"template":"highway","default_image_id":0,"font":"","enabled":false},"version":2}},"categories":[10,3],"tags":[],"class_list":["post-4544","post","type-post","status-publish","format-standard","has-post-thumbnail","hentry","category-izlozbe","category-novosti"],"acf":{"facebook_opis":""},"jetpack_publicize_connections":[],"jetpack_featured_media_url":"https:\/\/i0.wp.com\/historiografija.hr\/wp-content\/uploads\/2017\/05\/Na-nisanu.jpg?fit=666%2C960&ssl=1","jetpack_sharing_enabled":true,"jetpack-related-posts":[{"id":52511,"url":"https:\/\/historiografija.hr\/?p=52511","url_meta":{"origin":4544,"position":0},"title":"Izlo\u017eba &#8220;Lica Sljemena&#8221;","author":"Branimir Jankovi\u0107","date":"17. travnja 2026.","format":false,"excerpt":"Srda\u010dno vas pozivamo na otvorenje izlo\u017ebe Lica Sljemena koje \u0107e se odr\u017eati u srijedu 22. travnja 2026. u 18 h ispred Muzeja Prigorja (Trg Dragutina Domjani\u0107a 5, Sesvete). Izlo\u017eba proizlazi iz istra\u017eivanja Nevene \u0160krbi\u0107 Alempijevi\u0107, Petre Kelemen i Sanje Potkonjak te intervjua sa Sljemena\u0161icama i Sljemena\u0161ima, koji su provedeni u\u2026","rel":"","context":"U &quot;Izlo\u017ebe&quot;","block_context":{"text":"Izlo\u017ebe","link":"https:\/\/historiografija.hr\/?cat=10"},"img":{"alt_text":"","src":"https:\/\/i0.wp.com\/historiografija.hr\/wp-content\/uploads\/2026\/04\/Izlozba-Lica-Sljemena.png?fit=1080%2C686&ssl=1&resize=350%2C200","width":350,"height":200,"srcset":"https:\/\/i0.wp.com\/historiografija.hr\/wp-content\/uploads\/2026\/04\/Izlozba-Lica-Sljemena.png?fit=1080%2C686&ssl=1&resize=350%2C200 1x, https:\/\/i0.wp.com\/historiografija.hr\/wp-content\/uploads\/2026\/04\/Izlozba-Lica-Sljemena.png?fit=1080%2C686&ssl=1&resize=525%2C300 1.5x, https:\/\/i0.wp.com\/historiografija.hr\/wp-content\/uploads\/2026\/04\/Izlozba-Lica-Sljemena.png?fit=1080%2C686&ssl=1&resize=700%2C400 2x, https:\/\/i0.wp.com\/historiografija.hr\/wp-content\/uploads\/2026\/04\/Izlozba-Lica-Sljemena.png?fit=1080%2C686&ssl=1&resize=1050%2C600 3x"},"classes":[]},{"id":52505,"url":"https:\/\/historiografija.hr\/?p=52505","url_meta":{"origin":4544,"position":1},"title":"Izlo\u017eba &#8220;Eschenstock \/ Jasenov prut&#8221;","author":"Branimir Jankovi\u0107","date":"17. travnja 2026.","format":false,"excerpt":"Srpsko narodno vije\u0107e (SNV) i Vizura aperta postavljaju izlo\u017ebu \u0161vicarskog slikara Velimira Ili\u0161evi\u0107a: Eschenstock \/ Jasenov prut. Izlo\u017eba se uz prisustvo autora otvara povodom 81. godi\u0161njice proboja logora\u0161a iz usta\u0161kog logora smrti Jasenovac 22. aprila 2026. u 19 sati u Srpskom kulturnom centru (SKC) u Preradovi\u0107evoj ulici 21 u Zagrebu.\u2026","rel":"","context":"U &quot;Izlo\u017ebe&quot;","block_context":{"text":"Izlo\u017ebe","link":"https:\/\/historiografija.hr\/?cat=10"},"img":{"alt_text":"","src":"https:\/\/i0.wp.com\/historiografija.hr\/wp-content\/uploads\/2026\/04\/Jasenov_prut.jpg?fit=1024%2C640&ssl=1&resize=350%2C200","width":350,"height":200,"srcset":"https:\/\/i0.wp.com\/historiografija.hr\/wp-content\/uploads\/2026\/04\/Jasenov_prut.jpg?fit=1024%2C640&ssl=1&resize=350%2C200 1x, https:\/\/i0.wp.com\/historiografija.hr\/wp-content\/uploads\/2026\/04\/Jasenov_prut.jpg?fit=1024%2C640&ssl=1&resize=525%2C300 1.5x, https:\/\/i0.wp.com\/historiografija.hr\/wp-content\/uploads\/2026\/04\/Jasenov_prut.jpg?fit=1024%2C640&ssl=1&resize=700%2C400 2x"},"classes":[]},{"id":52575,"url":"https:\/\/historiografija.hr\/?p=52575","url_meta":{"origin":4544,"position":2},"title":"Izlo\u017eba dje\u010djih radova \u201cU po\u010detku bija\u0161e crte\u017e\u2026\u201d","author":"Branimir Jankovi\u0107","date":"21. travnja 2026.","format":false,"excerpt":"U subotu, 25. travnja 2026. u 11 sati u Galeriji Klovi\u0107evi dvori sve\u010dano otvaramo izlo\u017ebu dje\u010djih radova pod nazivom U po\u010detku bija\u0161e crte\u017e\u2026 Radovi su nastali u sklopu likovnih radionica uz izlo\u017ebu U po\u010detku bija\u0161e kraljevstvo \u2013 izlo\u017eba povodom 1100 godina Hrvatskoga Kraljevstva. Na brojnim likovnim radionicama, uz \u0161kolsku djecu,\u2026","rel":"","context":"U &quot;Izlo\u017ebe&quot;","block_context":{"text":"Izlo\u017ebe","link":"https:\/\/historiografija.hr\/?cat=10"},"img":{"alt_text":"","src":"https:\/\/i0.wp.com\/historiografija.hr\/wp-content\/uploads\/2025\/10\/Klovicevi_sluzbeni-plakat.png?fit=840%2C1200&ssl=1&resize=350%2C200","width":350,"height":200,"srcset":"https:\/\/i0.wp.com\/historiografija.hr\/wp-content\/uploads\/2025\/10\/Klovicevi_sluzbeni-plakat.png?fit=840%2C1200&ssl=1&resize=350%2C200 1x, https:\/\/i0.wp.com\/historiografija.hr\/wp-content\/uploads\/2025\/10\/Klovicevi_sluzbeni-plakat.png?fit=840%2C1200&ssl=1&resize=525%2C300 1.5x, https:\/\/i0.wp.com\/historiografija.hr\/wp-content\/uploads\/2025\/10\/Klovicevi_sluzbeni-plakat.png?fit=840%2C1200&ssl=1&resize=700%2C400 2x"},"classes":[]},{"id":52573,"url":"https:\/\/historiografija.hr\/?p=52573","url_meta":{"origin":4544,"position":3},"title":"Znanstvena konferencija &#8220;Filozofija odgoja: povijest, praksa, perspektive&#8221;","author":"Branimir Jankovi\u0107","date":"21. travnja 2026.","format":false,"excerpt":"Znanstvena konferencija \"Filozofija odgoja: povijest, praksa, perspektive\" odr\u017eat \u0107e se 23. i 24. travnja 2026. u Konferencijskoj dvorani Knji\u017enice Filozofskog fakulteta u Zagrebu (2. kat).\u00a0Konferencija je organizirana u okviru projekta\u00a0SUMKOS (voditeljica prof. dr. sc. Ivana Zagorac, financiran\u00a0sredstvima NextGenerationEU), uz potporu Odsjeka za filozofiju.\u00a0 Uz izlaga\u010dki dio, konferencija obuhva\u0107a i izlo\u017ebu\u2026","rel":"","context":"U &quot;Novosti&quot;","block_context":{"text":"Novosti","link":"https:\/\/historiografija.hr\/?cat=3"},"img":{"alt_text":"","src":"","width":0,"height":0},"classes":[]},{"id":52569,"url":"https:\/\/historiografija.hr\/?p=52569","url_meta":{"origin":4544,"position":4},"title":"[Predavanje] Ne \u010dekaju\u0107i inspiraciju \u2013 anga\u017eovane intelektualne, kulturalne i umetni\u010dke prakse u me\u0111uratnom periodu: teorija i praksa kriti\u010dke levice u jugoslovenskoj kulturi (YugoLab)","author":"Branimir Jankovi\u0107","date":"21. travnja 2026.","format":false,"excerpt":"U vreme agresivnog ja\u010danja globalne desnice, (pro)fa\u0161isti\u010dkih, rasisti\u010dkih i imperijalisti\u010dkih politika, dok je istovremeno globalna levica izrazito slaba, a progresivni pokreti atomizirani i fragmentisani, va\u017eno je iz savremene perspektive vratiti se revolucionarnim i emancipatorskim zbivanjima u jugoslovenskom (ali i s njima u vezi internacionalnim de\u0161avanjima), kao i dru\u0161tvenoj ulozi kulturalnih\u2026","rel":"","context":"U &quot;Novosti&quot;","block_context":{"text":"Novosti","link":"https:\/\/historiografija.hr\/?cat=3"},"img":{"alt_text":"","src":"","width":0,"height":0},"classes":[]},{"id":52439,"url":"https:\/\/historiografija.hr\/?p=52439","url_meta":{"origin":4544,"position":5},"title":"Tribina &#8220;Ahmi\u0107i 33 godine kasnije: Ne u na\u0161e ime&#8221;","author":"Branimir Jankovi\u0107","date":"16. travnja 2026.","format":false,"excerpt":"U \u010detvrtak, 16. travnja 2026. u 17 sati u Knji\u017enici i \u010ditaonici Bogdana Ogrizovi\u0107a u Zagrebu odr\u017eat \u0107e se tribina pod nazivom Ahmi\u0107i 33 godine kasnije: Ne u na\u0161e ime. Na tribini \u0107e govoriti Ivica \u0110iki\u0107, novinar, Mubera Masli\u0107 \u2013 \u017ddralovi\u0107, aktivistikinja, prevoditeljica za arapski, Domagoj Fuk, student politologije, \u010dlan\u2026","rel":"","context":"U &quot;Novosti&quot;","block_context":{"text":"Novosti","link":"https:\/\/historiografija.hr\/?cat=3"},"img":{"alt_text":"","src":"https:\/\/i0.wp.com\/historiografija.hr\/wp-content\/uploads\/2026\/04\/Zagreb_2026.jpeg?fit=1200%2C900&ssl=1&resize=350%2C200","width":350,"height":200,"srcset":"https:\/\/i0.wp.com\/historiografija.hr\/wp-content\/uploads\/2026\/04\/Zagreb_2026.jpeg?fit=1200%2C900&ssl=1&resize=350%2C200 1x, https:\/\/i0.wp.com\/historiografija.hr\/wp-content\/uploads\/2026\/04\/Zagreb_2026.jpeg?fit=1200%2C900&ssl=1&resize=525%2C300 1.5x, https:\/\/i0.wp.com\/historiografija.hr\/wp-content\/uploads\/2026\/04\/Zagreb_2026.jpeg?fit=1200%2C900&ssl=1&resize=700%2C400 2x, https:\/\/i0.wp.com\/historiografija.hr\/wp-content\/uploads\/2026\/04\/Zagreb_2026.jpeg?fit=1200%2C900&ssl=1&resize=1050%2C600 3x"},"classes":[]}],"_links":{"self":[{"href":"https:\/\/historiografija.hr\/index.php?rest_route=\/wp\/v2\/posts\/4544","targetHints":{"allow":["GET"]}}],"collection":[{"href":"https:\/\/historiografija.hr\/index.php?rest_route=\/wp\/v2\/posts"}],"about":[{"href":"https:\/\/historiografija.hr\/index.php?rest_route=\/wp\/v2\/types\/post"}],"author":[{"embeddable":true,"href":"https:\/\/historiografija.hr\/index.php?rest_route=\/wp\/v2\/users\/2"}],"replies":[{"embeddable":true,"href":"https:\/\/historiografija.hr\/index.php?rest_route=%2Fwp%2Fv2%2Fcomments&post=4544"}],"version-history":[{"count":2,"href":"https:\/\/historiografija.hr\/index.php?rest_route=\/wp\/v2\/posts\/4544\/revisions"}],"predecessor-version":[{"id":4547,"href":"https:\/\/historiografija.hr\/index.php?rest_route=\/wp\/v2\/posts\/4544\/revisions\/4547"}],"wp:featuredmedia":[{"embeddable":true,"href":"https:\/\/historiografija.hr\/index.php?rest_route=\/wp\/v2\/media\/4545"}],"wp:attachment":[{"href":"https:\/\/historiografija.hr\/index.php?rest_route=%2Fwp%2Fv2%2Fmedia&parent=4544"}],"wp:term":[{"taxonomy":"category","embeddable":true,"href":"https:\/\/historiografija.hr\/index.php?rest_route=%2Fwp%2Fv2%2Fcategories&post=4544"},{"taxonomy":"post_tag","embeddable":true,"href":"https:\/\/historiografija.hr\/index.php?rest_route=%2Fwp%2Fv2%2Ftags&post=4544"}],"curies":[{"name":"wp","href":"https:\/\/api.w.org\/{rel}","templated":true}]}}