{"id":45415,"date":"2025-03-21T14:15:33","date_gmt":"2025-03-21T14:15:33","guid":{"rendered":"https:\/\/historiografija.hr\/?p=45415"},"modified":"2025-03-21T14:18:47","modified_gmt":"2025-03-21T14:18:47","slug":"isha-zagreb-filmska-vecer-menocchio","status":"publish","type":"post","link":"https:\/\/historiografija.hr\/?p=45415","title":{"rendered":"ISHA Zagreb \u2013 Filmska ve\u010der: \u201eMenocchio\u201c"},"content":{"rendered":"\n<p>Klub studenata povijesti \u2013 ISHA Zagreb poziva vas na projekciju filma \u201cMenocchio\u201d u utorak, 25. o\u017eujka 2025. u 19:00 u Dvorani 1 Filozofskog fakulteta u Zagrebu, u \u010dije gledanje \u0107e nas uvesti Branimir Jankovi\u0107.<\/p>\n\n\n\n<hr class=\"wp-block-separator has-alpha-channel-opacity\"\/>\n\n\n\n<figure class=\"wp-block-image size-full\"><img data-recalc-dims=\"1\" loading=\"lazy\" decoding=\"async\" width=\"750\" height=\"750\" data-attachment-id=\"45416\" data-permalink=\"https:\/\/historiografija.hr\/?attachment_id=45416\" data-orig-file=\"https:\/\/i0.wp.com\/historiografija.hr\/wp-content\/uploads\/2025\/03\/Menocchio.jpg?fit=750%2C750&amp;ssl=1\" data-orig-size=\"750,750\" data-comments-opened=\"1\" data-image-meta=\"{&quot;aperture&quot;:&quot;0&quot;,&quot;credit&quot;:&quot;&quot;,&quot;camera&quot;:&quot;&quot;,&quot;caption&quot;:&quot;&quot;,&quot;created_timestamp&quot;:&quot;0&quot;,&quot;copyright&quot;:&quot;&quot;,&quot;focal_length&quot;:&quot;0&quot;,&quot;iso&quot;:&quot;0&quot;,&quot;shutter_speed&quot;:&quot;0&quot;,&quot;title&quot;:&quot;&quot;,&quot;orientation&quot;:&quot;0&quot;}\" data-image-title=\"Menocchio\" data-image-description=\"\" data-image-caption=\"\" data-large-file=\"https:\/\/i0.wp.com\/historiografija.hr\/wp-content\/uploads\/2025\/03\/Menocchio.jpg?fit=750%2C750&amp;ssl=1\" src=\"https:\/\/i0.wp.com\/historiografija.hr\/wp-content\/uploads\/2025\/03\/Menocchio.jpg?resize=750%2C750&#038;ssl=1\" alt=\"\" class=\"wp-image-45416\" srcset=\"https:\/\/i0.wp.com\/historiografija.hr\/wp-content\/uploads\/2025\/03\/Menocchio.jpg?w=750&amp;ssl=1 750w, https:\/\/i0.wp.com\/historiografija.hr\/wp-content\/uploads\/2025\/03\/Menocchio.jpg?resize=300%2C300&amp;ssl=1 300w, https:\/\/i0.wp.com\/historiografija.hr\/wp-content\/uploads\/2025\/03\/Menocchio.jpg?resize=150%2C150&amp;ssl=1 150w, https:\/\/i0.wp.com\/historiografija.hr\/wp-content\/uploads\/2025\/03\/Menocchio.jpg?resize=90%2C90&amp;ssl=1 90w, https:\/\/i0.wp.com\/historiografija.hr\/wp-content\/uploads\/2025\/03\/Menocchio.jpg?resize=75%2C75&amp;ssl=1 75w\" sizes=\"auto, (max-width: 750px) 100vw, 750px\" \/><\/figure>\n\n\n\n<hr class=\"wp-block-separator has-alpha-channel-opacity\"\/>\n","protected":false},"excerpt":{"rendered":"","protected":false},"author":2,"featured_media":45419,"comment_status":"open","ping_status":"open","sticky":false,"template":"","format":"standard","meta":{"_acf_changed":false,"jetpack_post_was_ever_published":false,"_jetpack_newsletter_access":"","_jetpack_dont_email_post_to_subs":false,"_jetpack_newsletter_tier_id":0,"_jetpack_memberships_contains_paywalled_content":false,"_jetpack_memberships_contains_paid_content":false,"footnotes":"","jetpack_publicize_message":"","jetpack_publicize_feature_enabled":true,"jetpack_social_post_already_shared":true,"jetpack_social_options":{"image_generator_settings":{"template":"highway","default_image_id":0,"font":"","enabled":false},"version":2}},"categories":[13,3],"tags":[],"class_list":["post-45415","post","type-post","status-publish","format-standard","has-post-thumbnail","hentry","category-filmovi-i-serije","category-novosti"],"acf":{"facebook_opis":""},"jetpack_publicize_connections":[],"jetpack_featured_media_url":"https:\/\/i0.wp.com\/historiografija.hr\/wp-content\/uploads\/2025\/03\/Menocchio-%E2%80%93-projekcija.jpg?fit=750%2C466&ssl=1","jetpack_sharing_enabled":true,"jetpack-related-posts":[],"_links":{"self":[{"href":"https:\/\/historiografija.hr\/index.php?rest_route=\/wp\/v2\/posts\/45415","targetHints":{"allow":["GET"]}}],"collection":[{"href":"https:\/\/historiografija.hr\/index.php?rest_route=\/wp\/v2\/posts"}],"about":[{"href":"https:\/\/historiografija.hr\/index.php?rest_route=\/wp\/v2\/types\/post"}],"author":[{"embeddable":true,"href":"https:\/\/historiografija.hr\/index.php?rest_route=\/wp\/v2\/users\/2"}],"replies":[{"embeddable":true,"href":"https:\/\/historiografija.hr\/index.php?rest_route=%2Fwp%2Fv2%2Fcomments&post=45415"}],"version-history":[{"count":3,"href":"https:\/\/historiografija.hr\/index.php?rest_route=\/wp\/v2\/posts\/45415\/revisions"}],"predecessor-version":[{"id":45420,"href":"https:\/\/historiografija.hr\/index.php?rest_route=\/wp\/v2\/posts\/45415\/revisions\/45420"}],"wp:featuredmedia":[{"embeddable":true,"href":"https:\/\/historiografija.hr\/index.php?rest_route=\/wp\/v2\/media\/45419"}],"wp:attachment":[{"href":"https:\/\/historiografija.hr\/index.php?rest_route=%2Fwp%2Fv2%2Fmedia&parent=45415"}],"wp:term":[{"taxonomy":"category","embeddable":true,"href":"https:\/\/historiografija.hr\/index.php?rest_route=%2Fwp%2Fv2%2Fcategories&post=45415"},{"taxonomy":"post_tag","embeddable":true,"href":"https:\/\/historiografija.hr\/index.php?rest_route=%2Fwp%2Fv2%2Ftags&post=45415"}],"curies":[{"name":"wp","href":"https:\/\/api.w.org\/{rel}","templated":true}]}}