{"id":45411,"date":"2025-03-21T13:57:36","date_gmt":"2025-03-21T13:57:36","guid":{"rendered":"https:\/\/historiografija.hr\/?p=45411"},"modified":"2025-03-24T20:23:29","modified_gmt":"2025-03-24T20:23:29","slug":"poziv-na-tribinu-iz-ciklusa-od-teorije-do-historije-nadilazenje-nacionalne-paradigme","status":"publish","type":"post","link":"https:\/\/historiografija.hr\/?p=45411","title":{"rendered":"Poziv na tribinu iz ciklusa \u201dOd teorije do historije\u201d: Nadila\u017eenje nacionalne paradigme"},"content":{"rendered":"\n<p>Objava uredni\u010dke knjige <strong><em>Nadila\u017eenje nacionalne paradigme: Od historiografskog nacionalizma do transnacionalnih<\/em><\/strong><em> <strong>pristupa <\/strong><\/em>u izdanju Srednje Europe povod je odr\u017eavanja <strong>druge tribine iz ciklusa \u201eOd teorije do historije\u201c<\/strong>.<\/p>\n\n\n\n<p>Deset tekstova koje su odabrali Branimir Jankovi\u0107 i Nikola Toma\u0161egovi\u0107 donose pregled studija nacija i nacionalizma, kao i dugotrajnih veza historiografije i nacionalizma koje se formiraju jo\u0161 u devetnaestom stolje\u0107u kada nacionalna perspektiva, ili paradigma, postaje dominantna teorijska i metodolo\u0161ka odrednica moderne historiografije. Kako isti\u010du urednici, upravo je prepoznavanje dominacije nacionalne paradigme nu\u017ean korak samorefleksije kojom se otvara prostor novim istra\u017eiva\u010dkim temama, izvorima, metodama i teorijskim paradigmama. Polaze\u0107i od te ideje, na tribini \u0107e se otvoriti pitanje prisutnosti nacionalne paradigme u suvremenoj historiografiji, kako onoj me\u0111unarodnoj, tako i hrvatskoj. Pritom \u0107e naglasak biti stavljen na pristupe koji te\u017ee nadi\u0107i nacionalnu paradigmu uzimaju\u0107i u obzir teorijske postavke historije isprepletanja i transfera te transnacionalnu perspektivu.<\/p>\n\n\n\n<ul class=\"wp-block-list\">\n<li>Sudjeluju: izv. prof. dr. sc. Stevo \u0110ura\u0161kovi\u0107, izv. prof. dr. sc. Branimir Jankovi\u0107, dr. sc. Nikola Toma\u0161egovi\u0107<\/li>\n\n\n\n<li>Moderator: Karlo Dr\u017eai\u0107<\/li>\n\n\n\n<li>Datum i vrijeme odr\u017eavanja: <strong>26. o\u017eujka 2025. u 19:00 sati<\/strong><\/li>\n\n\n\n<li>Mjesto odr\u017eavanja: <strong>Dvorana D5, Filozofski fakultet u Zagrebu<\/strong><\/li>\n\n\n\n<li>Organizator: Centar za teorijska istra\u017eivanja u humanistici (FFZG), Srednja Europa<\/li>\n<\/ul>\n\n\n\n<hr class=\"wp-block-separator has-alpha-channel-opacity\"\/>\n\n\n\n<p>Izvori:<\/p>\n\n\n\n<figure class=\"wp-block-embed is-type-wp-embed is-provider-centre-for-theoretical-research-in-the-humanities wp-block-embed-centre-for-theoretical-research-in-the-humanities\"><div class=\"wp-block-embed__wrapper\">\n<blockquote class=\"wp-embedded-content\" data-secret=\"FFpbb3yy8i\"><a href=\"https:\/\/ctih.ffzg.unizg.hr\/index.php\/tribina-od-teorije-do-historije-nadilazenje-nacionalne-paradigme\/\">Tribina \u201cOd teorije do historije: Nadila\u017eenje nacionalne paradigme\u201d<\/a><\/blockquote><iframe loading=\"lazy\" class=\"wp-embedded-content\" sandbox=\"allow-scripts\" security=\"restricted\" style=\"position: absolute; visibility: hidden;\" title=\"&#8220;Tribina \u201cOd teorije do historije: Nadila\u017eenje nacionalne paradigme\u201d&#8221; &#8212; Centre for Theoretical Research in the Humanities\" src=\"https:\/\/ctih.ffzg.unizg.hr\/index.php\/tribina-od-teorije-do-historije-nadilazenje-nacionalne-paradigme\/embed\/#?secret=ffYJT9tLfA#?secret=FFpbb3yy8i\" data-secret=\"FFpbb3yy8i\" width=\"600\" height=\"338\" frameborder=\"0\" marginwidth=\"0\" marginheight=\"0\" scrolling=\"no\"><\/iframe>\n<\/div><\/figure>\n\n\n\n<figure class=\"wp-block-embed is-type-wp-embed is-provider-filozofski-fakultet-sveu-ili-ta-u-zagrebu wp-block-embed-filozofski-fakultet-sveu-ili-ta-u-zagrebu\"><div class=\"wp-block-embed__wrapper\">\n<blockquote class=\"wp-embedded-content\" data-secret=\"DlAc0KMmwK\"><a href=\"https:\/\/web2020.ffzg.unizg.hr\/blog\/2025\/03\/18\/poziv-na-tribinu-iz-ciklusa-od-teorije-do-historije-nadilazenje-nacionalne-paradigme\/\">Poziv na tribinu iz ciklusa &#8221;Od teorije do historije&#8221;: Nadila\u017eenje nacionalne paradigme<\/a><\/blockquote><iframe loading=\"lazy\" class=\"wp-embedded-content\" sandbox=\"allow-scripts\" security=\"restricted\" style=\"position: absolute; visibility: hidden;\" title=\"&#8220;Poziv na tribinu iz ciklusa &#8221;Od teorije do historije&#8221;: Nadila\u017eenje nacionalne paradigme&#8221; &#8212; Filozofski fakultet Sveu\u010dili\u0161ta u Zagrebu\" src=\"https:\/\/web2020.ffzg.unizg.hr\/blog\/2025\/03\/18\/poziv-na-tribinu-iz-ciklusa-od-teorije-do-historije-nadilazenje-nacionalne-paradigme\/embed\/#?secret=DlAc0KMmwK\" data-secret=\"DlAc0KMmwK\" width=\"600\" height=\"338\" frameborder=\"0\" marginwidth=\"0\" marginheight=\"0\" scrolling=\"no\"><\/iframe>\n<\/div><\/figure>\n\n\n\n<figure class=\"wp-block-embed is-type-wp-embed is-provider-srednja-europa wp-block-embed-srednja-europa\"><div class=\"wp-block-embed__wrapper\">\n<blockquote class=\"wp-embedded-content\" data-secret=\"SmHZOokPDX\"><a href=\"https:\/\/srednja-europa.hr\/dogadaji\/poziv-na-tribinu-iz-ciklusa-od-teorije-do-historije-nadilazenje-nacionalne-paradigme\/\">Poziv na tribinu iz ciklusa \u201dOd teorije do historije\u201d: Nadila\u017eenje nacionalne paradigme<\/a><\/blockquote><iframe loading=\"lazy\" class=\"wp-embedded-content\" sandbox=\"allow-scripts\" security=\"restricted\" style=\"position: absolute; visibility: hidden;\" title=\"&#8220;Poziv na tribinu iz ciklusa \u201dOd teorije do historije\u201d: Nadila\u017eenje nacionalne paradigme&#8221; &#8212; Srednja Europa\" src=\"https:\/\/srednja-europa.hr\/dogadaji\/poziv-na-tribinu-iz-ciklusa-od-teorije-do-historije-nadilazenje-nacionalne-paradigme\/embed\/#?secret=SmHZOokPDX\" data-secret=\"SmHZOokPDX\" width=\"600\" height=\"338\" frameborder=\"0\" marginwidth=\"0\" marginheight=\"0\" scrolling=\"no\"><\/iframe>\n<\/div><\/figure>\n\n\n\n<p><a href=\"https:\/\/www.fpzg.unizg.hr\/novosti?@=2fibr\">https:\/\/www.fpzg.unizg.hr\/novosti?@=2fibr<\/a><\/p>\n\n\n\n<hr class=\"wp-block-separator has-alpha-channel-opacity\"\/>\n","protected":false},"excerpt":{"rendered":"","protected":false},"author":2,"featured_media":45414,"comment_status":"open","ping_status":"open","sticky":false,"template":"","format":"standard","meta":{"_acf_changed":false,"jetpack_post_was_ever_published":false,"_jetpack_newsletter_access":"","_jetpack_dont_email_post_to_subs":false,"_jetpack_newsletter_tier_id":0,"_jetpack_memberships_contains_paywalled_content":false,"_jetpack_memberships_contains_paid_content":false,"footnotes":"","jetpack_publicize_message":"","jetpack_publicize_feature_enabled":true,"jetpack_social_post_already_shared":true,"jetpack_social_options":{"image_generator_settings":{"template":"highway","default_image_id":0,"font":"","enabled":false},"version":2}},"categories":[3],"tags":[],"class_list":["post-45411","post","type-post","status-publish","format-standard","has-post-thumbnail","hentry","category-novosti"],"acf":{"facebook_opis":""},"jetpack_publicize_connections":[],"jetpack_featured_media_url":"https:\/\/i0.wp.com\/historiografija.hr\/wp-content\/uploads\/2025\/03\/Ciklus-tribina.jpg?fit=960%2C540&ssl=1","jetpack_sharing_enabled":true,"jetpack-related-posts":[],"_links":{"self":[{"href":"https:\/\/historiografija.hr\/index.php?rest_route=\/wp\/v2\/posts\/45411","targetHints":{"allow":["GET"]}}],"collection":[{"href":"https:\/\/historiografija.hr\/index.php?rest_route=\/wp\/v2\/posts"}],"about":[{"href":"https:\/\/historiografija.hr\/index.php?rest_route=\/wp\/v2\/types\/post"}],"author":[{"embeddable":true,"href":"https:\/\/historiografija.hr\/index.php?rest_route=\/wp\/v2\/users\/2"}],"replies":[{"embeddable":true,"href":"https:\/\/historiografija.hr\/index.php?rest_route=%2Fwp%2Fv2%2Fcomments&post=45411"}],"version-history":[{"count":2,"href":"https:\/\/historiografija.hr\/index.php?rest_route=\/wp\/v2\/posts\/45411\/revisions"}],"predecessor-version":[{"id":45439,"href":"https:\/\/historiografija.hr\/index.php?rest_route=\/wp\/v2\/posts\/45411\/revisions\/45439"}],"wp:featuredmedia":[{"embeddable":true,"href":"https:\/\/historiografija.hr\/index.php?rest_route=\/wp\/v2\/media\/45414"}],"wp:attachment":[{"href":"https:\/\/historiografija.hr\/index.php?rest_route=%2Fwp%2Fv2%2Fmedia&parent=45411"}],"wp:term":[{"taxonomy":"category","embeddable":true,"href":"https:\/\/historiografija.hr\/index.php?rest_route=%2Fwp%2Fv2%2Fcategories&post=45411"},{"taxonomy":"post_tag","embeddable":true,"href":"https:\/\/historiografija.hr\/index.php?rest_route=%2Fwp%2Fv2%2Ftags&post=45411"}],"curies":[{"name":"wp","href":"https:\/\/api.w.org\/{rel}","templated":true}]}}