{"id":45401,"date":"2025-03-21T11:46:39","date_gmt":"2025-03-21T11:46:39","guid":{"rendered":"https:\/\/historiografija.hr\/?p=45401"},"modified":"2025-03-21T11:46:39","modified_gmt":"2025-03-21T11:46:39","slug":"predavanje-unvera-rustema-ottoman-baroque-the-architectural-refashioning-of-eighteenth-century-istanbul","status":"publish","type":"post","link":"https:\/\/historiografija.hr\/?p=45401","title":{"rendered":"Predavanje \u00dcnvera R\u00fcstema \u201eOttoman Baroque. The Architectural Refashioning of Eighteenth-Century Istanbul\u201c"},"content":{"rendered":"\n<p>Odsjek za povijest umjetnosti Filozofskog fakulteta u Zagrebu poziva na gostuju\u0107e predavanje profesora \u00dcnvera R\u00fcstema s Johns Hopkins University (Baltimore, SAD) koje&nbsp;\u0107e se odr\u017eati u petak, 21. o\u017eujka 2025. od 12.30 do 14.00 u Konferencijskoj dvorani Knji\u017enice.<\/p>\n\n\n\n<p>U predavanju <em>Ottoman Baroque. The Architectural Refashioning of Eighteenth-Century Istanbul<\/em> profesor R\u00fcstem \u0107e predstaviti arhitekturu 18. stolje\u0107a Istanbula u svjetlu novih socijalnih i geopoliti\u010dkih okolnosti. O toj temi objavio je knjigu <em>Ottoman Baroque: The Architectural Refashioning of Eighteenth-Century Istanbul<\/em> (Princeton and Oxford: Princeton University Press, 2019).<\/p>\n\n\n\n<p><a href=\"https:\/\/arthist.jhu.edu\/directory\/unver-rustem\" target=\"_blank\" rel=\"noreferrer noopener\">vi\u0161e o predava\u010du<\/a><\/p>\n\n\n\n<p><a href=\"https:\/\/ffzghr-my.sharepoint.com\/:b:\/g\/personal\/dbotica_m_ffzg_hr\/Edv3g9oIKDFPtWb8poS4z-wBMIoisLlG3SPZMmapu9hr7g?e=Mdoc8j\" target=\"_blank\" rel=\"noreferrer noopener\">pozivnica<\/a><\/p>\n\n\n\n<hr class=\"wp-block-separator has-alpha-channel-opacity\"\/>\n\n\n\n<p>Izvor:<\/p>\n\n\n\n<p><a href=\"https:\/\/povum.ffzg.unizg.hr\/?p=11347\">https:\/\/povum.ffzg.unizg.hr\/?p=11347<\/a><\/p>\n\n\n\n<hr class=\"wp-block-separator has-alpha-channel-opacity\"\/>\n","protected":false},"excerpt":{"rendered":"","protected":false},"author":2,"featured_media":45402,"comment_status":"open","ping_status":"open","sticky":false,"template":"","format":"standard","meta":{"_acf_changed":false,"jetpack_post_was_ever_published":false,"_jetpack_newsletter_access":"","_jetpack_dont_email_post_to_subs":false,"_jetpack_newsletter_tier_id":0,"_jetpack_memberships_contains_paywalled_content":false,"_jetpack_memberships_contains_paid_content":false,"footnotes":"","jetpack_publicize_message":"","jetpack_publicize_feature_enabled":true,"jetpack_social_post_already_shared":true,"jetpack_social_options":{"image_generator_settings":{"template":"highway","default_image_id":0,"font":"","enabled":false},"version":2}},"categories":[3],"tags":[],"class_list":["post-45401","post","type-post","status-publish","format-standard","has-post-thumbnail","hentry","category-novosti"],"acf":{"facebook_opis":""},"jetpack_publicize_connections":[],"jetpack_featured_media_url":"https:\/\/i0.wp.com\/historiografija.hr\/wp-content\/uploads\/2025\/03\/O_B.jpg?fit=1862%2C2560&ssl=1","jetpack_sharing_enabled":true,"jetpack-related-posts":[],"_links":{"self":[{"href":"https:\/\/historiografija.hr\/index.php?rest_route=\/wp\/v2\/posts\/45401","targetHints":{"allow":["GET"]}}],"collection":[{"href":"https:\/\/historiografija.hr\/index.php?rest_route=\/wp\/v2\/posts"}],"about":[{"href":"https:\/\/historiografija.hr\/index.php?rest_route=\/wp\/v2\/types\/post"}],"author":[{"embeddable":true,"href":"https:\/\/historiografija.hr\/index.php?rest_route=\/wp\/v2\/users\/2"}],"replies":[{"embeddable":true,"href":"https:\/\/historiografija.hr\/index.php?rest_route=%2Fwp%2Fv2%2Fcomments&post=45401"}],"version-history":[{"count":1,"href":"https:\/\/historiografija.hr\/index.php?rest_route=\/wp\/v2\/posts\/45401\/revisions"}],"predecessor-version":[{"id":45403,"href":"https:\/\/historiografija.hr\/index.php?rest_route=\/wp\/v2\/posts\/45401\/revisions\/45403"}],"wp:featuredmedia":[{"embeddable":true,"href":"https:\/\/historiografija.hr\/index.php?rest_route=\/wp\/v2\/media\/45402"}],"wp:attachment":[{"href":"https:\/\/historiografija.hr\/index.php?rest_route=%2Fwp%2Fv2%2Fmedia&parent=45401"}],"wp:term":[{"taxonomy":"category","embeddable":true,"href":"https:\/\/historiografija.hr\/index.php?rest_route=%2Fwp%2Fv2%2Fcategories&post=45401"},{"taxonomy":"post_tag","embeddable":true,"href":"https:\/\/historiografija.hr\/index.php?rest_route=%2Fwp%2Fv2%2Ftags&post=45401"}],"curies":[{"name":"wp","href":"https:\/\/api.w.org\/{rel}","templated":true}]}}