{"id":45398,"date":"2025-03-21T11:41:19","date_gmt":"2025-03-21T11:41:19","guid":{"rendered":"https:\/\/historiografija.hr\/?p=45398"},"modified":"2025-03-21T12:28:37","modified_gmt":"2025-03-21T12:28:37","slug":"izlozba-otoci-i-sveci-samostani-i-svetista-na-istocnoj-jadranskoj-obali-od-sv-jeronima-do-grgura-viii","status":"publish","type":"post","link":"https:\/\/historiografija.hr\/?p=45398","title":{"rendered":"Izlo\u017eba &#8220;Otoci i sveci &#8211; Samostani i sveti\u0161ta na isto\u010dnoj jadranskoj obali od sv. Jeronima do Grgura VII.&#8221;"},"content":{"rendered":"\n<p>U Arheolo\u0161kom muzeju u Splitu ne\u0161to potpuno druga\u010dije, 21. o\u017eujka 2025. u 18 sati, Arheolo\u0161ki muzej u Splitu otvara vrata izlo\u017ebi <strong>&#8220;Otoci i sveci &#8211; Samostani i sveti\u0161ta na isto\u010dnoj jadranskoj obali od sv. Jeronima do Grgura VII.&#8221;<\/strong>. Izlo\u017eba \u0107e otkriti manje poznatu pri\u010du o povijesti isto\u010dne jadranske obale!<\/p>\n\n\n\n<p>U prvim stolje\u0107ima kr\u0161\u0107anstva, oni koji su se \u017eeljeli posvetiti duhovnom \u017eivotu napu\u0161tali su gradove i dru\u0161tvo kako bi prona\u0161li mir u pustinji. Egipat i Bliski istok bili su ispunjeni samotnjacima koji su se povla\u010dili u bespu\u0107a pijeska kako bi se oslobodili svjetovnih briga i pribli\u017eili Bogu. No, \u0161to kada nema pustinje?<\/p>\n\n\n\n<p>Na isto\u010dnoj obali Jadrana, gdje beskrajne dine zamjenjuje plavetnilo mora, redovnici su prona\u0161li svoju verziju pustinje \u2013 otoke. Udaljeni od kopnenog u\u017eurbanog \u017eivota, ali i dalje povezani s trgova\u010dkim i kulturnim tokovima, ti su otoci postali mjesta molitve, ti\u0161ine, ali i znanja. Ovdje su se osnivali prvi samostani, prepisivali rukopisi, razvijale umjetni\u010dke radionice i oblikovala povijest. Otoci nisu bili samo uto\u010di\u0161te duhovnih zajednica \u2013 bili su svjetionici u vremenu neznanja, to\u010dke susreta Istoka i Zapada, granice izolacije i civilizacije.<\/p>\n\n\n\n<p>Ova izlo\u017eba nije samo pri\u010da o samostanima \u2013 ona je pri\u010da o Jadranu kao sjeci\u0161tu kultura i znanja. O otocima koji nisu bili tek izolirani prostori za molitvu, ve\u0107 sredi\u0161ta pismenosti, umjetnosti i trgovine. O prostorima gdje su se susretale civilizacije, gdje su putnici i hodo\u010dasnici prenosili ne samo vjeru, ve\u0107 i rukopise, ideje i kulturne utjecaje.<\/p>\n\n\n\n<p>Izlo\u017eba donosi <strong>rezultate me\u0111unarodnog znanstvenog projekta MONACORAL<\/strong>E, a plod je suradnje \u010dak osam institucija. Naime, organizatori su <strong>Arheolo\u0161ki muzej u Splitu, Muzej hrvatskih arheolo\u0161kih spomenika Split, Agence Nationale de la Recherche (ANR) \u2013 programme MONACORALE, Centre national de la recherche scientifique, \u00c9cole fran\u00e7aise de Rome, UMR Chrono-environnement, UMR ARTEHIS i UMR HISOMA.<\/strong><\/p>\n\n\n\n<p>Lokacija: Arheolo\u0161ki muzej u Splitu ( Zrinsko &#8211; Frankopanska 25)<\/p>\n\n\n\n<p>Vrijeme: 21. o\u017eujka &#8211; 31. prosinca 2025.<\/p>\n\n\n\n<hr class=\"wp-block-separator has-alpha-channel-opacity\"\/>\n\n\n\n<p>Izvori:<\/p>\n\n\n\n<p><a href=\"https:\/\/visitsplit.com\/index.php\/hr\/7172\/izlozba-arheoloskog-muzeja-otoci-i-sveci\">https:\/\/visitsplit.com\/index.php\/hr\/7172\/izlozba-arheoloskog-muzeja-otoci-i-sveci<\/a><\/p>\n\n\n\n<figure class=\"wp-block-embed is-type-wp-embed is-provider-ika wp-block-embed-ika\"><div class=\"wp-block-embed__wrapper\">\n<blockquote class=\"wp-embedded-content\" data-secret=\"RzM8YTQq5C\"><a href=\"https:\/\/ika.hkm.hr\/najave\/otvorenje-izlozbe-otoci-i-sveci\/\">Otvorenje izlo\u017ebe \u201eOtoci i sveci\u201c<\/a><\/blockquote><iframe loading=\"lazy\" class=\"wp-embedded-content\" sandbox=\"allow-scripts\" security=\"restricted\" style=\"position: absolute; visibility: hidden;\" title=\"&#8220;Otvorenje izlo\u017ebe \u201eOtoci i sveci\u201c&#8221; &#8212; IKA\" src=\"https:\/\/ika.hkm.hr\/najave\/otvorenje-izlozbe-otoci-i-sveci\/embed\/#?secret=K4XEn2vZOu#?secret=RzM8YTQq5C\" data-secret=\"RzM8YTQq5C\" width=\"600\" height=\"338\" frameborder=\"0\" marginwidth=\"0\" marginheight=\"0\" scrolling=\"no\"><\/iframe>\n<\/div><\/figure>\n\n\n\n<hr class=\"wp-block-separator has-alpha-channel-opacity\"\/>\n","protected":false},"excerpt":{"rendered":"","protected":false},"author":2,"featured_media":45399,"comment_status":"open","ping_status":"open","sticky":false,"template":"","format":"standard","meta":{"_acf_changed":false,"jetpack_post_was_ever_published":false,"_jetpack_newsletter_access":"","_jetpack_dont_email_post_to_subs":false,"_jetpack_newsletter_tier_id":0,"_jetpack_memberships_contains_paywalled_content":false,"_jetpack_memberships_contains_paid_content":false,"footnotes":"","jetpack_publicize_message":"","jetpack_publicize_feature_enabled":true,"jetpack_social_post_already_shared":true,"jetpack_social_options":{"image_generator_settings":{"template":"highway","default_image_id":0,"font":"","enabled":false},"version":2}},"categories":[10,3],"tags":[],"class_list":["post-45398","post","type-post","status-publish","format-standard","has-post-thumbnail","hentry","category-izlozbe","category-novosti"],"acf":{"facebook_opis":""},"jetpack_publicize_connections":[],"jetpack_featured_media_url":"https:\/\/i0.wp.com\/historiografija.hr\/wp-content\/uploads\/2025\/03\/Pozivnica_Otoci-i-Sveci_HRV.jpg?fit=1500%2C756&ssl=1","jetpack_sharing_enabled":true,"jetpack-related-posts":[],"_links":{"self":[{"href":"https:\/\/historiografija.hr\/index.php?rest_route=\/wp\/v2\/posts\/45398","targetHints":{"allow":["GET"]}}],"collection":[{"href":"https:\/\/historiografija.hr\/index.php?rest_route=\/wp\/v2\/posts"}],"about":[{"href":"https:\/\/historiografija.hr\/index.php?rest_route=\/wp\/v2\/types\/post"}],"author":[{"embeddable":true,"href":"https:\/\/historiografija.hr\/index.php?rest_route=\/wp\/v2\/users\/2"}],"replies":[{"embeddable":true,"href":"https:\/\/historiografija.hr\/index.php?rest_route=%2Fwp%2Fv2%2Fcomments&post=45398"}],"version-history":[{"count":2,"href":"https:\/\/historiografija.hr\/index.php?rest_route=\/wp\/v2\/posts\/45398\/revisions"}],"predecessor-version":[{"id":45410,"href":"https:\/\/historiografija.hr\/index.php?rest_route=\/wp\/v2\/posts\/45398\/revisions\/45410"}],"wp:featuredmedia":[{"embeddable":true,"href":"https:\/\/historiografija.hr\/index.php?rest_route=\/wp\/v2\/media\/45399"}],"wp:attachment":[{"href":"https:\/\/historiografija.hr\/index.php?rest_route=%2Fwp%2Fv2%2Fmedia&parent=45398"}],"wp:term":[{"taxonomy":"category","embeddable":true,"href":"https:\/\/historiografija.hr\/index.php?rest_route=%2Fwp%2Fv2%2Fcategories&post=45398"},{"taxonomy":"post_tag","embeddable":true,"href":"https:\/\/historiografija.hr\/index.php?rest_route=%2Fwp%2Fv2%2Ftags&post=45398"}],"curies":[{"name":"wp","href":"https:\/\/api.w.org\/{rel}","templated":true}]}}