{"id":45393,"date":"2025-03-20T16:53:20","date_gmt":"2025-03-20T16:53:20","guid":{"rendered":"https:\/\/historiografija.hr\/?p=45393"},"modified":"2025-03-20T16:54:24","modified_gmt":"2025-03-20T16:54:24","slug":"promocija-knjige-tade-jurica-suvremene-migracije-i-opstanak-nacije","status":"publish","type":"post","link":"https:\/\/historiografija.hr\/?p=45393","title":{"rendered":"Promocija knjige Tade Juri\u0107a \u201eSuvremene migracije i opstanak nacije\u201c"},"content":{"rendered":"\n<p>Promocija knjige \u201eSuvremene migracije i opstanak nacije\u201c izv. prof. dr. sc. Tade Juri\u0107a odr\u017eat \u0107e se u utorak, 25. o\u017eujka 2025. u 18 sati u Ministarstvu demografije i useljeni\u0161tva u Zagrebu (Ulica grada Vukovara 23, prvi kat). U sklopu promocije organiziran je i okrugli stol na kojem \u0107e publika mo\u0107i sudjelovati.<\/p>\n\n\n\n<hr class=\"wp-block-separator has-alpha-channel-opacity\"\/>\n\n\n\n<p>Izvor i dodatne informacije:<\/p>\n\n\n\n<p><a href=\"https:\/\/www.unicath.hr\/novosti\/promocija-knjige-suvremene-migracije-i-opstanak-nacije-izvanrednog-profesora-tade-jurica\">https:\/\/www.unicath.hr\/novosti\/promocija-knjige-suvremene-migracije-i-opstanak-nacije-izvanrednog-profesora-tade-jurica<\/a><\/p>\n\n\n\n<p><a href=\"https:\/\/www.vecernji.hr\/vijesti\/radi-li-se-o-tihom-nestanku-hrvata-ili-o-nastanku-novih-nas-1846485\">https:\/\/www.vecernji.hr\/vijesti\/radi-li-se-o-tihom-nestanku-hrvata-ili-o-nastanku-novih-nas-1846485<\/a><\/p>\n\n\n\n<p><a href=\"https:\/\/narod.hr\/hrvatska\/tado-juric-suvremene-migracije-i-opstanak-nacije-europska-razina\">https:\/\/narod.hr\/hrvatska\/tado-juric-suvremene-migracije-i-opstanak-nacije-europska-razina<\/a><\/p>\n\n\n\n<figure class=\"wp-block-embed is-type-wp-embed is-provider-kolska-knjiga-tu-za-vas wp-block-embed-kolska-knjiga-tu-za-vas\"><div class=\"wp-block-embed__wrapper\">\n<blockquote class=\"wp-embedded-content\" data-secret=\"lqCVpv9Wg9\"><a href=\"https:\/\/www.skolskiportal.hr\/sadrzaj\/skolska-knjiga-za-vas\/odvazno-napisana-knjiga-o-aktualnoj-i-izazovnoj-temi-koja-polarizira-suvremeno-drustvo\/\">Odva\u017eno napisana knjiga o aktualnoj i izazovnoj temi koja polarizira suvremeno dru\u0161tvo<\/a><\/blockquote><iframe loading=\"lazy\" class=\"wp-embedded-content\" sandbox=\"allow-scripts\" security=\"restricted\" style=\"position: absolute; visibility: hidden;\" title=\"&#8220;Odva\u017eno napisana knjiga o aktualnoj i izazovnoj temi koja polarizira suvremeno dru\u0161tvo&#8221; &#8212; \u0160kolska knjiga - tu za vas\" src=\"https:\/\/www.skolskiportal.hr\/sadrzaj\/skolska-knjiga-za-vas\/odvazno-napisana-knjiga-o-aktualnoj-i-izazovnoj-temi-koja-polarizira-suvremeno-drustvo\/embed\/#?secret=lqCVpv9Wg9\" data-secret=\"lqCVpv9Wg9\" width=\"600\" height=\"338\" frameborder=\"0\" marginwidth=\"0\" marginheight=\"0\" scrolling=\"no\"><\/iframe>\n<\/div><\/figure>\n\n\n\n<hr class=\"wp-block-separator has-alpha-channel-opacity\"\/>\n","protected":false},"excerpt":{"rendered":"","protected":false},"author":2,"featured_media":45396,"comment_status":"open","ping_status":"open","sticky":false,"template":"","format":"standard","meta":{"_acf_changed":false,"jetpack_post_was_ever_published":false,"_jetpack_newsletter_access":"","_jetpack_dont_email_post_to_subs":false,"_jetpack_newsletter_tier_id":0,"_jetpack_memberships_contains_paywalled_content":false,"_jetpack_memberships_contains_paid_content":false,"footnotes":"","jetpack_publicize_message":"","jetpack_publicize_feature_enabled":true,"jetpack_social_post_already_shared":true,"jetpack_social_options":{"image_generator_settings":{"template":"highway","default_image_id":0,"font":"","enabled":false},"version":2}},"categories":[3],"tags":[],"class_list":["post-45393","post","type-post","status-publish","format-standard","has-post-thumbnail","hentry","category-novosti"],"acf":{"facebook_opis":""},"jetpack_publicize_connections":[],"jetpack_featured_media_url":"https:\/\/i0.wp.com\/historiografija.hr\/wp-content\/uploads\/2025\/03\/Promocija_Juric.jpg?fit=1241%2C1755&ssl=1","jetpack_sharing_enabled":true,"jetpack-related-posts":[],"_links":{"self":[{"href":"https:\/\/historiografija.hr\/index.php?rest_route=\/wp\/v2\/posts\/45393","targetHints":{"allow":["GET"]}}],"collection":[{"href":"https:\/\/historiografija.hr\/index.php?rest_route=\/wp\/v2\/posts"}],"about":[{"href":"https:\/\/historiografija.hr\/index.php?rest_route=\/wp\/v2\/types\/post"}],"author":[{"embeddable":true,"href":"https:\/\/historiografija.hr\/index.php?rest_route=\/wp\/v2\/users\/2"}],"replies":[{"embeddable":true,"href":"https:\/\/historiografija.hr\/index.php?rest_route=%2Fwp%2Fv2%2Fcomments&post=45393"}],"version-history":[{"count":3,"href":"https:\/\/historiografija.hr\/index.php?rest_route=\/wp\/v2\/posts\/45393\/revisions"}],"predecessor-version":[{"id":45397,"href":"https:\/\/historiografija.hr\/index.php?rest_route=\/wp\/v2\/posts\/45393\/revisions\/45397"}],"wp:featuredmedia":[{"embeddable":true,"href":"https:\/\/historiografija.hr\/index.php?rest_route=\/wp\/v2\/media\/45396"}],"wp:attachment":[{"href":"https:\/\/historiografija.hr\/index.php?rest_route=%2Fwp%2Fv2%2Fmedia&parent=45393"}],"wp:term":[{"taxonomy":"category","embeddable":true,"href":"https:\/\/historiografija.hr\/index.php?rest_route=%2Fwp%2Fv2%2Fcategories&post=45393"},{"taxonomy":"post_tag","embeddable":true,"href":"https:\/\/historiografija.hr\/index.php?rest_route=%2Fwp%2Fv2%2Ftags&post=45393"}],"curies":[{"name":"wp","href":"https:\/\/api.w.org\/{rel}","templated":true}]}}