{"id":45390,"date":"2025-03-20T16:45:46","date_gmt":"2025-03-20T16:45:46","guid":{"rendered":"https:\/\/historiografija.hr\/?p=45390"},"modified":"2025-03-20T16:45:46","modified_gmt":"2025-03-20T16:45:46","slug":"predstavljanje-studije-zajednica-zasluzuje-buducnost-demografska-slika-i-buducnost-srba-u-hrvatskoj","status":"publish","type":"post","link":"https:\/\/historiografija.hr\/?p=45390","title":{"rendered":"Predstavljanje studije \u201cZajednica zaslu\u017euje budu\u0107nost \u2014 Demografska slika i budu\u0107nost Srba u Hrvatskoj\u201d"},"content":{"rendered":"\n<p>U Zagrebu \u0107e u \u010detvrtak, 20. o\u017eujka 2025. u 18 sati u galeriji Srpskog kulturnog centra (SKC) u Zagrebu (Preradovi\u0107eva 21) biti predstavljena znanstvena studija dr. sc. Sanje Klempi\u0107 Bogadi \u201cZajednica zaslu\u017euje budu\u0107nost \u2014 Demografska slika i budu\u0107nost Srba u Hrvatskoj\u201d.<\/p>\n\n\n\n<p>Na predstavljanju \u0107e govoriti Sanja Klempi\u0107 Bogadi, autorica, Boris Milo\u0161evi\u0107, predsjednik Srpskog narodnog vije\u0107a (SNV), Nikola Bajto, urednik izdanja, te recenzenti izdanja dr. sc. Margareta Gregurovi\u0107 i dr. sc. Vladimir Nikitovi\u0107.<\/p>\n\n\n\n<p>Razgovor \u0107e moderirati Tihomir Pono\u0161, koji je napisao analizu publikacije dostupnu na sljede\u0107im poveznicama:<\/p>\n\n\n\n<figure class=\"wp-block-embed is-type-wp-embed is-provider-srpsko-narodno-vije-e-snv wp-block-embed-srpsko-narodno-vije-e-snv\"><div class=\"wp-block-embed__wrapper\">\n<blockquote class=\"wp-embedded-content\" data-secret=\"Z0gPWltv0P\"><a href=\"https:\/\/snv.hr\/demografska-slika-i-buducnost-srba-u-hrvatskoj\/\">Demografska slika i budu\u0107nost Srba u Hrvatskoj<\/a><\/blockquote><iframe loading=\"lazy\" class=\"wp-embedded-content\" sandbox=\"allow-scripts\" security=\"restricted\" style=\"position: absolute; visibility: hidden;\" title=\"&#8220;Demografska slika i budu\u0107nost Srba u Hrvatskoj&#8221; &#8212; Srpsko Narodno Vije\u0107e - SNV\" src=\"https:\/\/snv.hr\/demografska-slika-i-buducnost-srba-u-hrvatskoj\/embed\/#?secret=BbARgxJIha#?secret=Z0gPWltv0P\" data-secret=\"Z0gPWltv0P\" width=\"600\" height=\"338\" frameborder=\"0\" marginwidth=\"0\" marginheight=\"0\" scrolling=\"no\"><\/iframe>\n<\/div><\/figure>\n\n\n\n<p><a href=\"https:\/\/www.portalnovosti.com\/izlaz-je-u-useljavanju\">https:\/\/www.portalnovosti.com\/izlaz-je-u-useljavanju<\/a><\/p>\n\n\n\n<hr class=\"wp-block-separator has-alpha-channel-opacity\"\/>\n","protected":false},"excerpt":{"rendered":"","protected":false},"author":2,"featured_media":45391,"comment_status":"open","ping_status":"open","sticky":false,"template":"","format":"standard","meta":{"_acf_changed":false,"jetpack_post_was_ever_published":false,"_jetpack_newsletter_access":"","_jetpack_dont_email_post_to_subs":false,"_jetpack_newsletter_tier_id":0,"_jetpack_memberships_contains_paywalled_content":false,"_jetpack_memberships_contains_paid_content":false,"footnotes":"","jetpack_publicize_message":"","jetpack_publicize_feature_enabled":true,"jetpack_social_post_already_shared":true,"jetpack_social_options":{"image_generator_settings":{"template":"highway","default_image_id":0,"font":"","enabled":false},"version":2}},"categories":[3],"tags":[],"class_list":["post-45390","post","type-post","status-publish","format-standard","has-post-thumbnail","hentry","category-novosti"],"acf":{"facebook_opis":""},"jetpack_publicize_connections":[],"jetpack_featured_media_url":"https:\/\/i0.wp.com\/historiografija.hr\/wp-content\/uploads\/2025\/03\/Zajednica.jpg?fit=620%2C768&ssl=1","jetpack_sharing_enabled":true,"jetpack-related-posts":[],"_links":{"self":[{"href":"https:\/\/historiografija.hr\/index.php?rest_route=\/wp\/v2\/posts\/45390","targetHints":{"allow":["GET"]}}],"collection":[{"href":"https:\/\/historiografija.hr\/index.php?rest_route=\/wp\/v2\/posts"}],"about":[{"href":"https:\/\/historiografija.hr\/index.php?rest_route=\/wp\/v2\/types\/post"}],"author":[{"embeddable":true,"href":"https:\/\/historiografija.hr\/index.php?rest_route=\/wp\/v2\/users\/2"}],"replies":[{"embeddable":true,"href":"https:\/\/historiografija.hr\/index.php?rest_route=%2Fwp%2Fv2%2Fcomments&post=45390"}],"version-history":[{"count":1,"href":"https:\/\/historiografija.hr\/index.php?rest_route=\/wp\/v2\/posts\/45390\/revisions"}],"predecessor-version":[{"id":45392,"href":"https:\/\/historiografija.hr\/index.php?rest_route=\/wp\/v2\/posts\/45390\/revisions\/45392"}],"wp:featuredmedia":[{"embeddable":true,"href":"https:\/\/historiografija.hr\/index.php?rest_route=\/wp\/v2\/media\/45391"}],"wp:attachment":[{"href":"https:\/\/historiografija.hr\/index.php?rest_route=%2Fwp%2Fv2%2Fmedia&parent=45390"}],"wp:term":[{"taxonomy":"category","embeddable":true,"href":"https:\/\/historiografija.hr\/index.php?rest_route=%2Fwp%2Fv2%2Fcategories&post=45390"},{"taxonomy":"post_tag","embeddable":true,"href":"https:\/\/historiografija.hr\/index.php?rest_route=%2Fwp%2Fv2%2Ftags&post=45390"}],"curies":[{"name":"wp","href":"https:\/\/api.w.org\/{rel}","templated":true}]}}