{"id":45375,"date":"2025-03-20T12:50:16","date_gmt":"2025-03-20T12:50:16","guid":{"rendered":"https:\/\/historiografija.hr\/?p=45375"},"modified":"2025-03-20T12:50:16","modified_gmt":"2025-03-20T12:50:16","slug":"premijera-dokumentarnog-filma-jakova-sedlara-hrvatski-mucenici","status":"publish","type":"post","link":"https:\/\/historiografija.hr\/?p=45375","title":{"rendered":"Premijera dokumentarnog filma Jakova Sedlara \u201cHrvatski mu\u010denici\u201c"},"content":{"rendered":"\n<p>\u201eU Zadru, \u0160ibeniku i Splitu odr\u017eane su pretpremijere <strong>dokumentarnoga filma Jakova Sedlara \u201cHrvatski mu\u010denici\u201d<\/strong>, o 663 ubijena sve\u0107enika, \u010dasne sestre i sjemeni\u0161tarca od strane Titovih komunista u razdoblju od 1941. do 1990., dok \u0107e se sve\u010dana premijera filma odr\u017eati u Zagrebu u \u010detvrtak 20. o\u017eujka u 19 sati u velikoj dvorani Cinestar Branimir Centar. <strong>Scenarij za film napisao je Hrvoje Hitrec<\/strong>, film traje 57 minuta i nakon prve tri pretpremijere dojam je da se radi o filmu koji je uistinu potreban hrvatskoj javnosti koja vrlo malo zna o stradanju Crkve u Hrvata pod Titovim komunistima.\u201c<\/p>\n\n\n\n<hr class=\"wp-block-separator has-alpha-channel-opacity\"\/>\n\n\n\n<p>Izvor i dodatne informacije:<\/p>\n\n\n\n<p><a href=\"https:\/\/narod.hr\/vjera-i-kultura\/ne-propustite-zagrebacku-premijeru-sedlarovog-filma-o-ubijenim-svecenicima-i-casnim-sestrama\">https:\/\/narod.hr\/vjera-i-kultura\/ne-propustite-zagrebacku-premijeru-sedlarovog-filma-o-ubijenim-svecenicima-i-casnim-sestrama<\/a><\/p>\n\n\n\n<figure class=\"wp-block-embed is-type-wp-embed is-provider-jakov-sedlar wp-block-embed-jakov-sedlar\"><div class=\"wp-block-embed__wrapper\">\n<blockquote class=\"wp-embedded-content\" data-secret=\"80naVgOJAE\"><a href=\"https:\/\/jakovsedlar.net\/novosti\/hrvatski-mucenici-novi-film-jakova-sedlara\/\">&#8220;Hrvatski mu\u010denici&#8221; novi film Jakova Sedlara<\/a><\/blockquote><iframe loading=\"lazy\" class=\"wp-embedded-content\" sandbox=\"allow-scripts\" security=\"restricted\" style=\"position: absolute; visibility: hidden;\" title=\"&#8220;&#8220;Hrvatski mu\u010denici&#8221; novi film Jakova Sedlara&#8221; &#8212; Jakov Sedlar\" src=\"https:\/\/jakovsedlar.net\/novosti\/hrvatski-mucenici-novi-film-jakova-sedlara\/embed\/#?secret=eQo5OJA5r1#?secret=80naVgOJAE\" data-secret=\"80naVgOJAE\" width=\"600\" height=\"338\" frameborder=\"0\" marginwidth=\"0\" marginheight=\"0\" scrolling=\"no\"><\/iframe>\n<\/div><\/figure>\n\n\n\n<hr class=\"wp-block-separator has-alpha-channel-opacity\"\/>\n","protected":false},"excerpt":{"rendered":"","protected":false},"author":2,"featured_media":45376,"comment_status":"open","ping_status":"open","sticky":false,"template":"","format":"standard","meta":{"_acf_changed":false,"jetpack_post_was_ever_published":false,"_jetpack_newsletter_access":"","_jetpack_dont_email_post_to_subs":false,"_jetpack_newsletter_tier_id":0,"_jetpack_memberships_contains_paywalled_content":false,"_jetpack_memberships_contains_paid_content":false,"footnotes":"","jetpack_publicize_message":"","jetpack_publicize_feature_enabled":true,"jetpack_social_post_already_shared":true,"jetpack_social_options":{"image_generator_settings":{"template":"highway","default_image_id":0,"font":"","enabled":false},"version":2}},"categories":[13,3],"tags":[],"class_list":["post-45375","post","type-post","status-publish","format-standard","has-post-thumbnail","hentry","category-filmovi-i-serije","category-novosti"],"acf":{"facebook_opis":""},"jetpack_publicize_connections":[],"jetpack_featured_media_url":"https:\/\/i0.wp.com\/historiografija.hr\/wp-content\/uploads\/2025\/03\/Mucenici.jpg?fit=1280%2C720&ssl=1","jetpack_sharing_enabled":true,"jetpack-related-posts":[],"_links":{"self":[{"href":"https:\/\/historiografija.hr\/index.php?rest_route=\/wp\/v2\/posts\/45375","targetHints":{"allow":["GET"]}}],"collection":[{"href":"https:\/\/historiografija.hr\/index.php?rest_route=\/wp\/v2\/posts"}],"about":[{"href":"https:\/\/historiografija.hr\/index.php?rest_route=\/wp\/v2\/types\/post"}],"author":[{"embeddable":true,"href":"https:\/\/historiografija.hr\/index.php?rest_route=\/wp\/v2\/users\/2"}],"replies":[{"embeddable":true,"href":"https:\/\/historiografija.hr\/index.php?rest_route=%2Fwp%2Fv2%2Fcomments&post=45375"}],"version-history":[{"count":1,"href":"https:\/\/historiografija.hr\/index.php?rest_route=\/wp\/v2\/posts\/45375\/revisions"}],"predecessor-version":[{"id":45377,"href":"https:\/\/historiografija.hr\/index.php?rest_route=\/wp\/v2\/posts\/45375\/revisions\/45377"}],"wp:featuredmedia":[{"embeddable":true,"href":"https:\/\/historiografija.hr\/index.php?rest_route=\/wp\/v2\/media\/45376"}],"wp:attachment":[{"href":"https:\/\/historiografija.hr\/index.php?rest_route=%2Fwp%2Fv2%2Fmedia&parent=45375"}],"wp:term":[{"taxonomy":"category","embeddable":true,"href":"https:\/\/historiografija.hr\/index.php?rest_route=%2Fwp%2Fv2%2Fcategories&post=45375"},{"taxonomy":"post_tag","embeddable":true,"href":"https:\/\/historiografija.hr\/index.php?rest_route=%2Fwp%2Fv2%2Ftags&post=45375"}],"curies":[{"name":"wp","href":"https:\/\/api.w.org\/{rel}","templated":true}]}}