{"id":45371,"date":"2025-03-20T12:36:58","date_gmt":"2025-03-20T12:36:58","guid":{"rendered":"https:\/\/historiografija.hr\/?p=45371"},"modified":"2025-03-20T12:37:53","modified_gmt":"2025-03-20T12:37:53","slug":"izlozba-generacija-2035-univerzitet-wcnsf","status":"publish","type":"post","link":"https:\/\/historiografija.hr\/?p=45371","title":{"rendered":"Izlo\u017eba \u201eGeneracija 2035., Univerzitet WCNSF\u201c"},"content":{"rendered":"\n<p>U petak, 14. 3. 2025. u Galeriji Forum u Teslinoj 16 u Zagrebu otvorena je izlo\u017ebena akcija Generacija 2035., Univerzitet WCNSF autora Gorana Pe\u0107anca. Izlo\u017eba je reakcija na dva problemati\u010dna tuma\u010denja eskalacije nasilja u ratu na podru\u010dju okupirane Palestine: propagandno i pau\u0161alno definiranje terorizma u slu\u010daju palestinskih gerilskih frakcija i trivijalizacija psiholo\u0161kih preduvjeta za u\u010de\u0161\u0107e u radikalnim vojnim akcijama koje \u010desto uklju\u010duju i \u017ertvovanje civilnih i vlastitih \u017eivota.\u00a0<br><br>Izlo\u017eba se sastoji od dvije vrste eksponata: traka koje kao povez preko glave nosi vojno krilo Hamasa (brigade Al Qassam) na kojima su ispisana svjedo\u010danstva djece Gaze i hibridni, prozno-znanstveni rad u formatu knji\u017eice o\u00a0psiholo\u0161kim uvjetima militantne radikalizacije djece i adolescenata. Oba eksponata govore o specifi\u010dnostima genocida u Gazi, s posebnim naglaskom na dva sasvim nova operativna pojma. Razmjeri i sustavnost razaranja obrazovnog sustava u Gazi naveli su oksfordsku profesoricu Karmu Nabulsi na novi izraz \u2013 skolasticid, dok su humanitarni radnici, uklju\u010duju\u0107i i Lije\u010dnike bez granica, zbog broja slu\u010dajeva ranjene djece bez pre\u017eivjelih u obitelji, u nomenklaturu uveli novi akronim WCNSF \u2013 Wounded child, no surviving family.<br><br>Koncept se u velikoj mjeri ne oslanja na propalestinske izvore, ve\u0107 na izvore koje se bave takozvanim antiterorizmom, uklju\u010duju\u0107i i ameri\u010dki State Department i va\u0161ingtonsku Kongresnu knji\u017enicu. Istra\u017eivanja su kroz povijest pokazala da razaranje obitelji i obrazovnog sustava uvijek u manjoj ili ve\u0107oj mjeri rezultiraju vojnopoliti\u010dkom radikalizacijom djece. S obzirom na to da se u Gazi paralelno odvijaju i skolasticid i ekstremno nasilje nad cijelim dru\u0161tvom jedne grupe, izlo\u017eba na plasti\u010dan na\u010din komentira i \u010dinjenicu da aktualne taktike palestinskih vojnih frakcija nisu rezultat inherentnog zla i\/ili akutnog pomra\u010denja uma. Njihova je geneza primarno u do\u017eivljenom nasilju i dostupnim reakcijama \u00a0na njega. Izlo\u017eba postavlja pitanje \u0161to svijet koji sudjeluje u genocidu u Gazi mo\u017ee o\u010dekivati od generacije koja je genocidom i poni\u017eenjem, a ne \u0161kolom odgojena.<br><br>U okviru izlo\u017ebe u prostorima KIC-a bit \u0107e organiziran razgovor izme\u0111u autora izlo\u017ebe Gorana Pe\u0107anca i urednice knji\u017eice Generacija 2035.: Nekoliko ideja o uzrocima militantne radikalizacije Nine \u010colovi\u0107, doktorandice postdiplomskog studija lingvistike na Filozofskom fakultetu u Zagrebu.<br><br>Izlo\u017eba se mo\u017ee pogledati do 29.3.<\/p>\n\n\n\n<hr class=\"wp-block-separator has-alpha-channel-opacity\"\/>\n\n\n\n<p>Izvori i dodatne obavijesti:<\/p>\n\n\n\n<p><a href=\"https:\/\/www.kic.hr\/galerija-forum\/generacija-2035-univerzitet-wcnsf\">https:\/\/www.kic.hr\/galerija-forum\/generacija-2035-univerzitet-wcnsf<\/a><\/p>\n\n\n\n<p><a href=\"https:\/\/www.kic.hr\/program\/tribine\/o-uzrocima-militantne-radikalizacije-u-okupiranoj-palestini\">https:\/\/www.kic.hr\/program\/tribine\/o-uzrocima-militantne-radikalizacije-u-okupiranoj-palestini<\/a><\/p>\n\n\n\n<hr class=\"wp-block-separator has-alpha-channel-opacity\"\/>\n\n\n\n<figure class=\"wp-block-image size-large is-resized\"><img data-recalc-dims=\"1\" loading=\"lazy\" decoding=\"async\" width=\"768\" height=\"1024\" data-attachment-id=\"45372\" data-permalink=\"https:\/\/historiografija.hr\/?attachment_id=45372\" data-orig-file=\"https:\/\/i0.wp.com\/historiografija.hr\/wp-content\/uploads\/2025\/03\/20250311_175018-scaled.jpg?fit=1920%2C2560&amp;ssl=1\" data-orig-size=\"1920,2560\" data-comments-opened=\"1\" data-image-meta=\"{&quot;aperture&quot;:&quot;1.8&quot;,&quot;credit&quot;:&quot;&quot;,&quot;camera&quot;:&quot;SM-A336B&quot;,&quot;caption&quot;:&quot;&quot;,&quot;created_timestamp&quot;:&quot;1741715418&quot;,&quot;copyright&quot;:&quot;&quot;,&quot;focal_length&quot;:&quot;4.65&quot;,&quot;iso&quot;:&quot;200&quot;,&quot;shutter_speed&quot;:&quot;0.02&quot;,&quot;title&quot;:&quot;&quot;,&quot;orientation&quot;:&quot;1&quot;}\" data-image-title=\"20250311_175018\" data-image-description=\"\" data-image-caption=\"\" data-large-file=\"https:\/\/i0.wp.com\/historiografija.hr\/wp-content\/uploads\/2025\/03\/20250311_175018-scaled.jpg?fit=768%2C1024&amp;ssl=1\" src=\"https:\/\/i0.wp.com\/historiografija.hr\/wp-content\/uploads\/2025\/03\/20250311_175018.jpg?resize=768%2C1024&#038;ssl=1\" alt=\"\" class=\"wp-image-45372\" style=\"width:373px;height:auto\" srcset=\"https:\/\/i0.wp.com\/historiografija.hr\/wp-content\/uploads\/2025\/03\/20250311_175018-scaled.jpg?resize=768%2C1024&amp;ssl=1 768w, https:\/\/i0.wp.com\/historiografija.hr\/wp-content\/uploads\/2025\/03\/20250311_175018-scaled.jpg?resize=225%2C300&amp;ssl=1 225w, https:\/\/i0.wp.com\/historiografija.hr\/wp-content\/uploads\/2025\/03\/20250311_175018-scaled.jpg?resize=1152%2C1536&amp;ssl=1 1152w, https:\/\/i0.wp.com\/historiografija.hr\/wp-content\/uploads\/2025\/03\/20250311_175018-scaled.jpg?resize=1536%2C2048&amp;ssl=1 1536w, https:\/\/i0.wp.com\/historiografija.hr\/wp-content\/uploads\/2025\/03\/20250311_175018-scaled.jpg?w=1920&amp;ssl=1 1920w, https:\/\/i0.wp.com\/historiografija.hr\/wp-content\/uploads\/2025\/03\/20250311_175018-scaled.jpg?w=1720&amp;ssl=1 1720w\" sizes=\"auto, (max-width: 768px) 100vw, 768px\" \/><\/figure>\n\n\n\n<hr class=\"wp-block-separator has-alpha-channel-opacity\"\/>\n","protected":false},"excerpt":{"rendered":"","protected":false},"author":2,"featured_media":45372,"comment_status":"open","ping_status":"open","sticky":false,"template":"","format":"standard","meta":{"_acf_changed":false,"jetpack_post_was_ever_published":false,"_jetpack_newsletter_access":"","_jetpack_dont_email_post_to_subs":false,"_jetpack_newsletter_tier_id":0,"_jetpack_memberships_contains_paywalled_content":false,"_jetpack_memberships_contains_paid_content":false,"footnotes":"","jetpack_publicize_message":"","jetpack_publicize_feature_enabled":true,"jetpack_social_post_already_shared":true,"jetpack_social_options":{"image_generator_settings":{"template":"highway","default_image_id":0,"font":"","enabled":false},"version":2}},"categories":[10,3],"tags":[],"class_list":["post-45371","post","type-post","status-publish","format-standard","has-post-thumbnail","hentry","category-izlozbe","category-novosti"],"acf":{"facebook_opis":""},"jetpack_publicize_connections":[],"jetpack_featured_media_url":"https:\/\/i0.wp.com\/historiografija.hr\/wp-content\/uploads\/2025\/03\/20250311_175018-scaled.jpg?fit=1920%2C2560&ssl=1","jetpack_sharing_enabled":true,"jetpack-related-posts":[],"_links":{"self":[{"href":"https:\/\/historiografija.hr\/index.php?rest_route=\/wp\/v2\/posts\/45371","targetHints":{"allow":["GET"]}}],"collection":[{"href":"https:\/\/historiografija.hr\/index.php?rest_route=\/wp\/v2\/posts"}],"about":[{"href":"https:\/\/historiografija.hr\/index.php?rest_route=\/wp\/v2\/types\/post"}],"author":[{"embeddable":true,"href":"https:\/\/historiografija.hr\/index.php?rest_route=\/wp\/v2\/users\/2"}],"replies":[{"embeddable":true,"href":"https:\/\/historiografija.hr\/index.php?rest_route=%2Fwp%2Fv2%2Fcomments&post=45371"}],"version-history":[{"count":2,"href":"https:\/\/historiografija.hr\/index.php?rest_route=\/wp\/v2\/posts\/45371\/revisions"}],"predecessor-version":[{"id":45374,"href":"https:\/\/historiografija.hr\/index.php?rest_route=\/wp\/v2\/posts\/45371\/revisions\/45374"}],"wp:featuredmedia":[{"embeddable":true,"href":"https:\/\/historiografija.hr\/index.php?rest_route=\/wp\/v2\/media\/45372"}],"wp:attachment":[{"href":"https:\/\/historiografija.hr\/index.php?rest_route=%2Fwp%2Fv2%2Fmedia&parent=45371"}],"wp:term":[{"taxonomy":"category","embeddable":true,"href":"https:\/\/historiografija.hr\/index.php?rest_route=%2Fwp%2Fv2%2Fcategories&post=45371"},{"taxonomy":"post_tag","embeddable":true,"href":"https:\/\/historiografija.hr\/index.php?rest_route=%2Fwp%2Fv2%2Ftags&post=45371"}],"curies":[{"name":"wp","href":"https:\/\/api.w.org\/{rel}","templated":true}]}}