{"id":45365,"date":"2025-03-20T12:12:17","date_gmt":"2025-03-20T12:12:17","guid":{"rendered":"https:\/\/historiografija.hr\/?p=45365"},"modified":"2025-03-20T12:12:17","modified_gmt":"2025-03-20T12:12:17","slug":"tribina-znanstvenicki-identitet-i-uloga-znanosti-erozija-identiteta-u-doba-drustvenih-kriza","status":"publish","type":"post","link":"https:\/\/historiografija.hr\/?p=45365","title":{"rendered":"Tribina \u201eZnanstveni\u010dki identitet i uloga znanosti \u2013 erozija identiteta u doba dru\u0161tvenih kriza\u201c"},"content":{"rendered":"\n<p>Na tribini koja \u0107e se odr\u017eati u utorak, 25. o\u017eujka 2025. u 12 sati u knji\u017enici Instituta za etnologiju i folkloristiku u Zagrebu (\u0160ubi\u0107eva 42, V. kat) govore Marija Brajdi\u0107 Vukovi\u0107, Anita Dremel, Ana Maskalan.<\/p>\n\n\n\n<p>Izlaganje se temelji na dvama radovima iz istra\u017eivanja provedenih tijekom 2024. godine na HRZZ projektu \u201cDru\u0161tvena odgovornost i profesionalna etika hrvatskih znanstvenika &#8211; RESETH\u201d (2023. \u2013 2027.), a pobli\u017ee se bavi pitanjima dru\u0161tvene uloge kao sastavnice znanstveni\u010dkog identiteta te pitanjem osobne autonomije znanstvenika\/ca.<\/p>\n\n\n\n<p>Projekt kvalitativnom metodologijom istra\u017euje \u0161to je dru\u0161tveno odgovoran istra\u017eiva\u010d, na koji na\u010din smisao i sadr\u017eaj znanstvenog rada dolaze iz same znanstvene zajednice i kroz njezinu svakodnevnu istra\u017eiva\u010dku praksu. \u010cini to uz pomo\u0107 razli\u010ditih istra\u017eiva\u010dkih metoda i pristupa koji \u0107e ocrtati samu bit dru\u0161tvene odgovornosti povezanu s profesionalnom etikom znanosti kroz vrijednosti, stavove i pona\u0161anje istra\u017eiva\u010da.<\/p>\n\n\n\n<hr class=\"wp-block-separator has-alpha-channel-opacity\"\/>\n\n\n\n<p>Izvor i dodatne obavijesti:<\/p>\n\n\n\n<figure class=\"wp-block-embed is-type-wp-embed is-provider-institut-za-etnologiju-i-folkloristiku wp-block-embed-institut-za-etnologiju-i-folkloristiku\"><div class=\"wp-block-embed__wrapper\">\n<blockquote class=\"wp-embedded-content\" data-secret=\"Pmk6kTgadI\"><a href=\"https:\/\/www.ief.hr\/\">Naslovna<\/a><\/blockquote><iframe loading=\"lazy\" class=\"wp-embedded-content\" sandbox=\"allow-scripts\" security=\"restricted\" style=\"position: absolute; visibility: hidden;\" title=\"&#8220;Naslovna&#8221; &#8212; Institut za etnologiju i folkloristiku\" src=\"https:\/\/www.ief.hr\/embed\/#?secret=Pmk6kTgadI\" data-secret=\"Pmk6kTgadI\" width=\"600\" height=\"338\" frameborder=\"0\" marginwidth=\"0\" marginheight=\"0\" scrolling=\"no\"><\/iframe>\n<\/div><\/figure>\n\n\n\n<hr class=\"wp-block-separator has-alpha-channel-opacity\"\/>\n","protected":false},"excerpt":{"rendered":"","protected":false},"author":2,"featured_media":45366,"comment_status":"open","ping_status":"open","sticky":false,"template":"","format":"standard","meta":{"_acf_changed":false,"jetpack_post_was_ever_published":false,"_jetpack_newsletter_access":"","_jetpack_dont_email_post_to_subs":false,"_jetpack_newsletter_tier_id":0,"_jetpack_memberships_contains_paywalled_content":false,"_jetpack_memberships_contains_paid_content":false,"footnotes":"","jetpack_publicize_message":"","jetpack_publicize_feature_enabled":true,"jetpack_social_post_already_shared":true,"jetpack_social_options":{"image_generator_settings":{"template":"highway","default_image_id":0,"font":"","enabled":false},"version":2}},"categories":[3],"tags":[],"class_list":["post-45365","post","type-post","status-publish","format-standard","has-post-thumbnail","hentry","category-novosti"],"acf":{"facebook_opis":""},"jetpack_publicize_connections":[],"jetpack_featured_media_url":"https:\/\/i0.wp.com\/historiografija.hr\/wp-content\/uploads\/2025\/03\/Tribina_IEF.jpg?fit=1448%2C2048&ssl=1","jetpack_sharing_enabled":true,"jetpack-related-posts":[],"_links":{"self":[{"href":"https:\/\/historiografija.hr\/index.php?rest_route=\/wp\/v2\/posts\/45365","targetHints":{"allow":["GET"]}}],"collection":[{"href":"https:\/\/historiografija.hr\/index.php?rest_route=\/wp\/v2\/posts"}],"about":[{"href":"https:\/\/historiografija.hr\/index.php?rest_route=\/wp\/v2\/types\/post"}],"author":[{"embeddable":true,"href":"https:\/\/historiografija.hr\/index.php?rest_route=\/wp\/v2\/users\/2"}],"replies":[{"embeddable":true,"href":"https:\/\/historiografija.hr\/index.php?rest_route=%2Fwp%2Fv2%2Fcomments&post=45365"}],"version-history":[{"count":1,"href":"https:\/\/historiografija.hr\/index.php?rest_route=\/wp\/v2\/posts\/45365\/revisions"}],"predecessor-version":[{"id":45367,"href":"https:\/\/historiografija.hr\/index.php?rest_route=\/wp\/v2\/posts\/45365\/revisions\/45367"}],"wp:featuredmedia":[{"embeddable":true,"href":"https:\/\/historiografija.hr\/index.php?rest_route=\/wp\/v2\/media\/45366"}],"wp:attachment":[{"href":"https:\/\/historiografija.hr\/index.php?rest_route=%2Fwp%2Fv2%2Fmedia&parent=45365"}],"wp:term":[{"taxonomy":"category","embeddable":true,"href":"https:\/\/historiografija.hr\/index.php?rest_route=%2Fwp%2Fv2%2Fcategories&post=45365"},{"taxonomy":"post_tag","embeddable":true,"href":"https:\/\/historiografija.hr\/index.php?rest_route=%2Fwp%2Fv2%2Ftags&post=45365"}],"curies":[{"name":"wp","href":"https:\/\/api.w.org\/{rel}","templated":true}]}}