{"id":45361,"date":"2025-03-20T12:02:28","date_gmt":"2025-03-20T12:02:28","guid":{"rendered":"https:\/\/historiografija.hr\/?p=45361"},"modified":"2025-03-20T12:03:03","modified_gmt":"2025-03-20T12:03:03","slug":"predstavljanje-knjige-jelene-markovic-sutnje-straha","status":"publish","type":"post","link":"https:\/\/historiografija.hr\/?p=45361","title":{"rendered":"Predstavljanje knjige Jelene Markovi\u0107 \u201e\u0160utnje straha\u201c"},"content":{"rendered":"\n<p>Predstavljanje nove knjige Jelene Markovi\u0107 <strong>&#8220;\u0160utnje straha&#8221;<\/strong> (Institut za etnologiju i folkloristiku, 2024.) bit \u0107e u petak, 21. o\u017eujka 2025. u 18 sati u Booksi u Zagrebu (Marti\u0107eva 14d).<\/p>\n\n\n\n<p>U razgovoru \u0107e uz autoricu sudjelovati <strong>Natka Badurina<\/strong> (izvanredna profesorica na Sveu\u010dili\u0161tu u Udinama),<strong>&nbsp;Una Bauer<\/strong> (docentica na Akademiji dramske umjetnosti u Zagrebu),&nbsp;<strong>Tanja Bukov\u010dan<\/strong> (izvanredna profesorica na Odsjeku za etnologiju i kulturnu antropologiju Filozofskog fakulteta u Zagrebu) i moderatorica <strong>Renata Jambre\u0161i\u0107 Kirin<\/strong> (znanstvena savjetnica u trajnom zvanju Instituta za etnologiju i folkloristiku u Zagrebu).&nbsp;<\/p>\n\n\n\n<hr class=\"wp-block-separator has-alpha-channel-opacity\"\/>\n\n\n\n<p>Postoje\u0107oj literaturi o strahu, koja uglavnom inzistira na vezi straha i narativnosti, ova knjiga dodaje dosad nedovoljno istra\u017eenu perspektivu odnosa straha i \u0161utnje. Narativizacija i \u0161utnja promatraju se usporedno i bez apriornih sudova o njihovoj (ne)u\u010dinkovitosti, odnosno dru\u0161tvenoj blagotvornosti ili \u0161teti. Suprotno na\u0161im o\u010dekivanjima, naracija ne mora imati u\u010dinak lijeka za strah, kao \u0161to je mogu\u0107e i da \u0161utnja ne bude znak predaje i poraza, ve\u0107 nepristajanja i otpora. Provodne teme straha i \u0161utnje u knjizi su primijenjene na pojave dru\u0161tvene netolerancije, vernakularne narative o porijeklu rata, traumatskim naslagama obilje\u017eene hrvatske regije, osobno iskustvo neverbalnoga kazali\u0161ta, \u2018\u2019neiskaziva\u2019\u2019 iskustva boli i patnje, pandemiju koronavirusa, a sva su ta novoistra\u017eena podru\u010dja potkrijepljena bogatom i izvornom etnografskom gra\u0111om.&nbsp;<\/p>\n\n\n\n<p><strong>Natka Badurina<\/strong><\/p>\n\n\n\n<hr class=\"wp-block-separator has-alpha-channel-opacity\"\/>\n\n\n\n<p>Gotovo paradoksalno za vrsnu teoreti\u010darku (usmenoga) pripovijedanja, autorica svoj analiti\u010dki instrumentarij usmjeruje na ono \u0161to je neispri\u010dano, pre\u0161u\u0107eno, u\u0161utkano, neizgovorljivo, te\u0161ko komunikabilno. Relevantnost ove studije jest u teorijskoj i etnografskoj sposobnosti zahva\u0107anja tabua, trauma i inhibicija koje nas kao gra\u0111ane i kolektive prije\u010de da kreiramo (naprednije) politi\u010dke zajednice i druga\u010diji tijek povijesti. Oslu\u0161kuju\u0107i one najranjivije i najugro\u017eenije, deprivirane i deprimirane te najmanje vidljive \u010dlanove dru\u0161tva zahva\u0107enoga socijalnim raslojavanjem, ugrozom pandemije i prirodnih katastrofa, autorica dovodi u pitanje tezu da su humanisti\u010dki znanstvenici po definiciji ljubopitljivi, eti\u010dni i progresivni humanisti koji osiguravaju dru\u0161tvenu vidljivost i glas marginaliziranim skupinama te koji se bore protiv statusa quo.<\/p>\n\n\n\n<p><strong>Renata Jambre\u0161i\u0107 Kirin<\/strong><\/p>\n\n\n\n<hr class=\"wp-block-separator has-alpha-channel-opacity\"\/>\n\n\n\n<p>Izvori:<\/p>\n\n\n\n<figure class=\"wp-block-embed is-type-wp-embed is-provider-institut-za-etnologiju-i-folkloristiku wp-block-embed-institut-za-etnologiju-i-folkloristiku\"><div class=\"wp-block-embed__wrapper\">\n<blockquote class=\"wp-embedded-content\" data-secret=\"qSvkA7vwgC\"><a href=\"https:\/\/www.ief.hr\/\">Naslovna<\/a><\/blockquote><iframe loading=\"lazy\" class=\"wp-embedded-content\" sandbox=\"allow-scripts\" security=\"restricted\" style=\"position: absolute; visibility: hidden;\" title=\"&#8220;Naslovna&#8221; &#8212; Institut za etnologiju i folkloristiku\" src=\"https:\/\/www.ief.hr\/embed\/#?secret=qSvkA7vwgC\" data-secret=\"qSvkA7vwgC\" width=\"600\" height=\"338\" frameborder=\"0\" marginwidth=\"0\" marginheight=\"0\" scrolling=\"no\"><\/iframe>\n<\/div><\/figure>\n\n\n\n<p><a href=\"https:\/\/www.ief.hr\/novosti\/https-www-ief-hr-wp-content-uploads-2024-03-sutnje-straha_omot-scaled-jpg\/\">https:\/\/www.ief.hr\/novosti\/https-www-ief-hr-wp-content-uploads-2024-03-sutnje-straha_omot-scaled-jpg\/<\/a><\/p>\n\n\n\n<p><a href=\"https:\/\/booksa.hr\/u-klubu\/program\/ostali-programi\/predstavljanje-knjige-sutnje-straha-jelene-markovic\">https:\/\/booksa.hr\/u-klubu\/program\/ostali-programi\/predstavljanje-knjige-sutnje-straha-jelene-markovic<\/a><\/p>\n\n\n\n<hr class=\"wp-block-separator has-alpha-channel-opacity\"\/>\n","protected":false},"excerpt":{"rendered":"","protected":false},"author":2,"featured_media":45362,"comment_status":"open","ping_status":"open","sticky":false,"template":"","format":"standard","meta":{"_acf_changed":false,"jetpack_post_was_ever_published":false,"_jetpack_newsletter_access":"","_jetpack_dont_email_post_to_subs":false,"_jetpack_newsletter_tier_id":0,"_jetpack_memberships_contains_paywalled_content":false,"_jetpack_memberships_contains_paid_content":false,"footnotes":"","jetpack_publicize_message":"","jetpack_publicize_feature_enabled":true,"jetpack_social_post_already_shared":true,"jetpack_social_options":{"image_generator_settings":{"template":"highway","default_image_id":0,"font":"","enabled":false},"version":2}},"categories":[3],"tags":[],"class_list":["post-45361","post","type-post","status-publish","format-standard","has-post-thumbnail","hentry","category-novosti"],"acf":{"facebook_opis":""},"jetpack_publicize_connections":[],"jetpack_featured_media_url":"https:\/\/i0.wp.com\/historiografija.hr\/wp-content\/uploads\/2025\/03\/Markovic.png?fit=576%2C447&ssl=1","jetpack_sharing_enabled":true,"jetpack-related-posts":[],"_links":{"self":[{"href":"https:\/\/historiografija.hr\/index.php?rest_route=\/wp\/v2\/posts\/45361","targetHints":{"allow":["GET"]}}],"collection":[{"href":"https:\/\/historiografija.hr\/index.php?rest_route=\/wp\/v2\/posts"}],"about":[{"href":"https:\/\/historiografija.hr\/index.php?rest_route=\/wp\/v2\/types\/post"}],"author":[{"embeddable":true,"href":"https:\/\/historiografija.hr\/index.php?rest_route=\/wp\/v2\/users\/2"}],"replies":[{"embeddable":true,"href":"https:\/\/historiografija.hr\/index.php?rest_route=%2Fwp%2Fv2%2Fcomments&post=45361"}],"version-history":[{"count":2,"href":"https:\/\/historiografija.hr\/index.php?rest_route=\/wp\/v2\/posts\/45361\/revisions"}],"predecessor-version":[{"id":45364,"href":"https:\/\/historiografija.hr\/index.php?rest_route=\/wp\/v2\/posts\/45361\/revisions\/45364"}],"wp:featuredmedia":[{"embeddable":true,"href":"https:\/\/historiografija.hr\/index.php?rest_route=\/wp\/v2\/media\/45362"}],"wp:attachment":[{"href":"https:\/\/historiografija.hr\/index.php?rest_route=%2Fwp%2Fv2%2Fmedia&parent=45361"}],"wp:term":[{"taxonomy":"category","embeddable":true,"href":"https:\/\/historiografija.hr\/index.php?rest_route=%2Fwp%2Fv2%2Fcategories&post=45361"},{"taxonomy":"post_tag","embeddable":true,"href":"https:\/\/historiografija.hr\/index.php?rest_route=%2Fwp%2Fv2%2Ftags&post=45361"}],"curies":[{"name":"wp","href":"https:\/\/api.w.org\/{rel}","templated":true}]}}