{"id":45356,"date":"2025-03-20T11:48:18","date_gmt":"2025-03-20T11:48:18","guid":{"rendered":"https:\/\/historiografija.hr\/?p=45356"},"modified":"2025-03-20T12:00:42","modified_gmt":"2025-03-20T12:00:42","slug":"promocija-knjige-za-nesavrseni-film-tekstovi-i-manifesti-trece-kinematografije","status":"publish","type":"post","link":"https:\/\/historiografija.hr\/?p=45356","title":{"rendered":"Promocija knjige &#8220;Za nesavr\u0161eni film: tekstovi i manifesti tre\u0107e kinematografije&#8221;"},"content":{"rendered":"\n<p><strong>ZA NESAVR\u0160ENI FILM: Tekstovi i manifesti tre\u0107e kinematografije<\/strong><\/p>\n\n\n\n<p><strong>promocija knjige<\/strong><\/p>\n\n\n\n<p><strong>petak, 21. 3. 2025. u 19h<\/strong><\/p>\n\n\n\n<p><strong>Dokukino KIC, Zagreb<\/strong><\/p>\n\n\n\n<p>Pozivamo vas na promociju \u0161estog izdanja u biblioteci Tendencija, izbora tekstova i manifesta iz tradicije borbenog filma, odnosno filmova tre\u0107e kinematografije, proiza\u0161lih iz revolucionarnih pokreta za oslobo\u0111enje. Knjigu besplatno dijelimo svima zainteresiranima.<\/p>\n\n\n\n<p>Na promociji \u0107e govoriti:&nbsp;<\/p>\n\n\n\n<p><strong>Hrvoslava Brku\u0161i\u0107<\/strong>&nbsp;(monta\u017eerka)<\/p>\n\n\n\n<p><strong>Karla Crn\u010devi\u0107<\/strong> (urednica izdanja)<\/p>\n\n\n\n<p>i<\/p>\n\n\n\n<p><strong>Vesna Vukovi\u0107<\/strong> (prevoditeljica i urednica biblioteke)<\/p>\n\n\n\n<p>\u201c\u0160esto izdanje Tendencije obuhva\u0107a vi\u0161e autora sna\u017ene filmske tradicije borbenog filma, poprili\u010dno nevidljive i zapostavljene u na\u0161em kontekstu, a u ovom trenutku iznimno aktualne. Ova odluka slijedi ideju me\u0111unarodne suradnje u kulturnoj proizvodnji koja proizlazi iz revolucionarnih pokreta te tako povezuje sve narode u borbi za oslobo\u0111enje. U okviru te ideje filmsku su liniju, koja se javila krajem 1950-ih, uz rame revolucionarnim doga\u0111anjima, u manifestu kojim otvaramo ovu publikaciju argentinski filma\u0161i Solanas i Getino definirali kao tre\u0107u kinematografiju. Ona se uspostavlja upravo kao suprotnost tradicionalnim kinematografijama koje postoje do tog trenutka \u2013 onoj prvoj, holivudskoj, i drugoj, europskoj \u2013 te njihovim pandanima na razli\u010ditim kontinentima. \u0160ire ju zovemo borbeni film (militant cinema), a njegov je razvoj obilje\u017een internacionalnim povezivanjem filma\u0161a i porastom broja filmova 1960-ih i 1970-ih koji su se financirali i distribuirali na druga\u010diji na\u010din, od Latinske Amerike, preko Bliskog istoka, Afrike, Azije pa do krugova alternativnog filma u Europi te SAD-u.\u201d<\/p>\n\n\n\n<p>(&#8230;)<\/p>\n\n\n\n<p>\u201cNa\u0161 interes za va\u017enu temu borbenog filma javlja se iz \u017eelje da se promijeni perspektiva njezine zanemarenosti i nevidljivosti u lokalnom kontekstu, kao poku\u0161aj da pogled ponovno usmjerimo prema bogatim tradicijama nezapadnih kinematografija koje su proizlazile iz \u0161irih politi\u010dkih pitanja i odnosa te da se prisjetimo da su te filmske slike, kao i stvarnosti u kojima su one nastajale, ne tako davno bile (druga\u010dije) prisutne u na\u0161oj politi\u010dkoj svakodnevici.\u201d<\/p>\n\n\n\n<p><strong>(iz predgovora)<\/strong><\/p>\n\n\n\n<p>Nakon promocije, slijedi projekcija filma \u201c<strong>Finally Got the News<\/strong>\u201d (55 min) o \u010dijem nastajanju u kontekstu borbe Crnih tvorni\u010dkih radnika u Detroitu 1960-ih govori tekst \u201cKona\u010dno imamo vijesti: stvaranje radikalnog filma\u201d, koji donosimo u knjizi. Projekciju donosimo u suradnji s udrugom <strong>Restart<\/strong> i <strong>Dokukinom KIC<\/strong>.&nbsp;<\/p>\n\n\n\n<p><strong>Kona\u010dno imamo vijesti<\/strong> (r. Stewart Bird, Rene Lichtman i Peter Gessner, 1970., 55&#8242;)<\/p>\n\n\n\n<p>Liga revolucionarnih Crnih radnika bila je jedan od najva\u017enijih radikalnih pokreta 20. stolje\u0107a \u2014 pokret predvo\u0111en Crnim revolucionarima \u010dija je vizija emancipacije za sve danas prijeko potrebna. Ovaj povijesno va\u017ean dokumentarac bilje\u017ei aktivnosti revolucionarnih Crnih radnika i radnica unutar i izvan tvornica automobila u Detroitu. Kroz intervjue s \u010dlanovima pokreta, snimke radni\u010dkih akcija, dijeljenja letaka i protestiranja, film dokumentira njihove napore da izgrade neovisnu radni\u010dku organizaciju koja \u0107e odgovoriti na probleme kao \u0161to su ubrzanje pokretne trake i neadekvatne pla\u0107e. Po\u010dev\u0161i s povijesnom monta\u017eom, od ranih dana ropstva do kasnijeg rasta i organizacije radni\u010dke klase, Kona\u010dno imamo vijesti fokusira se na klju\u010dnu ulogu Crnih radnika i radnica u ameri\u010dkom gospodarstvu. Tako\u0111er istra\u017euje nejednakosti obrazovnog sustava i manjak prilika za mlade Afroamerikance, ulogu afroameri\u010dkih \u017eena u radnoj snazi \u200b\u200bi odnose izme\u0111u bijelih i Crnih radnika i radnica.<\/p>\n\n\n\n<p>Uvodnu rije\u010d o filmu dat \u0107e voditeljica Dokukina KIC <strong>Dina Pokrajac<\/strong>.&nbsp;<\/p>\n\n\n\n<p><strong>izdava\u010d:<\/strong> BLOK<\/p>\n\n\n\n<p><strong>organizatori:<\/strong> BLOK i Dokukino KIC<\/p>\n\n\n\n<p><strong>urednica biblioteke:<\/strong> Vesna Vukovi\u0107&nbsp;<\/p>\n\n\n\n<p><strong>urednica izdanja i autorica predgovora:<\/strong> Karla Crn\u010devi\u0107&nbsp;<\/p>\n\n\n\n<p><strong>izvr\u0161ne urednice:<\/strong> Maja Bla\u017eevi\u0107 i Vesna Vukovi\u0107<\/p>\n\n\n\n<p><strong>prijevod:<\/strong> Karmen Kova\u010devi\u0107 (\u201eHacia un Tercer Cine: Apuntes y experiencias para el desarrollo de un cine de liberaci\u00f3n en el Tercer Mundo\u201d, \u201ePor un cine imperfecto\u201d), Vesna Vukovi\u0107 (\u201eInitial Statement of the Newsreel\u201d, \u201eFinally Got the News: The Making of a Radical Film\u201d, \u201eManifesto of the Palestinian Cinema Group\u201d, \u201eManifesto of New Cinema in Egypt\u201d), Ksenija Zubkovi\u0107 (\u201eBele\u017eke o razrednem boju v obzornikih\u201d)<\/p>\n\n\n\n<p><strong>lektura i korektura:<\/strong> Jana Pamukovi\u0107&nbsp;<\/p>\n\n\n\n<p><strong>dizajn:<\/strong> Hrvoje \u017div\u010di\u0107&nbsp;<\/p>\n\n\n\n<p><strong>prijelom:<\/strong> Ian Farka\u0161<\/p>\n\n\n\n<p><strong>Knjiga je objavljena u sklopu projekta \u201cPoliti\u010dka \u0161kola za umjetnike 2024.\u201d, a promocija se odr\u017eava u okviru projekta \u201cKongres umjetnika i kulturnih radnica 2025.\u201d koji financijski podr\u017eava Rosa Luxemburg Stiftung Southeast Europe. Godi\u0161nji program BLOK-a 2025. podr\u017eava Zaklada &#8220;Kultura nova&#8221;.<\/strong><\/p>\n\n\n\n<hr class=\"wp-block-separator has-alpha-channel-opacity\"\/>\n\n\n\n<p>Izvori:<\/p>\n\n\n\n<p><a href=\"https:\/\/www.blok.hr\/hr\/politicka-skola-za-umjetnike\/promocija-knjige-za-nesavrseni-film-tekstovi-i-manifesti-trece-kinematografije\">https:\/\/www.blok.hr\/hr\/politicka-skola-za-umjetnike\/promocija-knjige-za-nesavrseni-film-tekstovi-i-manifesti-trece-kinematografije<\/a><\/p>\n\n\n\n<figure class=\"wp-block-embed is-type-wp-embed is-provider-dokukino-kic-kino-sa-stavom wp-block-embed-dokukino-kic-kino-sa-stavom\"><div class=\"wp-block-embed__wrapper\">\n<blockquote class=\"wp-embedded-content\" data-secret=\"wkycynVUu4\"><a href=\"https:\/\/dokukino.net\/film\/promocija-knjige-za-nesavrseni-film-tekstovi-i-manifesti-trece-kinematografije-i-projekcija-filma-konacno-imamo-vijesti\/\">Promocija knjige ZA NESAVR\u0160ENI FILM: Tekstovi i manifesti tre\u0107e kinematografije i projekcija filma Kona\u010dno imamo vijesti<\/a><\/blockquote><iframe loading=\"lazy\" class=\"wp-embedded-content\" sandbox=\"allow-scripts\" security=\"restricted\" style=\"position: absolute; visibility: hidden;\" title=\"&#8220;Promocija knjige ZA NESAVR\u0160ENI FILM: Tekstovi i manifesti tre\u0107e kinematografije i projekcija filma Kona\u010dno imamo vijesti&#8221; &#8212; Dokukino KIC - Kino sa stavom\" src=\"https:\/\/dokukino.net\/film\/promocija-knjige-za-nesavrseni-film-tekstovi-i-manifesti-trece-kinematografije-i-projekcija-filma-konacno-imamo-vijesti\/embed\/#?secret=1HtDIOMGNO#?secret=wkycynVUu4\" data-secret=\"wkycynVUu4\" width=\"600\" height=\"338\" frameborder=\"0\" marginwidth=\"0\" marginheight=\"0\" scrolling=\"no\"><\/iframe>\n<\/div><\/figure>\n\n\n\n<hr class=\"wp-block-separator has-alpha-channel-opacity\"\/>\n","protected":false},"excerpt":{"rendered":"","protected":false},"author":2,"featured_media":45357,"comment_status":"open","ping_status":"open","sticky":false,"template":"","format":"standard","meta":{"_acf_changed":false,"jetpack_post_was_ever_published":false,"_jetpack_newsletter_access":"","_jetpack_dont_email_post_to_subs":false,"_jetpack_newsletter_tier_id":0,"_jetpack_memberships_contains_paywalled_content":false,"_jetpack_memberships_contains_paid_content":false,"footnotes":"","jetpack_publicize_message":"","jetpack_publicize_feature_enabled":true,"jetpack_social_post_already_shared":true,"jetpack_social_options":{"image_generator_settings":{"template":"highway","default_image_id":0,"font":"","enabled":false},"version":2}},"categories":[13,3],"tags":[],"class_list":["post-45356","post","type-post","status-publish","format-standard","has-post-thumbnail","hentry","category-filmovi-i-serije","category-novosti"],"acf":{"facebook_opis":""},"jetpack_publicize_connections":[],"jetpack_featured_media_url":"https:\/\/i0.wp.com\/historiografija.hr\/wp-content\/uploads\/2025\/03\/Za_nesavrseni_film.png?fit=475%2C475&ssl=1","jetpack_sharing_enabled":true,"jetpack-related-posts":[],"_links":{"self":[{"href":"https:\/\/historiografija.hr\/index.php?rest_route=\/wp\/v2\/posts\/45356","targetHints":{"allow":["GET"]}}],"collection":[{"href":"https:\/\/historiografija.hr\/index.php?rest_route=\/wp\/v2\/posts"}],"about":[{"href":"https:\/\/historiografija.hr\/index.php?rest_route=\/wp\/v2\/types\/post"}],"author":[{"embeddable":true,"href":"https:\/\/historiografija.hr\/index.php?rest_route=\/wp\/v2\/users\/2"}],"replies":[{"embeddable":true,"href":"https:\/\/historiografija.hr\/index.php?rest_route=%2Fwp%2Fv2%2Fcomments&post=45356"}],"version-history":[{"count":3,"href":"https:\/\/historiografija.hr\/index.php?rest_route=\/wp\/v2\/posts\/45356\/revisions"}],"predecessor-version":[{"id":45360,"href":"https:\/\/historiografija.hr\/index.php?rest_route=\/wp\/v2\/posts\/45356\/revisions\/45360"}],"wp:featuredmedia":[{"embeddable":true,"href":"https:\/\/historiografija.hr\/index.php?rest_route=\/wp\/v2\/media\/45357"}],"wp:attachment":[{"href":"https:\/\/historiografija.hr\/index.php?rest_route=%2Fwp%2Fv2%2Fmedia&parent=45356"}],"wp:term":[{"taxonomy":"category","embeddable":true,"href":"https:\/\/historiografija.hr\/index.php?rest_route=%2Fwp%2Fv2%2Fcategories&post=45356"},{"taxonomy":"post_tag","embeddable":true,"href":"https:\/\/historiografija.hr\/index.php?rest_route=%2Fwp%2Fv2%2Ftags&post=45356"}],"curies":[{"name":"wp","href":"https:\/\/api.w.org\/{rel}","templated":true}]}}