{"id":45352,"date":"2025-03-19T18:25:04","date_gmt":"2025-03-19T18:25:04","guid":{"rendered":"https:\/\/historiografija.hr\/?p=45352"},"modified":"2025-03-19T18:26:43","modified_gmt":"2025-03-19T18:26:43","slug":"hrt-svi-hrvatski-strajkovi-u-prosvjeti","status":"publish","type":"post","link":"https:\/\/historiografija.hr\/?p=45352","title":{"rendered":"HRT: Svi hrvatski \u0161trajkovi u prosvjeti"},"content":{"rendered":"\n<p>U nastavku upu\u0107ujemo na HRT-ov prilog \u201eSvi hrvatski \u0161trajkovi u prosvjeti: 35 godina borbe za dostojanstvo\u201c koji u audiovizualnom i tekstualnom obliku donosi kratki pregled \u201esvih \u0161trajkova u prosvjeti u Hrvatskoj u ovih 35 godina\u201c, po\u010dev\u0161i od 1994. do danas zapo\u010detog \u0161trajka 2025. godine.<\/p>\n\n\n\n<hr class=\"wp-block-separator has-alpha-channel-opacity\"\/>\n\n\n\n<p>Op\u0161irnije:<\/p>\n\n\n\n<p><a href=\"https:\/\/vijesti.hrt.hr\/hrvatska\/borba-za-dostojanstvo-35-godina-strajkova-u-prosvjeti-12063084\">https:\/\/vijesti.hrt.hr\/hrvatska\/borba-za-dostojanstvo-35-godina-strajkova-u-prosvjeti-12063084<\/a><\/p>\n\n\n\n<p><a href=\"https:\/\/www.nsz.hr\/novosti-i-obavijesti\/iz-medija\/svi-hrvatski-strajkovi-u-prosvjeti\">https:\/\/www.nsz.hr\/novosti-i-obavijesti\/iz-medija\/svi-hrvatski-strajkovi-u-prosvjeti<\/a><\/p>\n\n\n\n<hr class=\"wp-block-separator has-alpha-channel-opacity\"\/>\n\n\n\n<p><\/p>\n","protected":false},"excerpt":{"rendered":"","protected":false},"author":2,"featured_media":45353,"comment_status":"open","ping_status":"open","sticky":false,"template":"","format":"standard","meta":{"_acf_changed":false,"jetpack_post_was_ever_published":false,"_jetpack_newsletter_access":"","_jetpack_dont_email_post_to_subs":false,"_jetpack_newsletter_tier_id":0,"_jetpack_memberships_contains_paywalled_content":false,"_jetpack_memberships_contains_paid_content":false,"footnotes":"","jetpack_publicize_message":"","jetpack_publicize_feature_enabled":true,"jetpack_social_post_already_shared":true,"jetpack_social_options":{"image_generator_settings":{"template":"highway","default_image_id":0,"font":"","enabled":false},"version":2}},"categories":[3],"tags":[],"class_list":["post-45352","post","type-post","status-publish","format-standard","has-post-thumbnail","hentry","category-novosti"],"acf":{"facebook_opis":""},"jetpack_publicize_connections":[],"jetpack_featured_media_url":"https:\/\/i0.wp.com\/historiografija.hr\/wp-content\/uploads\/2025\/03\/Strajk_2019.png?fit=1280%2C720&ssl=1","jetpack_sharing_enabled":true,"jetpack-related-posts":[],"_links":{"self":[{"href":"https:\/\/historiografija.hr\/index.php?rest_route=\/wp\/v2\/posts\/45352","targetHints":{"allow":["GET"]}}],"collection":[{"href":"https:\/\/historiografija.hr\/index.php?rest_route=\/wp\/v2\/posts"}],"about":[{"href":"https:\/\/historiografija.hr\/index.php?rest_route=\/wp\/v2\/types\/post"}],"author":[{"embeddable":true,"href":"https:\/\/historiografija.hr\/index.php?rest_route=\/wp\/v2\/users\/2"}],"replies":[{"embeddable":true,"href":"https:\/\/historiografija.hr\/index.php?rest_route=%2Fwp%2Fv2%2Fcomments&post=45352"}],"version-history":[{"count":2,"href":"https:\/\/historiografija.hr\/index.php?rest_route=\/wp\/v2\/posts\/45352\/revisions"}],"predecessor-version":[{"id":45355,"href":"https:\/\/historiografija.hr\/index.php?rest_route=\/wp\/v2\/posts\/45352\/revisions\/45355"}],"wp:featuredmedia":[{"embeddable":true,"href":"https:\/\/historiografija.hr\/index.php?rest_route=\/wp\/v2\/media\/45353"}],"wp:attachment":[{"href":"https:\/\/historiografija.hr\/index.php?rest_route=%2Fwp%2Fv2%2Fmedia&parent=45352"}],"wp:term":[{"taxonomy":"category","embeddable":true,"href":"https:\/\/historiografija.hr\/index.php?rest_route=%2Fwp%2Fv2%2Fcategories&post=45352"},{"taxonomy":"post_tag","embeddable":true,"href":"https:\/\/historiografija.hr\/index.php?rest_route=%2Fwp%2Fv2%2Ftags&post=45352"}],"curies":[{"name":"wp","href":"https:\/\/api.w.org\/{rel}","templated":true}]}}