{"id":45349,"date":"2025-03-18T23:29:12","date_gmt":"2025-03-18T23:29:12","guid":{"rendered":"https:\/\/historiografija.hr\/?p=45349"},"modified":"2025-03-27T20:14:57","modified_gmt":"2025-03-27T20:14:57","slug":"predstavljanje-knjige-vjerana-kursara-hrvatski-levantinci-u-osmanskom-istanbulu-u-rijeci","status":"publish","type":"post","link":"https:\/\/historiografija.hr\/?p=45349","title":{"rendered":"Predstavljanje knjige Vjerana Kursara \u201eHrvatski Levantinci u osmanskom Istanbulu\u201c u Rijeci"},"content":{"rendered":"\n<p>U Gradskoj knji\u017enici Rijeka, u ponedjeljak 24. o\u017eujka 2025. u 18 sati odr\u017eat \u0107e se prvo predstavljanje knjige Vjerana Kursara&nbsp;<em>Hrvatski Levantinci u osmanskom Istanbulu<\/em>.<\/p>\n\n\n\n<p>Uvodni\u010dar predstavljanja bit \u0107e prof. dr. sc. Sa\u0161a Ostoji\u0107, predsjednik Hrvatsko-turskog dru\u0161tva Rijeka, a knjigu \u0107e predstaviti:<\/p>\n\n\n\n<p>\u2013 dr. sc. Vedran Obu\u0107ina, dopredsjednik Hrvatsko-turskog dru\u0161tva Rijeka<br>\u2013 autor izv. prof. dr. sc. Vjeran Kursar, Filozofski fakultet Zagreb<br>\u2013 nakladnik prof. dr. sc. Damir Agi\u010di\u0107, Filozofski fakultet Zagreb<\/p>\n\n\n\n<p>Organizator susreta je Hrvatsko-tursko dru\u0161tvo Rijeka.<\/p>\n\n\n\n<p>Vi\u0161e informacija na:<\/p>\n\n\n\n<p><a href=\"https:\/\/gkr.hr\/magazin\/najave\/predstavljanje-knjige-hrvatski-levantinci-u-osmanskom-istanbulu-vjerana-kursara--a-5838\">https:\/\/gkr.hr\/magazin\/najave\/predstavljanje-knjige-hrvatski-levantinci-u-osmanskom-istanbulu-vjerana-kursara&#8211;a-5838<\/a><\/p>\n\n\n\n<hr class=\"wp-block-separator has-alpha-channel-opacity\"\/>\n\n\n\n<p>Izvor:<\/p>\n\n\n\n<figure class=\"wp-block-embed is-type-wp-embed is-provider-srednja-europa wp-block-embed-srednja-europa\"><div class=\"wp-block-embed__wrapper\">\n<blockquote class=\"wp-embedded-content\" data-secret=\"aUSdKRuim2\"><a href=\"https:\/\/srednja-europa.hr\/novosti\/predstavljanje-knjige-vjerana-kursara-hrvatski-levantinci-u-osmanskom-istanbulu\/\">Predstavljanje knjige Vjerana Kursara Hrvatski Levantinci u osmanskom Istanbulu<\/a><\/blockquote><iframe loading=\"lazy\" class=\"wp-embedded-content\" sandbox=\"allow-scripts\" security=\"restricted\" style=\"position: absolute; visibility: hidden;\" title=\"&#8220;Predstavljanje knjige Vjerana Kursara Hrvatski Levantinci u osmanskom Istanbulu&#8221; &#8212; Srednja Europa\" src=\"https:\/\/srednja-europa.hr\/novosti\/predstavljanje-knjige-vjerana-kursara-hrvatski-levantinci-u-osmanskom-istanbulu\/embed\/#?secret=aUSdKRuim2\" data-secret=\"aUSdKRuim2\" width=\"600\" height=\"338\" frameborder=\"0\" marginwidth=\"0\" marginheight=\"0\" scrolling=\"no\"><\/iframe>\n<\/div><\/figure>\n\n\n\n<hr class=\"wp-block-separator has-alpha-channel-opacity\"\/>\n\n\n\n<p>Iz medija:<\/p>\n\n\n\n<figure class=\"wp-block-embed is-type-wp-embed is-provider-novi-list wp-block-embed-novi-list\"><div class=\"wp-block-embed__wrapper\">\n<blockquote class=\"wp-embedded-content\" data-secret=\"mvJ9ebzyoT\"><a href=\"https:\/\/www.novilist.hr\/rijeka-regija\/rijeka\/hrvatski-levantinci-u-osmanskom-istanbulu-u-gradskoj-knjiznici-predstavljena-nagradena-knjiga\/\">&#8220;Hrvatski Levantinci u osmanskom Istanbulu&#8221;: U Gradskoj knji\u017enici predstavljena nagra\u0111ena knjiga<\/a><\/blockquote><iframe loading=\"lazy\" class=\"wp-embedded-content\" sandbox=\"allow-scripts\" security=\"restricted\" style=\"position: absolute; visibility: hidden;\" title=\"&#8220;&#8220;Hrvatski Levantinci u osmanskom Istanbulu&#8221;: U Gradskoj knji\u017enici predstavljena nagra\u0111ena knjiga&#8221; &#8212; Novi list\" src=\"https:\/\/www.novilist.hr\/rijeka-regija\/rijeka\/hrvatski-levantinci-u-osmanskom-istanbulu-u-gradskoj-knjiznici-predstavljena-nagradena-knjiga\/embed\/#?secret=SxaNSUErwG#?secret=mvJ9ebzyoT\" data-secret=\"mvJ9ebzyoT\" width=\"600\" height=\"338\" frameborder=\"0\" marginwidth=\"0\" marginheight=\"0\" scrolling=\"no\"><\/iframe>\n<\/div><\/figure>\n\n\n\n<hr class=\"wp-block-separator has-alpha-channel-opacity\"\/>\n","protected":false},"excerpt":{"rendered":"","protected":false},"author":2,"featured_media":44347,"comment_status":"open","ping_status":"open","sticky":false,"template":"","format":"standard","meta":{"_acf_changed":false,"jetpack_post_was_ever_published":false,"_jetpack_newsletter_access":"","_jetpack_dont_email_post_to_subs":false,"_jetpack_newsletter_tier_id":0,"_jetpack_memberships_contains_paywalled_content":false,"_jetpack_memberships_contains_paid_content":false,"footnotes":"","jetpack_publicize_message":"","jetpack_publicize_feature_enabled":true,"jetpack_social_post_already_shared":true,"jetpack_social_options":{"image_generator_settings":{"template":"highway","default_image_id":0,"font":"","enabled":false},"version":2}},"categories":[3],"tags":[],"class_list":["post-45349","post","type-post","status-publish","format-standard","has-post-thumbnail","hentry","category-novosti"],"acf":{"facebook_opis":""},"jetpack_publicize_connections":[],"jetpack_featured_media_url":"https:\/\/i0.wp.com\/historiografija.hr\/wp-content\/uploads\/2025\/01\/Kursar.jpg?fit=684%2C854&ssl=1","jetpack_sharing_enabled":true,"jetpack-related-posts":[],"_links":{"self":[{"href":"https:\/\/historiografija.hr\/index.php?rest_route=\/wp\/v2\/posts\/45349","targetHints":{"allow":["GET"]}}],"collection":[{"href":"https:\/\/historiografija.hr\/index.php?rest_route=\/wp\/v2\/posts"}],"about":[{"href":"https:\/\/historiografija.hr\/index.php?rest_route=\/wp\/v2\/types\/post"}],"author":[{"embeddable":true,"href":"https:\/\/historiografija.hr\/index.php?rest_route=\/wp\/v2\/users\/2"}],"replies":[{"embeddable":true,"href":"https:\/\/historiografija.hr\/index.php?rest_route=%2Fwp%2Fv2%2Fcomments&post=45349"}],"version-history":[{"count":3,"href":"https:\/\/historiografija.hr\/index.php?rest_route=\/wp\/v2\/posts\/45349\/revisions"}],"predecessor-version":[{"id":45530,"href":"https:\/\/historiografija.hr\/index.php?rest_route=\/wp\/v2\/posts\/45349\/revisions\/45530"}],"wp:featuredmedia":[{"embeddable":true,"href":"https:\/\/historiografija.hr\/index.php?rest_route=\/wp\/v2\/media\/44347"}],"wp:attachment":[{"href":"https:\/\/historiografija.hr\/index.php?rest_route=%2Fwp%2Fv2%2Fmedia&parent=45349"}],"wp:term":[{"taxonomy":"category","embeddable":true,"href":"https:\/\/historiografija.hr\/index.php?rest_route=%2Fwp%2Fv2%2Fcategories&post=45349"},{"taxonomy":"post_tag","embeddable":true,"href":"https:\/\/historiografija.hr\/index.php?rest_route=%2Fwp%2Fv2%2Ftags&post=45349"}],"curies":[{"name":"wp","href":"https:\/\/api.w.org\/{rel}","templated":true}]}}