{"id":45342,"date":"2025-03-18T23:13:05","date_gmt":"2025-03-18T23:13:05","guid":{"rendered":"https:\/\/historiografija.hr\/?p=45342"},"modified":"2025-03-18T23:13:34","modified_gmt":"2025-03-18T23:13:34","slug":"predstava-mala-povijest-nejednakosti","status":"publish","type":"post","link":"https:\/\/historiografija.hr\/?p=45342","title":{"rendered":"Predstava \u201eMala povijest nejednakosti\u201c"},"content":{"rendered":"\n<p>U Zagreba\u010dkom kazali\u0161tu mladih odr\u017eat \u0107e se 22. o\u017eujka 2025. premijera predstave \u201eMala povijesti nejednakosti\u201c, redatelja Milo\u0161a Loli\u0107a, po motivima grafi\u010dkog romana KAPITAL &amp; IDEOLOGIJA.<\/p>\n\n\n\n<hr class=\"wp-block-separator has-alpha-channel-opacity\"\/>\n\n\n\n<p>U vremenu kada se povijest ponavlja kao lo\u0161 d\u00e9j\u00e0 vu, kada kapitalizam mutira u tehnofeudalizam, omogu\u0107uju\u0107i financijskim elitama astronomska bogatstva, dok vladaju\u0107i mo\u0107nici postaju sve bahatiji, stvaraju\u0107i dru\u0161tvo nepremostivih nejednakosti \u2013 ne mo\u017eemo a da se ne zapitamo: <em>koji su to prostori jo\u0161 ostali za ostvarivanje gra\u0111anskih prava, sloboda i jednakosti? <\/em>Mo\u017ee li kazali\u0161te, rastrgnuto izme\u0111u digitalnih, gotovo kmetskih identiteta i stvarnih, naelektriziranih tijela na prosvjedima, jo\u0161 uvijek biti dru\u0161tveni kaleidoskop koji raskrinkava povijesne mitove o prirodnosti hijerarhije i \u201czaslu\u017eenoj\u201d akumulaciji privatnog kapitala?<\/p>\n\n\n\n<p>Kroz nesvakida\u0161nju obradu ekonomskog djela Thomasa Pikettyja <em>\u201eKapital i ideologija\u201c<\/em>, grafi\u010dka novela Claire Arnet i Benjamina Adama postaje plodno tlo za adaptaciju i tematiziranje klju\u010dnih globalnih preispitivanja. Predstava <em>Mala povijest nejednakosti<\/em>, u re\u017eiji Milo\u0161a Loli\u0107a otvara niz dru\u0161tvenih i filozofskih pitanja, koriste\u0107i neke od najva\u017enijih povijesnih, ekonomskih i politi\u010dkih referenci. Inspirirana ringi\u0161pilom povijesne travestije \u2013 katkad izvrnute, katkad direktne \u2013 ova predstava poziva na promi\u0161ljanje, revalorizaciju humanisti\u010dkih ideja i redefiniciju dru\u0161tvenog zajedni\u0161tva.<\/p>\n\n\n\n<hr class=\"wp-block-separator has-alpha-channel-opacity\"\/>\n\n\n\n<p>Izvor i dodatne obavijesti:<\/p>\n\n\n\n<figure class=\"wp-block-embed is-type-wp-embed is-provider-zkm wp-block-embed-zkm\"><div class=\"wp-block-embed__wrapper\">\n<blockquote class=\"wp-embedded-content\" data-secret=\"8lTDv7KkG2\"><a href=\"https:\/\/www.zekaem.hr\/predstave\/mala-povijest-nejednakosti\/\">Mala povijest nejednakosti<\/a><\/blockquote><iframe loading=\"lazy\" class=\"wp-embedded-content\" sandbox=\"allow-scripts\" security=\"restricted\" style=\"position: absolute; visibility: hidden;\" title=\"&#8220;Mala povijest nejednakosti&#8221; &#8212; ZKM\" src=\"https:\/\/www.zekaem.hr\/predstave\/mala-povijest-nejednakosti\/embed\/#?secret=wHvzpI8Tkf#?secret=8lTDv7KkG2\" data-secret=\"8lTDv7KkG2\" width=\"600\" height=\"338\" frameborder=\"0\" marginwidth=\"0\" marginheight=\"0\" scrolling=\"no\"><\/iframe>\n<\/div><\/figure>\n\n\n\n<hr class=\"wp-block-separator has-alpha-channel-opacity\"\/>\n","protected":false},"excerpt":{"rendered":"","protected":false},"author":2,"featured_media":45343,"comment_status":"open","ping_status":"open","sticky":false,"template":"","format":"standard","meta":{"_acf_changed":false,"jetpack_post_was_ever_published":false,"_jetpack_newsletter_access":"","_jetpack_dont_email_post_to_subs":false,"_jetpack_newsletter_tier_id":0,"_jetpack_memberships_contains_paywalled_content":false,"_jetpack_memberships_contains_paid_content":false,"footnotes":"","jetpack_publicize_message":"","jetpack_publicize_feature_enabled":true,"jetpack_social_post_already_shared":true,"jetpack_social_options":{"image_generator_settings":{"template":"highway","default_image_id":0,"font":"","enabled":false},"version":2}},"categories":[22,3],"tags":[],"class_list":["post-45342","post","type-post","status-publish","format-standard","has-post-thumbnail","hentry","category-kazalisne-predstave","category-novosti"],"acf":{"facebook_opis":""},"jetpack_publicize_connections":[],"jetpack_featured_media_url":"https:\/\/i0.wp.com\/historiografija.hr\/wp-content\/uploads\/2025\/03\/Mala-povijest-nejednakosti.jpg?fit=1000%2C667&ssl=1","jetpack_sharing_enabled":true,"jetpack-related-posts":[],"_links":{"self":[{"href":"https:\/\/historiografija.hr\/index.php?rest_route=\/wp\/v2\/posts\/45342","targetHints":{"allow":["GET"]}}],"collection":[{"href":"https:\/\/historiografija.hr\/index.php?rest_route=\/wp\/v2\/posts"}],"about":[{"href":"https:\/\/historiografija.hr\/index.php?rest_route=\/wp\/v2\/types\/post"}],"author":[{"embeddable":true,"href":"https:\/\/historiografija.hr\/index.php?rest_route=\/wp\/v2\/users\/2"}],"replies":[{"embeddable":true,"href":"https:\/\/historiografija.hr\/index.php?rest_route=%2Fwp%2Fv2%2Fcomments&post=45342"}],"version-history":[{"count":2,"href":"https:\/\/historiografija.hr\/index.php?rest_route=\/wp\/v2\/posts\/45342\/revisions"}],"predecessor-version":[{"id":45345,"href":"https:\/\/historiografija.hr\/index.php?rest_route=\/wp\/v2\/posts\/45342\/revisions\/45345"}],"wp:featuredmedia":[{"embeddable":true,"href":"https:\/\/historiografija.hr\/index.php?rest_route=\/wp\/v2\/media\/45343"}],"wp:attachment":[{"href":"https:\/\/historiografija.hr\/index.php?rest_route=%2Fwp%2Fv2%2Fmedia&parent=45342"}],"wp:term":[{"taxonomy":"category","embeddable":true,"href":"https:\/\/historiografija.hr\/index.php?rest_route=%2Fwp%2Fv2%2Fcategories&post=45342"},{"taxonomy":"post_tag","embeddable":true,"href":"https:\/\/historiografija.hr\/index.php?rest_route=%2Fwp%2Fv2%2Ftags&post=45342"}],"curies":[{"name":"wp","href":"https:\/\/api.w.org\/{rel}","templated":true}]}}