{"id":45338,"date":"2025-03-18T21:58:00","date_gmt":"2025-03-18T21:58:00","guid":{"rendered":"https:\/\/historiografija.hr\/?p=45338"},"modified":"2025-03-18T22:59:52","modified_gmt":"2025-03-18T22:59:52","slug":"ivor-sokolic-medunarodni-sudovi-i-masovni-zlocini-u-hrvatskoj-ratni-i-pravosudni-narativi-u-hrvatskoj","status":"publish","type":"post","link":"https:\/\/historiografija.hr\/?p=45338","title":{"rendered":"Ivor Sokoli\u0107,\u00a0\u201eMe\u0111unarodni sudovi i masovni zlo\u010dini u Hrvatskoj. Ratni i pravosudni narativi u Hrvatskoj\u201c"},"content":{"rendered":"\n<p>Preveo s engleskog Dalibor Zrno<\/p>\n\n\n\n<hr class=\"wp-block-separator has-alpha-channel-opacity\"\/>\n\n\n\n<p>Kod mnogih ljudi koji su bili na boji\u0161nici tijekom Domovinskog rata, ratni narativ i dalje ima sredi\u0161nju ulogu u njihovim \u017eivotima. Definira ne samo njih same, ve\u0107 i kako vide svoje susjede, svoje dru\u0161tvo, svoju zemlju i svijet oko sebe. Te se pri\u010de temelje na traumati\u010dnim sje\u0107anjima. To je emotivan narativ koji sa\u010dinjava svakodnevicu. Dio je hrvatskog dru\u0161tvenog tkiva te odjekuje i u javnoj i u privatnoj sferi. U ovoj se knjizi istra\u017euje taj narativ, kao i kako su sudovi za ratne zlo\u010dine, doma\u0107i i me\u0111unarodni, poku\u0161ali utjecati na njega. Znanstvenici i prakti\u010dari, iako su daleko od slaganja oko te teme, ve\u0107 neko vrijeme tvrde da takvi sudovi i s njima povezani napori civilnog dru\u0161tva imaju mogu\u0107nosti da usade univerzalne norme ljudskih prava u postkonfliktna, tranzicijska dru\u0161tva putem svojih ekspresivisti\u010dkih, odnosno izvanpravnih u\u010dinaka. Ova knjiga pokazuje da se to u Hrvatskoj nije dogodilo; navedene su norme iskrivljene kada su dospjele u lokalnu javnost. Narativi pru\u017eaju korisnu dru\u0161tvenu konstrukciju za prou\u010davanje ekspresivisti\u010dkih u\u010dinaka tranzicijske pravde, jer su ti narativi izraz normi. S obzirom na sna\u017enu i emotivnu prirodu ratnog narativa, to mo\u017eda i ne iznena\u0111uje. Studija slu\u010daja Hrvatske nagla\u0161ava kontekst unutar kojeg se takvi napori \u010desto odvijaju, gdje se pravosudni narativi predstavljeni odozgo prema dolje od strane pravosudnih institucija suo\u010davaju sa zna\u010dajnim osporavanjem od strane svakodnevnih narativa usmjerenih odozdo prema gore. Ako se pravosudni narativi ne podudaraju sa svakodnevnim narativima, njihovo primanje u dru\u0161tvu postaje ote\u017eano.<\/p>\n\n\n\n<p>U ovoj se knjizi istra\u017euje kako su me\u0111unarodna i doma\u0107a su\u0111enja za ratne zlo\u010dine dovela do deliberacije normi i narativa povezanih s ratom. Knjiga se bavi pitanjem: kakav je u\u010dinak proces tranzicijske pravde u Hrvatskoj imao na narative vezane uz sukob 1991\u20131995.? Pojedinci i institucije prisje\u0107aju se sukoba i te\u0161kih kr\u0161enja ljudskih prava do kojih je tada do\u0161lo kroz razli\u010dite narative, odnosno pri\u010de koje im poma\u017eu u razumijevanju pro\u0161losti i sada\u0161njeg svijeta oko njih, a posebno ih se prisje\u0107aju kroz prizmu prevladavaju\u0107eg ratnog narativa. Ova se knjiga pritom bavi i s nekoliko potpitanja: U kakvom se ozra\u010dju odvijao proces tranzicijske pravde u Hrvatskoj? Kako je taj proces utjecao na sudionikovo razumijevanje svijeta oko sebe (npr. u smislu razumijevanja zakona, povjerenja u institucije, stavova prema srpskoj manjini)? Kona\u010dno, u kakvoj su interakciji svakodnevni narativi s pravosudnim narativima koji dolaze odozgo prema dolje?<\/p>\n\n\n\n<hr class=\"wp-block-separator has-alpha-channel-opacity\"\/>\n\n\n\n<p>Izvori:<\/p>\n\n\n\n<figure class=\"wp-block-embed is-type-wp-embed is-provider-srednja-europa wp-block-embed-srednja-europa\"><div class=\"wp-block-embed__wrapper\">\n<blockquote class=\"wp-embedded-content\" data-secret=\"08RdZHn5sS\"><a href=\"https:\/\/srednja-europa.hr\/proizvod\/medunarodni-sudovi-i-masovni-zlocini\/\">Me\u0111unarodni sudovi i masovni zlo\u010dini<\/a><\/blockquote><iframe loading=\"lazy\" class=\"wp-embedded-content\" sandbox=\"allow-scripts\" security=\"restricted\" style=\"position: absolute; visibility: hidden;\" title=\"&#8220;Me\u0111unarodni sudovi i masovni zlo\u010dini&#8221; &#8212; Srednja Europa\" src=\"https:\/\/srednja-europa.hr\/proizvod\/medunarodni-sudovi-i-masovni-zlocini\/embed\/#?secret=08RdZHn5sS\" data-secret=\"08RdZHn5sS\" width=\"600\" height=\"338\" frameborder=\"0\" marginwidth=\"0\" marginheight=\"0\" scrolling=\"no\"><\/iframe>\n<\/div><\/figure>\n\n\n\n<p><a href=\"https:\/\/historiografija.ba\/knjige\/jugoistocna-evropa\/ratni-i-pravosudni-narativi-u-hrvatskoj\">https:\/\/historiografija.ba\/knjige\/jugoistocna-evropa\/ratni-i-pravosudni-narativi-u-hrvatskoj<\/a><\/p>\n\n\n\n<hr class=\"wp-block-separator has-alpha-channel-opacity\"\/>\n\n\n\n<p><\/p>\n","protected":false},"excerpt":{"rendered":"","protected":false},"author":2,"featured_media":45339,"comment_status":"open","ping_status":"open","sticky":false,"template":"","format":"standard","meta":{"_acf_changed":false,"jetpack_post_was_ever_published":false,"_jetpack_newsletter_access":"","_jetpack_dont_email_post_to_subs":false,"_jetpack_newsletter_tier_id":0,"_jetpack_memberships_contains_paywalled_content":false,"_jetpack_memberships_contains_paid_content":false,"footnotes":"","jetpack_publicize_message":"","jetpack_publicize_feature_enabled":true,"jetpack_social_post_already_shared":true,"jetpack_social_options":{"image_generator_settings":{"template":"highway","default_image_id":0,"font":"","enabled":false},"version":2}},"categories":[8,3],"tags":[],"class_list":["post-45338","post","type-post","status-publish","format-standard","has-post-thumbnail","hentry","category-knjige","category-novosti"],"acf":{"facebook_opis":""},"jetpack_publicize_connections":[],"jetpack_featured_media_url":"https:\/\/i0.wp.com\/historiografija.hr\/wp-content\/uploads\/2025\/03\/Sokolic.jpg?fit=450%2C563&ssl=1","jetpack_sharing_enabled":true,"jetpack-related-posts":[],"_links":{"self":[{"href":"https:\/\/historiografija.hr\/index.php?rest_route=\/wp\/v2\/posts\/45338","targetHints":{"allow":["GET"]}}],"collection":[{"href":"https:\/\/historiografija.hr\/index.php?rest_route=\/wp\/v2\/posts"}],"about":[{"href":"https:\/\/historiografija.hr\/index.php?rest_route=\/wp\/v2\/types\/post"}],"author":[{"embeddable":true,"href":"https:\/\/historiografija.hr\/index.php?rest_route=\/wp\/v2\/users\/2"}],"replies":[{"embeddable":true,"href":"https:\/\/historiografija.hr\/index.php?rest_route=%2Fwp%2Fv2%2Fcomments&post=45338"}],"version-history":[{"count":2,"href":"https:\/\/historiografija.hr\/index.php?rest_route=\/wp\/v2\/posts\/45338\/revisions"}],"predecessor-version":[{"id":45341,"href":"https:\/\/historiografija.hr\/index.php?rest_route=\/wp\/v2\/posts\/45338\/revisions\/45341"}],"wp:featuredmedia":[{"embeddable":true,"href":"https:\/\/historiografija.hr\/index.php?rest_route=\/wp\/v2\/media\/45339"}],"wp:attachment":[{"href":"https:\/\/historiografija.hr\/index.php?rest_route=%2Fwp%2Fv2%2Fmedia&parent=45338"}],"wp:term":[{"taxonomy":"category","embeddable":true,"href":"https:\/\/historiografija.hr\/index.php?rest_route=%2Fwp%2Fv2%2Fcategories&post=45338"},{"taxonomy":"post_tag","embeddable":true,"href":"https:\/\/historiografija.hr\/index.php?rest_route=%2Fwp%2Fv2%2Ftags&post=45338"}],"curies":[{"name":"wp","href":"https:\/\/api.w.org\/{rel}","templated":true}]}}