{"id":45335,"date":"2025-03-18T22:53:15","date_gmt":"2025-03-18T22:53:15","guid":{"rendered":"https:\/\/historiografija.hr\/?p=45335"},"modified":"2025-03-18T22:53:15","modified_gmt":"2025-03-18T22:53:15","slug":"predstavljanje-knjige-geopolitika-xxi-stoljeca","status":"publish","type":"post","link":"https:\/\/historiografija.hr\/?p=45335","title":{"rendered":"Predstavljanje knjige \u201eGeopolitika XXI. stolje\u0107a\u201c"},"content":{"rendered":"\n<p>TIM press vas s osobitim zadovoljstvom poziva na predstavljanje knjige <em>Geopolitika XXI. stolje\u0107a. Dru\u0161tveni izazovi i me\u0111unarodne ravnote\u017ee\u00a0<\/em>autorica Sanje Vuja\u010di\u0107 i Jadranke Polovi\u0107. Predstavljanje \u0107e se odr\u017eati u \u010detvrtak 20. o\u017eujka u 18 sati u Novinarskom domu u Zagrebu, Perkov\u010deva ulica 2.<\/p>\n\n\n\n<p>O knjizi \u0107e uz autorice govoriti red. prof. dr. sc. Luka Brki\u0107, Sveu\u010dili\u0161te Libertas, izv. prof. dr. sc. Miro Kova\u010d, biv\u0161i ministar vanjskih poslova RH, doc. dr. sc. Bo\u0161ko Picula, Fakultet politi\u010dkih znanosti, izv. prof. dr. sc. Petar Popovi\u0107, Fakultet politi\u010dkih znanosti i u ime izdava\u010da Dijana Bahtijari. Razgovor \u0107e moderirati novinarka Ariana Keki\u0107<\/p>\n\n\n\n<hr class=\"wp-block-separator has-alpha-channel-opacity\"\/>\n\n\n\n<p>Izvor i dodatne obavijesti:<\/p>\n\n\n\n<p><a href=\"https:\/\/tim-press.hr\/hr\/novosti\/predstavljanje-knjige-geopolitika-xxi-stoljeca\">https:\/\/tim-press.hr\/hr\/novosti\/predstavljanje-knjige-geopolitika-xxi-stoljeca<\/a><\/p>\n\n\n\n<p><a href=\"https:\/\/tim-press.hr\/hr\/knjige\/geopolitika-xxi-stoljeca\">https:\/\/tim-press.hr\/hr\/knjige\/geopolitika-xxi-stoljeca<\/a><\/p>\n\n\n\n<hr class=\"wp-block-separator has-alpha-channel-opacity\"\/>\n","protected":false},"excerpt":{"rendered":"","protected":false},"author":2,"featured_media":45336,"comment_status":"open","ping_status":"open","sticky":false,"template":"","format":"standard","meta":{"_acf_changed":false,"jetpack_post_was_ever_published":false,"_jetpack_newsletter_access":"","_jetpack_dont_email_post_to_subs":false,"_jetpack_newsletter_tier_id":0,"_jetpack_memberships_contains_paywalled_content":false,"_jetpack_memberships_contains_paid_content":false,"footnotes":"","jetpack_publicize_message":"","jetpack_publicize_feature_enabled":true,"jetpack_social_post_already_shared":true,"jetpack_social_options":{"image_generator_settings":{"template":"highway","default_image_id":0,"font":"","enabled":false},"version":2}},"categories":[3],"tags":[],"class_list":["post-45335","post","type-post","status-publish","format-standard","has-post-thumbnail","hentry","category-novosti"],"acf":{"facebook_opis":""},"jetpack_publicize_connections":[],"jetpack_featured_media_url":"https:\/\/i0.wp.com\/historiografija.hr\/wp-content\/uploads\/2025\/03\/geopolitika_poziv.jpg?fit=870%2C444&ssl=1","jetpack_sharing_enabled":true,"jetpack-related-posts":[],"_links":{"self":[{"href":"https:\/\/historiografija.hr\/index.php?rest_route=\/wp\/v2\/posts\/45335","targetHints":{"allow":["GET"]}}],"collection":[{"href":"https:\/\/historiografija.hr\/index.php?rest_route=\/wp\/v2\/posts"}],"about":[{"href":"https:\/\/historiografija.hr\/index.php?rest_route=\/wp\/v2\/types\/post"}],"author":[{"embeddable":true,"href":"https:\/\/historiografija.hr\/index.php?rest_route=\/wp\/v2\/users\/2"}],"replies":[{"embeddable":true,"href":"https:\/\/historiografija.hr\/index.php?rest_route=%2Fwp%2Fv2%2Fcomments&post=45335"}],"version-history":[{"count":1,"href":"https:\/\/historiografija.hr\/index.php?rest_route=\/wp\/v2\/posts\/45335\/revisions"}],"predecessor-version":[{"id":45337,"href":"https:\/\/historiografija.hr\/index.php?rest_route=\/wp\/v2\/posts\/45335\/revisions\/45337"}],"wp:featuredmedia":[{"embeddable":true,"href":"https:\/\/historiografija.hr\/index.php?rest_route=\/wp\/v2\/media\/45336"}],"wp:attachment":[{"href":"https:\/\/historiografija.hr\/index.php?rest_route=%2Fwp%2Fv2%2Fmedia&parent=45335"}],"wp:term":[{"taxonomy":"category","embeddable":true,"href":"https:\/\/historiografija.hr\/index.php?rest_route=%2Fwp%2Fv2%2Fcategories&post=45335"},{"taxonomy":"post_tag","embeddable":true,"href":"https:\/\/historiografija.hr\/index.php?rest_route=%2Fwp%2Fv2%2Ftags&post=45335"}],"curies":[{"name":"wp","href":"https:\/\/api.w.org\/{rel}","templated":true}]}}