{"id":45331,"date":"2025-03-17T22:52:28","date_gmt":"2025-03-17T22:52:28","guid":{"rendered":"https:\/\/historiografija.hr\/?p=45331"},"modified":"2025-03-17T22:52:28","modified_gmt":"2025-03-17T22:52:28","slug":"predstavljanje-knjige-roberta-bosnjaka-ekstremizam-i-demokracija-komparativna-analiza-odnosa-prema-ekstremizmu-u-hrvatskoj-i-srbiji-od-2000-do-2023","status":"publish","type":"post","link":"https:\/\/historiografija.hr\/?p=45331","title":{"rendered":"Predstavljanje knjige Roberta Bo\u0161njaka \u201cEkstremizam i demokracija. Komparativna analiza odnosa prema ekstremizmu u Hrvatskoj i Srbiji od 2000. do 2023.\u201d"},"content":{"rendered":"\n<p>Predstavljanje knjige \u201cEkstremizam i demokracija. Komparativna analiza odnosa prema ekstremizmu u Hrvatskoj i Srbiji od 2000. do 2023.\u201d u izdanju Plejade odr\u017eat \u0107e se u <strong>utorak 18. o\u017eujka 2025. u 19 sati<\/strong> na Fakultetu politi\u010dkih znanosti u Zagrebu (<strong>Lepu\u0161i\u0107eva 6, dvorana E, IV. kat<\/strong>).<\/p>\n\n\n\n<p>Knjigu \u0107e predstaviti profesori s Fakulteta politi\u010dkih znanosti, recenzent prof. dr. sc. <strong>Sini\u0161a Tatalovi\u0107<\/strong>, recenzentica prof. dr. sc. <strong>Ru\u017eica Jake\u0161evi\u0107<\/strong>, i prof. dr. sc. <strong>Dejan Jovi\u0107<\/strong>, kao i urednik knjige <strong>Ilija Rani\u0107<\/strong> (Plejada d.o.o.) i autor dr. sc. <strong>Robert Bo\u0161njak<\/strong>.<\/p>\n\n\n\n<hr class=\"wp-block-separator has-alpha-channel-opacity\"\/>\n\n\n\n<p>Izvori i dodatne obavijesti:<\/p>\n\n\n\n<figure class=\"wp-block-embed is-type-wp-embed is-provider-plejada-d-o-o wp-block-embed-plejada-d-o-o\"><div class=\"wp-block-embed__wrapper\">\n<blockquote class=\"wp-embedded-content\" data-secret=\"FaYb7yodoX\"><a href=\"https:\/\/www.plejada-zg.hr\/plejada-je-upravo-objavila-knjigu-ekstremizam-i-demokracija-roberta-bosnjaka\/\">Plejada je upravo objavila knjigu &#8220;Ekstremizam i demokracija&#8221; Roberta Bo\u0161njaka<\/a><\/blockquote><iframe loading=\"lazy\" class=\"wp-embedded-content\" sandbox=\"allow-scripts\" security=\"restricted\" style=\"position: absolute; visibility: hidden;\" title=\"&#8220;Plejada je upravo objavila knjigu &#8220;Ekstremizam i demokracija&#8221; Roberta Bo\u0161njaka&#8221; &#8212; Plejada d.o.o.\" src=\"https:\/\/www.plejada-zg.hr\/plejada-je-upravo-objavila-knjigu-ekstremizam-i-demokracija-roberta-bosnjaka\/embed\/#?secret=EJAxrY6lre#?secret=FaYb7yodoX\" data-secret=\"FaYb7yodoX\" width=\"600\" height=\"338\" frameborder=\"0\" marginwidth=\"0\" marginheight=\"0\" scrolling=\"no\"><\/iframe>\n<\/div><\/figure>\n\n\n\n<figure class=\"wp-block-embed is-type-wp-embed is-provider-plejada-d-o-o wp-block-embed-plejada-d-o-o\"><div class=\"wp-block-embed__wrapper\">\n<blockquote class=\"wp-embedded-content\" data-secret=\"1e5NBaHkxK\"><a href=\"https:\/\/www.plejada-zg.hr\/promocija-knjige-ekstremizam-i-demokracija-roberta-bosnjaka\/\">Promocija knjige &#8220;Ekstremizam i demokracija&#8221; Roberta Bo\u0161njaka<\/a><\/blockquote><iframe loading=\"lazy\" class=\"wp-embedded-content\" sandbox=\"allow-scripts\" security=\"restricted\" style=\"position: absolute; visibility: hidden;\" title=\"&#8220;Promocija knjige &#8220;Ekstremizam i demokracija&#8221; Roberta Bo\u0161njaka&#8221; &#8212; Plejada d.o.o.\" src=\"https:\/\/www.plejada-zg.hr\/promocija-knjige-ekstremizam-i-demokracija-roberta-bosnjaka\/embed\/#?secret=Dg1lGezzZv#?secret=1e5NBaHkxK\" data-secret=\"1e5NBaHkxK\" width=\"600\" height=\"338\" frameborder=\"0\" marginwidth=\"0\" marginheight=\"0\" scrolling=\"no\"><\/iframe>\n<\/div><\/figure>\n\n\n\n<p><a href=\"https:\/\/historiografija.ba\/historija-u-javnosti\/dogadjaji\/izvori-ekstremizma-u-srbiji-i-hrvatskoj\">https:\/\/historiografija.ba\/historija-u-javnosti\/dogadjaji\/izvori-ekstremizma-u-srbiji-i-hrvatskoj<\/a><\/p>\n\n\n\n<hr class=\"wp-block-separator has-alpha-channel-opacity\"\/>\n","protected":false},"excerpt":{"rendered":"","protected":false},"author":2,"featured_media":45332,"comment_status":"open","ping_status":"open","sticky":false,"template":"","format":"standard","meta":{"_acf_changed":false,"jetpack_post_was_ever_published":false,"_jetpack_newsletter_access":"","_jetpack_dont_email_post_to_subs":false,"_jetpack_newsletter_tier_id":0,"_jetpack_memberships_contains_paywalled_content":false,"_jetpack_memberships_contains_paid_content":false,"footnotes":"","jetpack_publicize_message":"","jetpack_publicize_feature_enabled":true,"jetpack_social_post_already_shared":true,"jetpack_social_options":{"image_generator_settings":{"template":"highway","default_image_id":0,"font":"","enabled":false},"version":2}},"categories":[3],"tags":[],"class_list":["post-45331","post","type-post","status-publish","format-standard","has-post-thumbnail","hentry","category-novosti"],"acf":{"facebook_opis":""},"jetpack_publicize_connections":[],"jetpack_featured_media_url":"https:\/\/i0.wp.com\/historiografija.hr\/wp-content\/uploads\/2025\/03\/Pozivnica-Ekstremizam-i-demokracija.jpg?fit=1030%2C1030&ssl=1","jetpack_sharing_enabled":true,"jetpack-related-posts":[],"_links":{"self":[{"href":"https:\/\/historiografija.hr\/index.php?rest_route=\/wp\/v2\/posts\/45331","targetHints":{"allow":["GET"]}}],"collection":[{"href":"https:\/\/historiografija.hr\/index.php?rest_route=\/wp\/v2\/posts"}],"about":[{"href":"https:\/\/historiografija.hr\/index.php?rest_route=\/wp\/v2\/types\/post"}],"author":[{"embeddable":true,"href":"https:\/\/historiografija.hr\/index.php?rest_route=\/wp\/v2\/users\/2"}],"replies":[{"embeddable":true,"href":"https:\/\/historiografija.hr\/index.php?rest_route=%2Fwp%2Fv2%2Fcomments&post=45331"}],"version-history":[{"count":1,"href":"https:\/\/historiografija.hr\/index.php?rest_route=\/wp\/v2\/posts\/45331\/revisions"}],"predecessor-version":[{"id":45333,"href":"https:\/\/historiografija.hr\/index.php?rest_route=\/wp\/v2\/posts\/45331\/revisions\/45333"}],"wp:featuredmedia":[{"embeddable":true,"href":"https:\/\/historiografija.hr\/index.php?rest_route=\/wp\/v2\/media\/45332"}],"wp:attachment":[{"href":"https:\/\/historiografija.hr\/index.php?rest_route=%2Fwp%2Fv2%2Fmedia&parent=45331"}],"wp:term":[{"taxonomy":"category","embeddable":true,"href":"https:\/\/historiografija.hr\/index.php?rest_route=%2Fwp%2Fv2%2Fcategories&post=45331"},{"taxonomy":"post_tag","embeddable":true,"href":"https:\/\/historiografija.hr\/index.php?rest_route=%2Fwp%2Fv2%2Ftags&post=45331"}],"curies":[{"name":"wp","href":"https:\/\/api.w.org\/{rel}","templated":true}]}}