{"id":45316,"date":"2025-03-17T22:03:44","date_gmt":"2025-03-17T22:03:44","guid":{"rendered":"https:\/\/historiografija.hr\/?p=45316"},"modified":"2025-03-17T22:03:44","modified_gmt":"2025-03-17T22:03:44","slug":"predavanje-darije-alujevic-klub-likovnih-umjetnica-u-zagrebu-1927-1940","status":"publish","type":"post","link":"https:\/\/historiografija.hr\/?p=45316","title":{"rendered":"Predavanje Darije Alujevi\u0107 \u201eKlub likovnih umjetnica u Zagrebu 1927. &#8211; 1940.\u201c"},"content":{"rendered":"\n<p>Mjesto: Muzej grada Zagreba<\/p>\n\n\n\n<p>Vrijeme: 20. o\u017eujka 2025., u 18 sati<\/p>\n\n\n\n<p>U okviru <a href=\"https:\/\/www.mgz.hr\/hr\/ostalo\/mjesec-zena-u-muzeju-grada-zagreba,3714.html\"><strong>Mjeseca \u017eena u Muzeju grada Zagreba<\/strong><\/a>, pozivamo vas na doga\u0111anje koja \u0107e biti odr\u017eano u \u010detvrtak, 20. o\u017eujka 2025. godine:<\/p>\n\n\n\n<p><strong>Predavanje Darije Alujevi\u0107 <\/strong><em><strong>Klub likovnih umjetnica u Zagrebu 1927. &#8211; 1940.<\/strong><\/em><\/p>\n\n\n\n<p>Klub likovnih umjetnica (od 1940. Klub hrvatskih likovnih umjetnica) osnovan je u Zagrebu 1927. godine na poticaj slikarica Naste Rojc i Line Crn\u010di\u0107-Virant, po uzoru na Women\u2019s International Art Club kao prvo udru\u017eenje likovnih umjetnica na ovim prostorima. Osnutak Kluba likovnih umjetnica uslijedio je nakon vrlo uspje\u0161nog samostalnog izlo\u017ebenog nastupa Naste Rojc u Londonu 1926. godine. Svrha Kluba bila je unapre\u0111ivanje svih likovnih umjetnosti i umjetni\u010dkog obrta, organizacija izlo\u017ebi i predavanja, ali u kona\u010dnici cilj je bio udru\u017eiti umjetnice na profesionalnoj razini, u svojevrsnu stale\u0161ku organizaciju koja \u0107e im olak\u0161ati mogu\u0107nost izlaganja, a time i dostupnost na tr\u017ei\u0161tu. U gotovo 13 godina aktivnog djelovanja, Klub je okupio preko pedeset \u010dlanica, organizirano je 11 klupskih i nekoliko gostuju\u0107ih izlo\u017ebi \u0161to je izazvalo vrlo raznolike reakcije likovne kritike od afirmativnih do izrazito mizoginih. Iako je Klub formalno raspu\u0161ten tek 1947., s posljednjom izlo\u017ebom 1940., aktivnosti Kluba su gotovo sasvim prestale.<\/p>\n\n\n\n<p><strong>Darija Alujevi\u0107<\/strong> diplomirala je povijest umjetnosti i talijanski jezik i knji\u017eevnost na Filozofskom fakultetu Sveu\u010dili\u0161ta u Zagrebu, gdje je 2020. i doktorirala na poslijediplomskom doktorskom studiju povijesti umjetnosti s temom \u017divot i djelo kiparice Mile Wod. Zaposlena je kao stru\u010dna savjetnica u Arhivu za likovne umjetnosti HAZU. Glavno podru\u010dje interesa joj je hrvatska umjetnost prve polovine 20. stolje\u0107a, osobito skulptura te opusi i djelovanje hrvatskih likovnih umjetnica. Sudjeluje na znanstvenim skupovima, objavljuje radove o modernoj umjetnosti i suradnica je na raznim izlo\u017ebenim projektima. Izme\u0111u ostalog, 2023. objavila je nagra\u0111ivanu knjigu o prvoj hrvatskoj kiparici Mili Wod (<em>Mila Wod &#8211; prva hrvatska kiparica<\/em>) u izdanju Ogranka Matice hrvatske Petrinja. Godine 2024. s Dunjom Neki\u0107 bila je koautorica izlo\u017ebe Muzeja za umjetnost i obrt posve\u0107ene djelovanju Kluba likovnih umjetnica <em>Jedna za sve \u2013 Sve za jednu \/ Klub likovnih umjetnica 1927. &#8211; 1940.<\/em> u Galeriji Klovi\u0107evi dvori.<\/p>\n\n\n\n<hr class=\"wp-block-separator has-alpha-channel-opacity\"\/>\n\n\n\n<p>Izvor:<\/p>\n\n\n\n<p><a href=\"https:\/\/mgz.hr\/hr\/dogadanja\/mjesec-zena-u-mgz-u-_-predavanje-darije-alujevi%c4%87-klub-likovnih-umjetnica,3718.html\">https:\/\/mgz.hr\/hr\/dogadanja\/mjesec-zena-u-mgz-u-_-predavanje-darije-alujevi%c4%87-klub-likovnih-umjetnica,3718.html<\/a><\/p>\n\n\n\n<hr class=\"wp-block-separator has-alpha-channel-opacity\"\/>\n","protected":false},"excerpt":{"rendered":"","protected":false},"author":2,"featured_media":45317,"comment_status":"open","ping_status":"open","sticky":false,"template":"","format":"standard","meta":{"_acf_changed":false,"jetpack_post_was_ever_published":false,"_jetpack_newsletter_access":"","_jetpack_dont_email_post_to_subs":false,"_jetpack_newsletter_tier_id":0,"_jetpack_memberships_contains_paywalled_content":false,"_jetpack_memberships_contains_paid_content":false,"footnotes":"","jetpack_publicize_message":"","jetpack_publicize_feature_enabled":true,"jetpack_social_post_already_shared":true,"jetpack_social_options":{"image_generator_settings":{"template":"highway","default_image_id":0,"font":"","enabled":false},"version":2}},"categories":[3],"tags":[],"class_list":["post-45316","post","type-post","status-publish","format-standard","has-post-thumbnail","hentry","category-novosti"],"acf":{"facebook_opis":""},"jetpack_publicize_connections":[],"jetpack_featured_media_url":"https:\/\/i0.wp.com\/historiografija.hr\/wp-content\/uploads\/2025\/03\/KLU.jpg?fit=1751%2C920&ssl=1","jetpack_sharing_enabled":true,"jetpack-related-posts":[],"_links":{"self":[{"href":"https:\/\/historiografija.hr\/index.php?rest_route=\/wp\/v2\/posts\/45316","targetHints":{"allow":["GET"]}}],"collection":[{"href":"https:\/\/historiografija.hr\/index.php?rest_route=\/wp\/v2\/posts"}],"about":[{"href":"https:\/\/historiografija.hr\/index.php?rest_route=\/wp\/v2\/types\/post"}],"author":[{"embeddable":true,"href":"https:\/\/historiografija.hr\/index.php?rest_route=\/wp\/v2\/users\/2"}],"replies":[{"embeddable":true,"href":"https:\/\/historiografija.hr\/index.php?rest_route=%2Fwp%2Fv2%2Fcomments&post=45316"}],"version-history":[{"count":1,"href":"https:\/\/historiografija.hr\/index.php?rest_route=\/wp\/v2\/posts\/45316\/revisions"}],"predecessor-version":[{"id":45318,"href":"https:\/\/historiografija.hr\/index.php?rest_route=\/wp\/v2\/posts\/45316\/revisions\/45318"}],"wp:featuredmedia":[{"embeddable":true,"href":"https:\/\/historiografija.hr\/index.php?rest_route=\/wp\/v2\/media\/45317"}],"wp:attachment":[{"href":"https:\/\/historiografija.hr\/index.php?rest_route=%2Fwp%2Fv2%2Fmedia&parent=45316"}],"wp:term":[{"taxonomy":"category","embeddable":true,"href":"https:\/\/historiografija.hr\/index.php?rest_route=%2Fwp%2Fv2%2Fcategories&post=45316"},{"taxonomy":"post_tag","embeddable":true,"href":"https:\/\/historiografija.hr\/index.php?rest_route=%2Fwp%2Fv2%2Ftags&post=45316"}],"curies":[{"name":"wp","href":"https:\/\/api.w.org\/{rel}","templated":true}]}}