{"id":45307,"date":"2025-03-14T22:18:47","date_gmt":"2025-03-14T22:18:47","guid":{"rendered":"https:\/\/historiografija.hr\/?p=45307"},"modified":"2025-03-14T22:18:47","modified_gmt":"2025-03-14T22:18:47","slug":"poziv-za-prijavu-sociohistorijska-radionica-drustva-i-ljudi-19-stoljeca-historiografske-prakse-i-izazovi","status":"publish","type":"post","link":"https:\/\/historiografija.hr\/?p=45307","title":{"rendered":"Poziv za prijavu &#8211; Sociohistorijska radionica \u201cDru\u0161tva i ljudi 19. stolje\u0107a: historiografske prakse i izazovi\u201d"},"content":{"rendered":"\n<p>U petak, <strong>9. svibnja 2025. godine<\/strong> na Filozofskom fakultetu u Osijeku odr\u017eat \u0107e se prva Sociohistorijska radionica.<\/p>\n\n\n\n<p>U sredi\u0161tu zanimanja radionice bit \u0107e prou\u010davanje dru\u0161tava i ljudi kasnog 19. stolje\u0107a, s naglaskom na istra\u017eiva\u010dke prakse svojstvene historiji odozdo (eng. <em>history from below<\/em>). Na radionici \u0107e rezultate svojih doktorskih istra\u017eivanja predstaviti <strong>Valentina Kezi\u0107<\/strong>, <strong>Franka Maslov<\/strong> i <strong>Veronika Zavr\u0161ki<\/strong>. Doktorati u izradi spomenutih kolegica obuhva\u0107aju niz tema, kao \u0161to su radni\u010dka kultura i novinstvo u Banskoj Hrvatskoj, tretman homoseksualnosti na prijelazu iz 19. u 20. stolje\u0107e te djelovanje \u0161kolskog sustava u okolnostima Prvog svjetskog rata. Sva izlaganja bit \u0107e popra\u0107ena radom na odabranim povijesnim izvorima i raspravom. Svrha je radionice stvaranje institucionalne platforme za razgovor i razmjenu iskustava o odre\u0111enim aspektima historije odozdo. Osim toga, radionica \u0107e poslu\u017eiti kao prilika za umre\u017eavanje mladih povjesni\u010dara zainteresiranih za ove teme te predstavljanje rezultata novih sociohistorijskih istra\u017eivanja. Radionica je namijenjena <strong>studentima diplomskih studija povijesti te doktorandima povijesti<\/strong>.<\/p>\n\n\n\n<p><strong>Rok <\/strong>je <strong>za prijavu<\/strong> na radionicu <strong>11. travnja 2025<\/strong>. Prijave se vr\u0161e putem Google obrasca (<strong><a href=\"https:\/\/docs.google.com\/forms\/d\/e\/1FAIpQLSf12LKR6FFo9TJ5l4kT7VYyohWBnbTEhXXjt1GWQH3ghpyc4Q\/viewform?pli=1\">poveznica na obrazac<\/a><\/strong>). Po\u010detak radionice predvi\u0111en je za <strong>10.00 sati<\/strong>. Radionica \u0107e zavr\u0161iti u ranim poslijepodnevnim satima. Program \u0107e biti objavljen nakon zavr\u0161etka roka za prijavu. Tada \u0107e sudionicima biti proslije\u0111eni i svi materijali potrebni za sudjelovanje na radionici (sa\u017eeci predavanja, biografije predava\u010dica, tekstovi za analizu itd.). Svi sudionici radionice dobit \u0107e potvrde o sudjelovanju.<\/p>\n\n\n\n<p>Radionicu organizira <a href=\"https:\/\/www.ffos.unios.hr\/odsjek-za-povijest\/\"><strong>Odsjek za povijest FFOS-a<\/strong><\/a>, a voditelj je <a href=\"https:\/\/www.ffos.unios.hr\/nastavnik\/luka-pejic\/\"><strong>dr. sc. Luka Peji\u0107<\/strong><\/a>. Sve upite vezane uz radionicu mo\u017eete poslati na sljede\u0107u adresu: <a href=\"mailto:lpejic@ffos.hr\"><strong>lpejic@ffos.hr<\/strong><\/a>.<\/p>\n\n\n\n<hr class=\"wp-block-separator has-alpha-channel-opacity\"\/>\n\n\n\n<p>Izvor:<\/p>\n\n\n\n<figure class=\"wp-block-embed is-type-wp-embed is-provider-filozofski-fakultet-osijek wp-block-embed-filozofski-fakultet-osijek\"><div class=\"wp-block-embed__wrapper\">\n<blockquote class=\"wp-embedded-content\" data-secret=\"XlAN6TVD4H\"><a href=\"https:\/\/www.ffos.unios.hr\/sociohistorijska-radionica-drustva-i-ljudi-19-stoljeca-historiografske-prakse-i-izazovi\/\">Sociohistorijska radionica &#8220;Dru\u0161tva i ljudi 19. stolje\u0107a: historiografske prakse i izazovi&#8221;<\/a><\/blockquote><iframe loading=\"lazy\" class=\"wp-embedded-content\" sandbox=\"allow-scripts\" security=\"restricted\" style=\"position: absolute; visibility: hidden;\" title=\"&#8220;Sociohistorijska radionica &#8220;Dru\u0161tva i ljudi 19. stolje\u0107a: historiografske prakse i izazovi&#8221;&#8221; &#8212; Filozofski fakultet Osijek\" src=\"https:\/\/www.ffos.unios.hr\/sociohistorijska-radionica-drustva-i-ljudi-19-stoljeca-historiografske-prakse-i-izazovi\/embed\/#?secret=ElIDIhws5j#?secret=XlAN6TVD4H\" data-secret=\"XlAN6TVD4H\" width=\"600\" height=\"338\" frameborder=\"0\" marginwidth=\"0\" marginheight=\"0\" scrolling=\"no\"><\/iframe>\n<\/div><\/figure>\n\n\n\n<hr class=\"wp-block-separator has-alpha-channel-opacity\"\/>\n","protected":false},"excerpt":{"rendered":"","protected":false},"author":2,"featured_media":45308,"comment_status":"open","ping_status":"open","sticky":false,"template":"","format":"standard","meta":{"_acf_changed":false,"jetpack_post_was_ever_published":false,"_jetpack_newsletter_access":"","_jetpack_dont_email_post_to_subs":false,"_jetpack_newsletter_tier_id":0,"_jetpack_memberships_contains_paywalled_content":false,"_jetpack_memberships_contains_paid_content":false,"footnotes":"","jetpack_publicize_message":"","jetpack_publicize_feature_enabled":true,"jetpack_social_post_already_shared":true,"jetpack_social_options":{"image_generator_settings":{"template":"highway","default_image_id":0,"font":"","enabled":false},"version":2}},"categories":[3,9],"tags":[],"class_list":["post-45307","post","type-post","status-publish","format-standard","has-post-thumbnail","hentry","category-novosti","category-skupovi"],"acf":{"facebook_opis":""},"jetpack_publicize_connections":[],"jetpack_featured_media_url":"https:\/\/i0.wp.com\/historiografija.hr\/wp-content\/uploads\/2025\/03\/Sociohistorijska-radionica-2025.png?fit=1086%2C1536&ssl=1","jetpack_sharing_enabled":true,"jetpack-related-posts":[],"_links":{"self":[{"href":"https:\/\/historiografija.hr\/index.php?rest_route=\/wp\/v2\/posts\/45307","targetHints":{"allow":["GET"]}}],"collection":[{"href":"https:\/\/historiografija.hr\/index.php?rest_route=\/wp\/v2\/posts"}],"about":[{"href":"https:\/\/historiografija.hr\/index.php?rest_route=\/wp\/v2\/types\/post"}],"author":[{"embeddable":true,"href":"https:\/\/historiografija.hr\/index.php?rest_route=\/wp\/v2\/users\/2"}],"replies":[{"embeddable":true,"href":"https:\/\/historiografija.hr\/index.php?rest_route=%2Fwp%2Fv2%2Fcomments&post=45307"}],"version-history":[{"count":1,"href":"https:\/\/historiografija.hr\/index.php?rest_route=\/wp\/v2\/posts\/45307\/revisions"}],"predecessor-version":[{"id":45309,"href":"https:\/\/historiografija.hr\/index.php?rest_route=\/wp\/v2\/posts\/45307\/revisions\/45309"}],"wp:featuredmedia":[{"embeddable":true,"href":"https:\/\/historiografija.hr\/index.php?rest_route=\/wp\/v2\/media\/45308"}],"wp:attachment":[{"href":"https:\/\/historiografija.hr\/index.php?rest_route=%2Fwp%2Fv2%2Fmedia&parent=45307"}],"wp:term":[{"taxonomy":"category","embeddable":true,"href":"https:\/\/historiografija.hr\/index.php?rest_route=%2Fwp%2Fv2%2Fcategories&post=45307"},{"taxonomy":"post_tag","embeddable":true,"href":"https:\/\/historiografija.hr\/index.php?rest_route=%2Fwp%2Fv2%2Ftags&post=45307"}],"curies":[{"name":"wp","href":"https:\/\/api.w.org\/{rel}","templated":true}]}}