{"id":45288,"date":"2025-03-14T21:10:17","date_gmt":"2025-03-14T21:10:17","guid":{"rendered":"https:\/\/historiografija.hr\/?p=45288"},"modified":"2025-03-14T21:10:17","modified_gmt":"2025-03-14T21:10:17","slug":"predavanje-dr-sc-milana-puha-istrazivanje-migracija-u-kontekstu-dekolonijalnosti-i-multi-interdisciplinarnosti","status":"publish","type":"post","link":"https:\/\/historiografija.hr\/?p=45288","title":{"rendered":"Predavanje dr. sc. Milana Puha \u201cIstra\u017eivanje migracija u kontekstu dekolonijalnosti i multi\/interdisciplinarnosti\u201d"},"content":{"rendered":"\n<p>U okviru projekta Dinamika i izazovi migracije, re-migracije i imigracije u Republici Hrvatskoj (DinamiRH) (EU NextGeneration EU 01\/08-73\/23-2519-18) organizirano je predavanje doc. dr. sc. Milana Puha pod nazivom \u201eIstra\u017eivanje migracija u kontekstu dekolonijalnosti i multi\/interdisciplinarnosti\u201c. Predavanje je odr\u017eano 11. o\u017eujka 2025. godine u Multimedijalnoj dvorani Instituta Pilar. Nazo\u010dne je pozdravio prof. dr. sc. \u017deljko Holjevac, ravnatelj Instituta dru\u0161tvenih znanosti Ivo Pilar.<\/p>\n\n\n\n<hr class=\"wp-block-separator has-alpha-channel-opacity\"\/>\n\n\n\n<p><strong>Doc. dr. sc. Milan Puh<\/strong> predstavio je svoj \u017eivotni, akademski i migracijski put \u2013 od studija antropologije i portugalskog jezika na Filozofskom fakultetu u Zagrebu do magisterija znanosti iz portugalskog jezika te doktorata u podru\u010dju obrazovanja i lingvistike na Sveu\u010dili\u0161tu S\u00e3o Paulo. U fokusu njegova istra\u017eiva\u010dkog rada su hrvatske iseljeni\u010dke zajednice u Brazilu. S obzirom na to da je rije\u010d o nedovoljno istra\u017eenoj temi, doc. dr. sc. Puh istaknuo je kako, s jedne strane, postoji veliki interes u\u010denika\/ica za svoje korijene te je pove\u0107an interes za dr\u017eavljanstvom i sadr\u017eajima o Hrvatskoj, no, s druge strane, jo\u0161 uvijek je malo publikacija o hrvatskim zajednicama u Brazilu, dok u Hrvatskoj nedostaju sustavne informacije o ovoj tematici. Osim znanstvenih ciljeva, istra\u017eivanje je usmjereno i na ja\u010danje identiteta hrvatske zajednice u Brazilu, umre\u017eavanje zajednica na brazilskom teritoriju te njihovo povezivanje s Hrvatskom. Doc. dr. sc. Puh ukazao je na nu\u017enost uva\u017eavanja i afirmiranja dekolonijalne perspektive pri istra\u017eivanju prostora u kontekstu Globalnog juga, kao i na va\u017enost interdisciplinarnih i multidisciplinarnih pristupa u istra\u017eivanju i razumijevanju migracijskih procesa te raznolikih migrantskih identiteta. Kroz predstavljanje dokumentacije, tiskovina, arhivske gra\u0111e, karata, statisti\u010dkih podataka i publikacija proiza\u0161lih iz projektnih aktivnosti, doc. dr. sc. Puh demonstrirao je svoj sustavan, kontinuiran i u zajednici anga\u017eiran znanstveni rad. Nakon inspirativnog predavanja uslijedila je zanimljiva rasprava, u kojoj je gospodin Dario Magdi\u0107, zamjenik dr\u017eavnog tajnika Sredi\u0161njeg dr\u017eavnog ureda za Hrvate izvan RH, istaknuo va\u017enost znanstvenih suradnji i akademskih inicijativa u istra\u017eivanju te povezivanju zajednice hrvatskih iseljenika u Brazilu s Republikom Hrvatskom.<\/p>\n\n\n\n<hr class=\"wp-block-separator has-alpha-channel-opacity\"\/>\n\n\n\n<p>Izvor:<\/p>\n\n\n\n<figure class=\"wp-block-embed is-type-wp-embed is-provider-institut-dru-tvenih-znanosti-ivo-pilar wp-block-embed-institut-dru-tvenih-znanosti-ivo-pilar\"><div class=\"wp-block-embed__wrapper\">\n<blockquote class=\"wp-embedded-content\" data-secret=\"70OQ20Amzq\"><a href=\"https:\/\/www.pilar.hr\/2025\/03\/poziv-na-predavanje-dr-sc-milana-puha-istrazivanje-migracija-u-kontekstu-dekolonijalnosti-i-multi-interdisciplinarnosti-zagreb-11-3-2025\/\">Predavanje dr. sc. Milana Puha &#8220;Istra\u017eivanje migracija u kontekstu dekolonijalnosti i multi\/interdisciplinarnosti&#8221;; Zagreb, 11. 3. 2025.<\/a><\/blockquote><iframe loading=\"lazy\" class=\"wp-embedded-content\" sandbox=\"allow-scripts\" security=\"restricted\" style=\"position: absolute; visibility: hidden;\" title=\"&#8220;Predavanje dr. sc. Milana Puha &#8220;Istra\u017eivanje migracija u kontekstu dekolonijalnosti i multi\/interdisciplinarnosti&#8221;; Zagreb, 11. 3. 2025.&#8221; &#8212; Institut dru\u0161tvenih znanosti Ivo Pilar\" src=\"https:\/\/www.pilar.hr\/2025\/03\/poziv-na-predavanje-dr-sc-milana-puha-istrazivanje-migracija-u-kontekstu-dekolonijalnosti-i-multi-interdisciplinarnosti-zagreb-11-3-2025\/embed\/#?secret=eFw9ZowvoY#?secret=70OQ20Amzq\" data-secret=\"70OQ20Amzq\" width=\"600\" height=\"338\" frameborder=\"0\" marginwidth=\"0\" marginheight=\"0\" scrolling=\"no\"><\/iframe>\n<\/div><\/figure>\n\n\n\n<hr class=\"wp-block-separator has-alpha-channel-opacity\"\/>\n","protected":false},"excerpt":{"rendered":"","protected":false},"author":2,"featured_media":45289,"comment_status":"open","ping_status":"open","sticky":false,"template":"","format":"standard","meta":{"_acf_changed":false,"jetpack_post_was_ever_published":false,"_jetpack_newsletter_access":"","_jetpack_dont_email_post_to_subs":false,"_jetpack_newsletter_tier_id":0,"_jetpack_memberships_contains_paywalled_content":false,"_jetpack_memberships_contains_paid_content":false,"footnotes":"","jetpack_publicize_message":"","jetpack_publicize_feature_enabled":true,"jetpack_social_post_already_shared":true,"jetpack_social_options":{"image_generator_settings":{"template":"highway","default_image_id":0,"font":"","enabled":false},"version":2}},"categories":[3],"tags":[],"class_list":["post-45288","post","type-post","status-publish","format-standard","has-post-thumbnail","hentry","category-novosti"],"acf":{"facebook_opis":""},"jetpack_publicize_connections":[],"jetpack_featured_media_url":"https:\/\/i0.wp.com\/historiografija.hr\/wp-content\/uploads\/2025\/03\/IMG_1-3.jpg?fit=2040%2C918&ssl=1","jetpack_sharing_enabled":true,"jetpack-related-posts":[],"_links":{"self":[{"href":"https:\/\/historiografija.hr\/index.php?rest_route=\/wp\/v2\/posts\/45288","targetHints":{"allow":["GET"]}}],"collection":[{"href":"https:\/\/historiografija.hr\/index.php?rest_route=\/wp\/v2\/posts"}],"about":[{"href":"https:\/\/historiografija.hr\/index.php?rest_route=\/wp\/v2\/types\/post"}],"author":[{"embeddable":true,"href":"https:\/\/historiografija.hr\/index.php?rest_route=\/wp\/v2\/users\/2"}],"replies":[{"embeddable":true,"href":"https:\/\/historiografija.hr\/index.php?rest_route=%2Fwp%2Fv2%2Fcomments&post=45288"}],"version-history":[{"count":1,"href":"https:\/\/historiografija.hr\/index.php?rest_route=\/wp\/v2\/posts\/45288\/revisions"}],"predecessor-version":[{"id":45290,"href":"https:\/\/historiografija.hr\/index.php?rest_route=\/wp\/v2\/posts\/45288\/revisions\/45290"}],"wp:featuredmedia":[{"embeddable":true,"href":"https:\/\/historiografija.hr\/index.php?rest_route=\/wp\/v2\/media\/45289"}],"wp:attachment":[{"href":"https:\/\/historiografija.hr\/index.php?rest_route=%2Fwp%2Fv2%2Fmedia&parent=45288"}],"wp:term":[{"taxonomy":"category","embeddable":true,"href":"https:\/\/historiografija.hr\/index.php?rest_route=%2Fwp%2Fv2%2Fcategories&post=45288"},{"taxonomy":"post_tag","embeddable":true,"href":"https:\/\/historiografija.hr\/index.php?rest_route=%2Fwp%2Fv2%2Ftags&post=45288"}],"curies":[{"name":"wp","href":"https:\/\/api.w.org\/{rel}","templated":true}]}}