{"id":45279,"date":"2025-03-13T23:13:37","date_gmt":"2025-03-13T23:13:37","guid":{"rendered":"https:\/\/historiografija.hr\/?p=45279"},"modified":"2025-03-13T23:13:51","modified_gmt":"2025-03-13T23:13:51","slug":"predavanje-zygfryda-gehrmanna-centar-za-njemacke-i-europske-studije-sveucilista-u-zagrebu-i-sveucilista-u-regensburgu-nastanak-ustrojstvo-ciljevi","status":"publish","type":"post","link":"https:\/\/historiografija.hr\/?p=45279","title":{"rendered":"Predavanje Zygfryda Gehrmanna \u201eCentar za njema\u010dke i europske studije Sveu\u010dili\u0161ta u Zagrebu i Sveu\u010dili\u0161ta u Regensburgu: nastanak, ustrojstvo, ciljevi\u201c"},"content":{"rendered":"\n<p>Klub hrvatskih humboldtovaca poziva Vas na predavanje prof. emer. dr. sc. Zygfryda Gehrmanna u \u010detvrtak 20. o\u017eujka u 18h, Dru\u0161tvo sveu\u010dili\u0161nih nastavnika i drugih znanstvenika, Frankopanska 5a, Zagreb.<\/p>\n\n\n\n<p>U sredi\u0161tu predavanja je predstavljanje dosada\u0161njeg rada i planirane aktivnosti Centra za njema\u010dke i europske studije, zajedni\u010dke institucije Sveu\u010dili\u0161ta u Zagrebu i Sveu\u010dili\u0161ta u Regensburgu. Ovu ustanovu \u0107e predstaviti njen voditelj prof. emer. dr. sc. Zygfryd Gehrmann. Centar je osnovan u o\u017eujku 2023, a ima za cilje produbiti znanstvene i akademske odnose izme\u0111u Hrvatske i Njema\u010dke te poduprijeti europsku integraciju susjednih zemalja kroz pove\u0107anu znanstvenu suradnju Njema\u010dke, Hrvatske i Jugoisto\u010dne Europe. U drugom je fokusu Centra promicati vi\u0161ejezi\u010dnost u znanosti i obrazovanju s fokusom na njema\u010dki u Hrvatskoj i njenom susjedstvu te hrvatski u Njema\u010dkoj.<\/p>\n\n\n\n<p>U sklopu predavanja prof. emer. dr. sc. Gehrmann dodatno \u0107e se osvrnuti na recentna kretanja hrvatsko-njema\u010dkih odnosa, posebno na podru\u010dju znanosti.<\/p>\n\n\n\n<p>Predavanje \u0107e biti odr\u017eano na njema\u010dkom jeziku.<\/p>\n\n\n\n<p><a href=\"https:\/\/www.humboldt-club.hr\/images\/pdf\/Pozivnica_Zagreb-Regensburg_2.pdf\" target=\"_blank\" rel=\"noreferrer noopener\">Pozivnica<\/a> (PDF)<\/p>\n\n\n\n<hr class=\"wp-block-separator has-alpha-channel-opacity\"\/>\n\n\n\n<p>Izvor:<\/p>\n\n\n\n<p><a href=\"https:\/\/www.humboldt-club.hr\/obavijesti\/239-centar-za-njemacke-i-europske-studije-sveucilista-u-zagrebu-i-sveucilista-u-regensburgu-nastanak-ustrojstvo-ciljevi\">https:\/\/www.humboldt-club.hr\/obavijesti\/239-centar-za-njemacke-i-europske-studije-sveucilista-u-zagrebu-i-sveucilista-u-regensburgu-nastanak-ustrojstvo-ciljevi<\/a><\/p>\n\n\n\n<hr class=\"wp-block-separator has-alpha-channel-opacity\"\/>\n","protected":false},"excerpt":{"rendered":"","protected":false},"author":2,"featured_media":45280,"comment_status":"open","ping_status":"open","sticky":false,"template":"","format":"standard","meta":{"_acf_changed":false,"jetpack_post_was_ever_published":false,"_jetpack_newsletter_access":"","_jetpack_dont_email_post_to_subs":false,"_jetpack_newsletter_tier_id":0,"_jetpack_memberships_contains_paywalled_content":false,"_jetpack_memberships_contains_paid_content":false,"footnotes":"","jetpack_publicize_message":"","jetpack_publicize_feature_enabled":true,"jetpack_social_post_already_shared":true,"jetpack_social_options":{"image_generator_settings":{"template":"highway","default_image_id":0,"font":"","enabled":false},"version":2}},"categories":[3],"tags":[],"class_list":["post-45279","post","type-post","status-publish","format-standard","has-post-thumbnail","hentry","category-novosti"],"acf":{"facebook_opis":""},"jetpack_publicize_connections":[],"jetpack_featured_media_url":"https:\/\/i0.wp.com\/historiografija.hr\/wp-content\/uploads\/2025\/03\/Pozivnica_Zagreb-Regensburg.jpg?fit=1241%2C1754&ssl=1","jetpack_sharing_enabled":true,"jetpack-related-posts":[],"_links":{"self":[{"href":"https:\/\/historiografija.hr\/index.php?rest_route=\/wp\/v2\/posts\/45279","targetHints":{"allow":["GET"]}}],"collection":[{"href":"https:\/\/historiografija.hr\/index.php?rest_route=\/wp\/v2\/posts"}],"about":[{"href":"https:\/\/historiografija.hr\/index.php?rest_route=\/wp\/v2\/types\/post"}],"author":[{"embeddable":true,"href":"https:\/\/historiografija.hr\/index.php?rest_route=\/wp\/v2\/users\/2"}],"replies":[{"embeddable":true,"href":"https:\/\/historiografija.hr\/index.php?rest_route=%2Fwp%2Fv2%2Fcomments&post=45279"}],"version-history":[{"count":1,"href":"https:\/\/historiografija.hr\/index.php?rest_route=\/wp\/v2\/posts\/45279\/revisions"}],"predecessor-version":[{"id":45281,"href":"https:\/\/historiografija.hr\/index.php?rest_route=\/wp\/v2\/posts\/45279\/revisions\/45281"}],"wp:featuredmedia":[{"embeddable":true,"href":"https:\/\/historiografija.hr\/index.php?rest_route=\/wp\/v2\/media\/45280"}],"wp:attachment":[{"href":"https:\/\/historiografija.hr\/index.php?rest_route=%2Fwp%2Fv2%2Fmedia&parent=45279"}],"wp:term":[{"taxonomy":"category","embeddable":true,"href":"https:\/\/historiografija.hr\/index.php?rest_route=%2Fwp%2Fv2%2Fcategories&post=45279"},{"taxonomy":"post_tag","embeddable":true,"href":"https:\/\/historiografija.hr\/index.php?rest_route=%2Fwp%2Fv2%2Ftags&post=45279"}],"curies":[{"name":"wp","href":"https:\/\/api.w.org\/{rel}","templated":true}]}}