{"id":4524,"date":"2017-05-25T08:31:46","date_gmt":"2017-05-25T08:31:46","guid":{"rendered":"http:\/\/historiografija.hr\/?p=4524"},"modified":"2017-05-25T08:31:46","modified_gmt":"2017-05-25T08:31:46","slug":"v-rimski-dani-u-vinkovcima","status":"publish","type":"post","link":"https:\/\/historiografija.hr\/?p=4524","title":{"rendered":"V. Rimski dani u Vinkovcima"},"content":{"rendered":"<p>Dana 26. i 27. svibnja 2017. godine Turisti\u010dka zajednica grada Vinkovaca po peti puta organizira manifestaciju Rimski dani.<\/p>\n<p>&nbsp;<\/p>\n<p>&#8212;<\/p>\n<p>&nbsp;<\/p>\n<p><strong>V. Rimski dani (26. i 27. svibnja)<\/strong><\/p>\n<p>&nbsp;<\/p>\n<p>Uz visoko pokroviteljstvo Predsjednice Republike, gospo\u0111e Kolinde Grabar &#8211; Kitarovi\u0107, Turisti\u010dka zajednica grada Vinkovaca organizira V. Rimske dane u Vinkovcima 26. i 27. svibnja 2017. godine. Svoju potporu pru\u017eili su: Gradski muzej Vinkovci, Grad Vinkovci i tvrtka Promo Cibalae.<\/p>\n<p>&nbsp;<\/p>\n<p>Cilj manifestacije je uklju\u010diti \u0161to vi\u0161e posjetitelja u doga\u0111anja u gradu tijekom Rimskih dana kroz radionice, prikaz \u017eivota Rimljana, igrokaze i sl., prezentirati Vinkovce kao grad bogatog naslije\u0111a iz rimskoga vremena koji danas, kroz ovakva doga\u0111anja, tako\u0111er privla\u010di posjetitelje svih uzrasta.<\/p>\n<p>&nbsp;<\/p>\n<p>Da ova manifestacija ima zaista mnogo potencijala govori i potpora Grada Vinkovaca, kako je istaknuo zamjenik gradona\u010delnika Ivan Bosan\u010di\u0107, rekav\u0161i da je ovo manifestacija koja je kroz kratko vrijeme svoga postojanja postala prepoznata \u0161iroj javnosti te da, uz Vinkova\u010dke jeseni, predstavlja okosnicu turisti\u010dke ponude grada Vinkovaca.<\/p>\n<p>&nbsp;<\/p>\n<p>Tema manifestacije<\/p>\n<p>&nbsp;<\/p>\n<p>O temi manifestacije vi\u0161e je rekao kustos Gradskog muzej Hrvoje Vuli\u0107. koji je istaknuo kako naziv: \u201eQuam Caesar, vos postulo vincere Pannoniis? Saltem tres! &#8211; Koliko Cezara treba da se pobijede Panonci? Barem tri! je vezn za pobunu Batona (Batona Breu\u010dkog i Batona Deziderijatskog). Naime, u jednom trenutku bile su potrebne snage tri Cezara (Tiberije i Germanik su i osobno sudjelovali, a August je bio vrlo anga\u017eiran iako iz daljine). Pobuna bi se vjerojatno i dalje nastavila da se 7. i 8. godine nije dogodila su\u0161a u kombinaciji s vrlo jakim zimama, uz rimsku politiku spaljene zemlje koja je prisilila panonska plemena na predaju. 7. godina ozna\u010dila je vrhunac rimskih vojnih operacija.<\/p>\n<p>&nbsp;<\/p>\n<p>Ve\u010der uo\u010di V. Rimskih dana, Ilo\u010dki podrumi pripremaju degustaciju svojih vina na \u201eRimskoj ve\u010deri vina\u201c u caffe baru \u0160inobus u 20:00 sati. Ljubitelji dobroga vina i rimskih zalogaj\u010di\u0107a pozvani su do\u0107i u dvori\u0161te caffe bara i uz biranu glazbu u\u017eivati u posebnom, rimskom ugo\u0111aju.<\/p>\n<p>&nbsp;<\/p>\n<p>V. Rimski dani obiluju razli\u010ditim igraonicama za djecu koje vode volonteri Dru\u0161tva Na\u0161a djeca Vinkovci. Za sve uzraste pripremljene su radionice kerami\u010darki te cirkuske radionice. Posjetitelji \u0107e mo\u0107i ku\u0161ati craft piva, kupiti predmet za uspomenu na rimskom sajmu, a djeca 5. razreda vinkova\u010dkih osnovnih \u0161kola, uz jednu gostuju\u0107u ekipu iz Vukovara, pokazat \u0107e svoje znanje o Rimskom carstvu i Cibalama na Olimpijadi znanja.<\/p>\n<p>&nbsp;<\/p>\n<p>Ekskluzivno<\/p>\n<p>&nbsp;<\/p>\n<p>Ekskluzivno \u0107e se mo\u0107i obi\u0107i lokalitet Kamenica. Naime, svi koji se prijave na vrijeme, a pratiti treba web FB stranicu Turisti\u010dke zajednice grada Vinkovaca budu\u0107i da je broj mjesta ograni\u010den, po prvi \u0107e puta mo\u0107i vidjeti lokalitet koji ima izuzetnu va\u017enost kao mjesto mu\u010deni\u010dke smrti sv. Poliona.<\/p>\n<p>&nbsp;<\/p>\n<p>Profesorice i u\u010denici Gimnazije M. A. Reljkovi\u0107a pripremili su radionicu \u201eLatinski na\u0161 svagda\u0161nji\u201c za djecu 7. i 8. razreda te radionicu za djecu ni\u017eih razreda osnovnih \u0161kola \u201eU svijetu mitova\u201c u suradnji s Gradskom knji\u017enicom i \u010ditaonicom Vinkovci.<\/p>\n<p>&nbsp;<\/p>\n<p>Gladijatori i legionari<\/p>\n<p>&nbsp;<\/p>\n<p>Novost ovogodi\u0161njih Rimskih dana jesu, uz ve\u0107 poznatu i rado vi\u0111enu Dioklecijanovu legiju, gosti iz Trsta: Kelti i Rimljani. Oni \u0107e u svojim nastambama\/taborima koji \u0107e biti podignuti u velikom parku, boraviti cijeli dan i pokazivati zainteresiranima kako su \u017eivjeli i \u010dime su se bavili Kelti odnosno Rimljani. U ve\u010dernjem programu prezentirat \u0107e se u sve\u010danom defileu u petak, a kroz veliku bitku i u subotu, u programu \u010diji scenarij i re\u017eiju potpisuju Vjekoslav Jankovi\u0107 i Petra Bernarda Bla\u0161kovi\u0107 iz HNK Osijek. Neizostavne su borbe gladijatora u kojima sudjeluju i vinkova\u010dki borci, a borit \u0107e se i legionari Dioklecijanove legije.<\/p>\n<p>&nbsp;<\/p>\n<p>Izvor i dodatne informacije:<\/p>\n<p>&nbsp;<\/p>\n<p><a href=\"http:\/\/www.tz-vinkovci.hr\/\">http:\/\/www.tz-vinkovci.hr\/<\/a><\/p>\n<p>&nbsp;<\/p>\n<p>&nbsp;<\/p>\n","protected":false},"excerpt":{"rendered":"","protected":false},"author":2,"featured_media":4525,"comment_status":"open","ping_status":"open","sticky":false,"template":"","format":"standard","meta":{"_acf_changed":false,"jetpack_post_was_ever_published":false,"_jetpack_newsletter_access":"","_jetpack_dont_email_post_to_subs":false,"_jetpack_newsletter_tier_id":0,"_jetpack_memberships_contains_paywalled_content":false,"_jetpack_memberships_contains_paid_content":false,"footnotes":"","jetpack_publicize_message":"","jetpack_publicize_feature_enabled":true,"jetpack_social_post_already_shared":true,"jetpack_social_options":{"image_generator_settings":{"template":"highway","default_image_id":0,"font":"","enabled":false},"version":2}},"categories":[16,3],"tags":[],"class_list":["post-4524","post","type-post","status-publish","format-standard","has-post-thumbnail","hentry","category-manifestacije-ozivljavanja-povijesti","category-novosti"],"acf":{"facebook_opis":""},"jetpack_publicize_connections":[],"jetpack_featured_media_url":"https:\/\/i0.wp.com\/historiografija.hr\/wp-content\/uploads\/2017\/05\/rimski.jpg?fit=960%2C490&ssl=1","jetpack_sharing_enabled":true,"jetpack-related-posts":[{"id":52760,"url":"https:\/\/historiografija.hr\/?p=52760","url_meta":{"origin":4524,"position":0},"title":"Izlo\u017eba \u201cLo\u0161injski brodovi, njihove zastave i ljudi\u201d, 4. svibnja u 19h","author":"Filip \u0160imunjak","date":"30. travnja 2026.","format":false,"excerpt":"Hrvatski pomorski muzej Split, Glagolja\u0161a 18 (Tvr\u0111ava Gripe) Nakon \u0161to je u rujnu 2025. godine na otoku Lo\u0161inju, u suradnji Lo\u0161injskog muzeja i Hrvatskog pomorskog muzeja Split, predstavljena izlo\u017eba posve\u0107ena bogatoj pomorskoj ba\u0161tini otoka, njezino pro\u0161ireno izdanje postavlja se u Splitu. Uo\u010di blagdana svetog Dujma splitskoj \u0107e se publici predstaviti\u2026","rel":"","context":"U &quot;Izlo\u017ebe&quot;","block_context":{"text":"Izlo\u017ebe","link":"https:\/\/historiografija.hr\/?cat=10"},"img":{"alt_text":"","src":"https:\/\/i0.wp.com\/historiografija.hr\/wp-content\/uploads\/2026\/04\/Losinjski-brodovi-Izlozba-1-scaled.webp?fit=840%2C1200&ssl=1&resize=350%2C200","width":350,"height":200,"srcset":"https:\/\/i0.wp.com\/historiografija.hr\/wp-content\/uploads\/2026\/04\/Losinjski-brodovi-Izlozba-1-scaled.webp?fit=840%2C1200&ssl=1&resize=350%2C200 1x, https:\/\/i0.wp.com\/historiografija.hr\/wp-content\/uploads\/2026\/04\/Losinjski-brodovi-Izlozba-1-scaled.webp?fit=840%2C1200&ssl=1&resize=525%2C300 1.5x, https:\/\/i0.wp.com\/historiografija.hr\/wp-content\/uploads\/2026\/04\/Losinjski-brodovi-Izlozba-1-scaled.webp?fit=840%2C1200&ssl=1&resize=700%2C400 2x"},"classes":[]},{"id":52578,"url":"https:\/\/historiografija.hr\/?p=52578","url_meta":{"origin":4524,"position":1},"title":"Poziv za sudjelovanje: XXII. Dani Julija Bene\u0161i\u0107a u Iloku","author":"Branimir Jankovi\u0107","date":"21. travnja 2026.","format":false,"excerpt":"Zavod za lingvisti\u010dka istra\u017eivanja Hrvatske akademije znanosti i umjetnosti, zajedno s Muzejom grada Iloka, organizira XXII. Dane Julija Bene\u0161i\u0107a, koji \u0107e se odr\u017eati od 28. do 30. listopada 2026. u Iloku.\u00a0Teme ovogodi\u0161njih Dana podijeljene su u dvije cjeline: Knji\u017eevno-jezikoslovni d\u00ecv\u0101n s Bene\u0161i\u0107em te Ilok i Srijem u povijesnim stalnicama i\u2026","rel":"","context":"U &quot;Novosti&quot;","block_context":{"text":"Novosti","link":"https:\/\/historiografija.hr\/?cat=3"},"img":{"alt_text":"","src":"https:\/\/i0.wp.com\/historiografija.hr\/wp-content\/uploads\/2019\/10\/HE2_Benesic.jpg?fit=413%2C591&ssl=1&resize=350%2C200","width":350,"height":200},"classes":[]},{"id":52543,"url":"https:\/\/historiografija.hr\/?p=52543","url_meta":{"origin":4524,"position":2},"title":"Znanstveno-stru\u010dni skup \u201eOto\u010dne pu\u010dke pobo\u017enosti: kontinuiteti i transformacije\u201c","author":"Branimir Jankovi\u0107","date":"20. travnja 2026.","format":false,"excerpt":"Najavljujemo\u00a0znanstveno-stru\u010dni skup \u201eOto\u010dne pu\u010dke pobo\u017enosti: kontinuiteti i transformacije\u201c,\u00a0koji \u0107e se odr\u017eati\u00a0u Rabu od 24. do 26. travnja 2026.,\u00a0u organizaciji i uz potporu\u00a0Instituta za etnologiju i folkloristiku, Zagreb, \u00a0Grada Raba, Pu\u010dkog otvorenog u\u010dili\u0161ta Rab i Centra za istra\u017eivanje srednjovjekovne ba\u0161tine Jadrana RIMAH. Skup okuplja vode\u0107e doma\u0107e stru\u010dnjake koji \u0107e kroz niz\u2026","rel":"","context":"U &quot;Novosti&quot;","block_context":{"text":"Novosti","link":"https:\/\/historiografija.hr\/?cat=3"},"img":{"alt_text":"","src":"https:\/\/i0.wp.com\/historiografija.hr\/wp-content\/uploads\/2026\/04\/Skup_Rab.jpg?fit=848%2C1200&ssl=1&resize=350%2C200","width":350,"height":200,"srcset":"https:\/\/i0.wp.com\/historiografija.hr\/wp-content\/uploads\/2026\/04\/Skup_Rab.jpg?fit=848%2C1200&ssl=1&resize=350%2C200 1x, https:\/\/i0.wp.com\/historiografija.hr\/wp-content\/uploads\/2026\/04\/Skup_Rab.jpg?fit=848%2C1200&ssl=1&resize=525%2C300 1.5x, https:\/\/i0.wp.com\/historiografija.hr\/wp-content\/uploads\/2026\/04\/Skup_Rab.jpg?fit=848%2C1200&ssl=1&resize=700%2C400 2x"},"classes":[]},{"id":52712,"url":"https:\/\/historiografija.hr\/?p=52712","url_meta":{"origin":4524,"position":3},"title":"Okrugli stol &#8220;Proslava 1100 godina Hrvatskoga Kraljevstva \u2013 kako danas gledamo na hrvatski rani srednji vijek?&#8221;","author":"Filip \u0160imunjak","date":"29. travnja 2026.","format":false,"excerpt":"Godinu iza nas obilje\u017eile su brojne manifestacije posve\u0107ene 1100. obljetnici Hrvatskoga Kraljevstva, koje su privukle veliku pozornost javnosti i medija, pa tako i na\u0161ega portala. Nastavljaju\u0107i se na taj niz, pozivamo Vas na okrugli stol \u201eProslava 1100 godina Hrvatskoga Kraljevstva \u2013 kako danas gledamo na hrvatski rani srednji vijek?\u201d, koji\u2026","rel":"","context":"U &quot;Novosti&quot;","block_context":{"text":"Novosti","link":"https:\/\/historiografija.hr\/?cat=3"},"img":{"alt_text":"","src":"https:\/\/i0.wp.com\/historiografija.hr\/wp-content\/uploads\/2026\/04\/Kliofest-01-utorak-I-01-OS-1100-godina.jpg?fit=1200%2C566&ssl=1&resize=350%2C200","width":350,"height":200,"srcset":"https:\/\/i0.wp.com\/historiografija.hr\/wp-content\/uploads\/2026\/04\/Kliofest-01-utorak-I-01-OS-1100-godina.jpg?fit=1200%2C566&ssl=1&resize=350%2C200 1x, https:\/\/i0.wp.com\/historiografija.hr\/wp-content\/uploads\/2026\/04\/Kliofest-01-utorak-I-01-OS-1100-godina.jpg?fit=1200%2C566&ssl=1&resize=525%2C300 1.5x, https:\/\/i0.wp.com\/historiografija.hr\/wp-content\/uploads\/2026\/04\/Kliofest-01-utorak-I-01-OS-1100-godina.jpg?fit=1200%2C566&ssl=1&resize=700%2C400 2x, https:\/\/i0.wp.com\/historiografija.hr\/wp-content\/uploads\/2026\/04\/Kliofest-01-utorak-I-01-OS-1100-godina.jpg?fit=1200%2C566&ssl=1&resize=1050%2C600 3x"},"classes":[]},{"id":52666,"url":"https:\/\/historiografija.hr\/?p=52666","url_meta":{"origin":4524,"position":4},"title":"Najava programa Festivala povijesti Kliofest (5-8. V. 2026)","author":"Branimir Jankovi\u0107","date":"24. travnja 2026.","format":false,"excerpt":"Po trinaesti put odr\u017eava se Festival povijesti Kliofest! Do petka \u0107emo odr\u017eati osam okruglih stolova i dva kolokvija te niz predstavljanja knjiga i projekata razli\u010dite tematike, od antike do suvremenosti. Bit \u0107e predstavljeno i nekoliko izlo\u017ebi te odr\u017ean jedan povijesni kviz. Prikazat \u0107emo i jedan film \u2013 o generalu Boroevi\u0107u.\u2026","rel":"","context":"U &quot;Novosti&quot;","block_context":{"text":"Novosti","link":"https:\/\/historiografija.hr\/?cat=3"},"img":{"alt_text":"","src":"https:\/\/i0.wp.com\/historiografija.hr\/wp-content\/uploads\/2026\/04\/Kliofest-2026.jpg?fit=526%2C526&ssl=1&resize=350%2C200","width":350,"height":200,"srcset":"https:\/\/i0.wp.com\/historiografija.hr\/wp-content\/uploads\/2026\/04\/Kliofest-2026.jpg?fit=526%2C526&ssl=1&resize=350%2C200 1x, https:\/\/i0.wp.com\/historiografija.hr\/wp-content\/uploads\/2026\/04\/Kliofest-2026.jpg?fit=526%2C526&ssl=1&resize=525%2C300 1.5x"},"classes":[]},{"id":52552,"url":"https:\/\/historiografija.hr\/?p=52552","url_meta":{"origin":4524,"position":5},"title":"Besplatni glazbeni antikvarijat","author":"Branimir Jankovi\u0107","date":"20. travnja 2026.","format":false,"excerpt":"Muzi\u010dka akademija Sveu\u010dili\u0161ta u Zagrebu 23. travnja 2026. od 10 do 17 sati Pozivamo Vas na Besplatni glazbeni antikvarijat, koji u sklopu manifestacije No\u0107 knjige 2026. organizira Hrvatska udruga muzi\u010dkih knji\u017enica, arhiva i dokumentacijskih centara (HUMKAD). Antikvarijat \u0107e se odr\u017eati na Svjetski dan knjige \u2013 u \u010detvrtak 23. travnja 2026.\u2026","rel":"","context":"U &quot;Novosti&quot;","block_context":{"text":"Novosti","link":"https:\/\/historiografija.hr\/?cat=3"},"img":{"alt_text":"","src":"https:\/\/i0.wp.com\/historiografija.hr\/wp-content\/uploads\/2026\/04\/Besplatni-glazbeni-antikvarijat-23.-4.-2026.jpg?fit=1200%2C848&ssl=1&resize=350%2C200","width":350,"height":200,"srcset":"https:\/\/i0.wp.com\/historiografija.hr\/wp-content\/uploads\/2026\/04\/Besplatni-glazbeni-antikvarijat-23.-4.-2026.jpg?fit=1200%2C848&ssl=1&resize=350%2C200 1x, https:\/\/i0.wp.com\/historiografija.hr\/wp-content\/uploads\/2026\/04\/Besplatni-glazbeni-antikvarijat-23.-4.-2026.jpg?fit=1200%2C848&ssl=1&resize=525%2C300 1.5x, https:\/\/i0.wp.com\/historiografija.hr\/wp-content\/uploads\/2026\/04\/Besplatni-glazbeni-antikvarijat-23.-4.-2026.jpg?fit=1200%2C848&ssl=1&resize=700%2C400 2x, https:\/\/i0.wp.com\/historiografija.hr\/wp-content\/uploads\/2026\/04\/Besplatni-glazbeni-antikvarijat-23.-4.-2026.jpg?fit=1200%2C848&ssl=1&resize=1050%2C600 3x"},"classes":[]}],"_links":{"self":[{"href":"https:\/\/historiografija.hr\/index.php?rest_route=\/wp\/v2\/posts\/4524","targetHints":{"allow":["GET"]}}],"collection":[{"href":"https:\/\/historiografija.hr\/index.php?rest_route=\/wp\/v2\/posts"}],"about":[{"href":"https:\/\/historiografija.hr\/index.php?rest_route=\/wp\/v2\/types\/post"}],"author":[{"embeddable":true,"href":"https:\/\/historiografija.hr\/index.php?rest_route=\/wp\/v2\/users\/2"}],"replies":[{"embeddable":true,"href":"https:\/\/historiografija.hr\/index.php?rest_route=%2Fwp%2Fv2%2Fcomments&post=4524"}],"version-history":[{"count":1,"href":"https:\/\/historiografija.hr\/index.php?rest_route=\/wp\/v2\/posts\/4524\/revisions"}],"predecessor-version":[{"id":4526,"href":"https:\/\/historiografija.hr\/index.php?rest_route=\/wp\/v2\/posts\/4524\/revisions\/4526"}],"wp:featuredmedia":[{"embeddable":true,"href":"https:\/\/historiografija.hr\/index.php?rest_route=\/wp\/v2\/media\/4525"}],"wp:attachment":[{"href":"https:\/\/historiografija.hr\/index.php?rest_route=%2Fwp%2Fv2%2Fmedia&parent=4524"}],"wp:term":[{"taxonomy":"category","embeddable":true,"href":"https:\/\/historiografija.hr\/index.php?rest_route=%2Fwp%2Fv2%2Fcategories&post=4524"},{"taxonomy":"post_tag","embeddable":true,"href":"https:\/\/historiografija.hr\/index.php?rest_route=%2Fwp%2Fv2%2Ftags&post=4524"}],"curies":[{"name":"wp","href":"https:\/\/api.w.org\/{rel}","templated":true}]}}