{"id":45238,"date":"2025-03-11T22:26:31","date_gmt":"2025-03-11T22:26:31","guid":{"rendered":"https:\/\/historiografija.hr\/?p=45238"},"modified":"2025-03-11T22:29:19","modified_gmt":"2025-03-11T22:29:19","slug":"povodom-uredenja-steze-povijesti-u-velikom-trgoviscu","status":"publish","type":"post","link":"https:\/\/historiografija.hr\/?p=45238","title":{"rendered":"Povodom ure\u0111enja Steze povijesti u Velikom Trgovi\u0161\u0107u"},"content":{"rendered":"\n<p><strong>Velike povijesne li\u010dnosti kao predmet turisti\u010dkih sadr\u017eaja<\/strong><\/p>\n\n\n\n<p>Problematiziranje velikih povijesnih li\u010dnosti, tj. pojedinaca koji su ostavili dubok trag u nacionalnoj i\/ili svjetskoj povijesti, u historiografiji je uvijek tema koja pobu\u0111uje rasprave. I dok smo na njih u akademsko-stru\u010dnim i popularno-znanstvenim krugovima ve\u0107 nekako navikli, pa i \u201eoguglali\u201c, podru\u010dje njihove (re)interpretacije postupno se \u0161iri i u domeni povezivanja povijesti i (sveprisutnog) turizma.<\/p>\n\n\n\n<p><strong>Tu\u0111manom nadahnuta Steza povijesti u Velikom Trgovi\u0161\u0107u<\/strong><\/p>\n\n\n\n<p>Recentni primjer ove vrste je i nedavno ure\u0111ena Steza povijesti u Velikom Trgovi\u0161\u0107u. Rije\u010d je o \u0161etnici zaselcima i \u0161umarcima Velikog Trgovi\u0161\u0107a koja, slijede\u0107i principe igrifikacije (eng. <em>Gamification<\/em>) i samovo\u0111enja (eng. <em>Self-Guided Travel<\/em>) s izletnicima ostvaruje interakciju tako \u0161to na desetak to\u010daka pred njih stavlja zadatak da spoje dijelove razli\u010ditih citata prvog hrvatskog predsjednika (koji je, kao \u0161to je poznato, u Velikom Trgovi\u0161\u0107u ro\u0111en).<\/p>\n\n\n\n<figure class=\"wp-block-image size-large is-resized\"><img data-recalc-dims=\"1\" loading=\"lazy\" decoding=\"async\" width=\"860\" height=\"645\" data-attachment-id=\"45240\" data-permalink=\"https:\/\/historiografija.hr\/?attachment_id=45240\" data-orig-file=\"https:\/\/i0.wp.com\/historiografija.hr\/wp-content\/uploads\/2025\/03\/Staza-povijesti_detalj.jpeg?fit=2000%2C1500&amp;ssl=1\" data-orig-size=\"2000,1500\" data-comments-opened=\"1\" data-image-meta=\"{&quot;aperture&quot;:&quot;0&quot;,&quot;credit&quot;:&quot;&quot;,&quot;camera&quot;:&quot;&quot;,&quot;caption&quot;:&quot;&quot;,&quot;created_timestamp&quot;:&quot;0&quot;,&quot;copyright&quot;:&quot;&quot;,&quot;focal_length&quot;:&quot;0&quot;,&quot;iso&quot;:&quot;0&quot;,&quot;shutter_speed&quot;:&quot;0&quot;,&quot;title&quot;:&quot;&quot;,&quot;orientation&quot;:&quot;0&quot;}\" data-image-title=\"Staza povijesti_detalj\" data-image-description=\"\" data-image-caption=\"\" data-large-file=\"https:\/\/i0.wp.com\/historiografija.hr\/wp-content\/uploads\/2025\/03\/Staza-povijesti_detalj.jpeg?fit=860%2C645&amp;ssl=1\" src=\"https:\/\/i0.wp.com\/historiografija.hr\/wp-content\/uploads\/2025\/03\/Staza-povijesti_detalj.jpeg?resize=860%2C645&#038;ssl=1\" alt=\"\" class=\"wp-image-45240\" style=\"width:567px;height:auto\" srcset=\"https:\/\/i0.wp.com\/historiografija.hr\/wp-content\/uploads\/2025\/03\/Staza-povijesti_detalj.jpeg?resize=1024%2C768&amp;ssl=1 1024w, https:\/\/i0.wp.com\/historiografija.hr\/wp-content\/uploads\/2025\/03\/Staza-povijesti_detalj.jpeg?resize=300%2C225&amp;ssl=1 300w, https:\/\/i0.wp.com\/historiografija.hr\/wp-content\/uploads\/2025\/03\/Staza-povijesti_detalj.jpeg?resize=768%2C576&amp;ssl=1 768w, https:\/\/i0.wp.com\/historiografija.hr\/wp-content\/uploads\/2025\/03\/Staza-povijesti_detalj.jpeg?resize=1536%2C1152&amp;ssl=1 1536w, https:\/\/i0.wp.com\/historiografija.hr\/wp-content\/uploads\/2025\/03\/Staza-povijesti_detalj.jpeg?w=2000&amp;ssl=1 2000w, https:\/\/i0.wp.com\/historiografija.hr\/wp-content\/uploads\/2025\/03\/Staza-povijesti_detalj.jpeg?w=1720&amp;ssl=1 1720w\" sizes=\"auto, (max-width: 860px) 100vw, 860px\" \/><\/figure>\n\n\n\n<p><strong>Od dnevni\u010dkih zapisa do kulturno-turisti\u010dkog proizvoda<\/strong> <\/p>\n\n\n\n<p>Kako navodi Luka Jakop\u010di\u0107, direktor <em>storytelling<\/em> studija <a href=\"https:\/\/recider.com\/\">Recider<\/a> koji je u suradnji s Turisti\u010dkom zajednicom <a href=\"https:\/\/www.biserzagorja.hr\/\">Biser Zagorja<\/a> osmislio i realizirao cijeli projekt, u interpretaciji nisu kori\u0161teni prigodni\u010darski Tu\u0111manovi citati, bilo oni koje favoriziraju njegovi nekriti\u010dki obo\u017eavatelji, bilo oni za kojima pote\u017eu njegovi kriti\u010dari. Interpretacijskom izazovu nastojalo se dosko\u010diti kori\u0161tenjem manje poznate, a vrlo vrijedne i javno dostupne gra\u0111e Tu\u0111manovih dnevni\u010dkih zapisa iz 1970-ih i 1980-ih (objavljeni u tri sveska po\u010detkom 2010-ih u izdanju <em>Ve\u010dernjeg lista<\/em>).<\/p>\n\n\n\n<p><strong>Kako interpretiramo i u\u010dimo povijest \u2013 najava izleta 29. 3.<\/strong> <strong>2025.<\/strong><\/p>\n\n\n\n<p>Tako smo na pomalo neo\u010dekivanom, ali zapravo nimalo nelogi\u010dnom mjestu (u samom Tu\u0111manovom zavi\u010daju) dobili sadr\u017eaj koji \u201eozbiljnu\u201c i \u201ekontroverznu\u201c historiografsku temu stavlja u situaciju neposredne i dinami\u010dne interakcije s izletnicima namjernicima. Sami pak citati svojim sadr\u017eajem upu\u0107uju na to koliko historiografske interpretacije, posebice u slu\u010daju \u201evelikih li\u010dnosti\u201c, \u010desto previ\u0111aju da su same naknadni konstrukti koje su od zami\u0161ljene \u201epovijesni biti\u201c nekog \u201evelikog pojedinca\u201c zapravo to dalje, \u0161to su uvjerenije da su joj bli\u017ee. Kako to sve izgleda u praksi, zainteresirani mogu saznati 29. 3., kad Recider organizira pokazni izlet Stezom povijesti i Stezom umjetnosti (jo\u0161 jednom od tematskih staza interpretiranih u sklopu istog projekta). <\/p>\n\n\n\n<p>Vi\u0161e informacija o izletu saznajte <a href=\"https:\/\/www.facebook.com\/events\/1774335933347289\">ovdje<\/a>.<\/p>\n\n\n\n<p>Na izlet se mo\u017eete prijaviti i <a href=\"https:\/\/tinyurl.com\/kam-ides-prijava\">ovdje<\/a>.<\/p>\n\n\n\n<figure class=\"wp-block-image size-large is-resized\"><img data-recalc-dims=\"1\" loading=\"lazy\" decoding=\"async\" width=\"860\" height=\"484\" data-attachment-id=\"45241\" data-permalink=\"https:\/\/historiografija.hr\/?attachment_id=45241\" data-orig-file=\"https:\/\/i0.wp.com\/historiografija.hr\/wp-content\/uploads\/2025\/03\/Kam-ides-FB-i-web-cover.png?fit=1920%2C1080&amp;ssl=1\" data-orig-size=\"1920,1080\" data-comments-opened=\"1\" data-image-meta=\"{&quot;aperture&quot;:&quot;0&quot;,&quot;credit&quot;:&quot;&quot;,&quot;camera&quot;:&quot;&quot;,&quot;caption&quot;:&quot;&quot;,&quot;created_timestamp&quot;:&quot;0&quot;,&quot;copyright&quot;:&quot;&quot;,&quot;focal_length&quot;:&quot;0&quot;,&quot;iso&quot;:&quot;0&quot;,&quot;shutter_speed&quot;:&quot;0&quot;,&quot;title&quot;:&quot;&quot;,&quot;orientation&quot;:&quot;0&quot;}\" data-image-title=\"Kam ides\u030c-FB i web cover\" data-image-description=\"\" data-image-caption=\"\" data-large-file=\"https:\/\/i0.wp.com\/historiografija.hr\/wp-content\/uploads\/2025\/03\/Kam-ides-FB-i-web-cover.png?fit=860%2C484&amp;ssl=1\" src=\"https:\/\/i0.wp.com\/historiografija.hr\/wp-content\/uploads\/2025\/03\/Kam-ides-FB-i-web-cover.png?resize=860%2C484&#038;ssl=1\" alt=\"\" class=\"wp-image-45241\" style=\"width:565px;height:auto\" srcset=\"https:\/\/i0.wp.com\/historiografija.hr\/wp-content\/uploads\/2025\/03\/Kam-ides-FB-i-web-cover.png?resize=1024%2C576&amp;ssl=1 1024w, https:\/\/i0.wp.com\/historiografija.hr\/wp-content\/uploads\/2025\/03\/Kam-ides-FB-i-web-cover.png?resize=300%2C169&amp;ssl=1 300w, https:\/\/i0.wp.com\/historiografija.hr\/wp-content\/uploads\/2025\/03\/Kam-ides-FB-i-web-cover.png?resize=768%2C432&amp;ssl=1 768w, https:\/\/i0.wp.com\/historiografija.hr\/wp-content\/uploads\/2025\/03\/Kam-ides-FB-i-web-cover.png?resize=1536%2C864&amp;ssl=1 1536w, https:\/\/i0.wp.com\/historiografija.hr\/wp-content\/uploads\/2025\/03\/Kam-ides-FB-i-web-cover.png?w=1920&amp;ssl=1 1920w, https:\/\/i0.wp.com\/historiografija.hr\/wp-content\/uploads\/2025\/03\/Kam-ides-FB-i-web-cover.png?w=1720&amp;ssl=1 1720w\" sizes=\"auto, (max-width: 860px) 100vw, 860px\" \/><\/figure>\n\n\n\n<hr class=\"wp-block-separator has-alpha-channel-opacity\"\/>\n","protected":false},"excerpt":{"rendered":"","protected":false},"author":2,"featured_media":45243,"comment_status":"open","ping_status":"open","sticky":false,"template":"","format":"standard","meta":{"_acf_changed":false,"jetpack_post_was_ever_published":false,"_jetpack_newsletter_access":"","_jetpack_dont_email_post_to_subs":false,"_jetpack_newsletter_tier_id":0,"_jetpack_memberships_contains_paywalled_content":false,"_jetpack_memberships_contains_paid_content":false,"footnotes":"","jetpack_publicize_message":"","jetpack_publicize_feature_enabled":true,"jetpack_social_post_already_shared":true,"jetpack_social_options":{"image_generator_settings":{"template":"highway","default_image_id":0,"font":"","enabled":false},"version":2}},"categories":[3],"tags":[],"class_list":["post-45238","post","type-post","status-publish","format-standard","has-post-thumbnail","hentry","category-novosti"],"acf":{"facebook_opis":""},"jetpack_publicize_connections":[],"jetpack_featured_media_url":"https:\/\/i0.wp.com\/historiografija.hr\/wp-content\/uploads\/2025\/03\/Tudman_detalj.jpg?fit=1005%2C820&ssl=1","jetpack_sharing_enabled":true,"jetpack-related-posts":[],"_links":{"self":[{"href":"https:\/\/historiografija.hr\/index.php?rest_route=\/wp\/v2\/posts\/45238","targetHints":{"allow":["GET"]}}],"collection":[{"href":"https:\/\/historiografija.hr\/index.php?rest_route=\/wp\/v2\/posts"}],"about":[{"href":"https:\/\/historiografija.hr\/index.php?rest_route=\/wp\/v2\/types\/post"}],"author":[{"embeddable":true,"href":"https:\/\/historiografija.hr\/index.php?rest_route=\/wp\/v2\/users\/2"}],"replies":[{"embeddable":true,"href":"https:\/\/historiografija.hr\/index.php?rest_route=%2Fwp%2Fv2%2Fcomments&post=45238"}],"version-history":[{"count":3,"href":"https:\/\/historiografija.hr\/index.php?rest_route=\/wp\/v2\/posts\/45238\/revisions"}],"predecessor-version":[{"id":45245,"href":"https:\/\/historiografija.hr\/index.php?rest_route=\/wp\/v2\/posts\/45238\/revisions\/45245"}],"wp:featuredmedia":[{"embeddable":true,"href":"https:\/\/historiografija.hr\/index.php?rest_route=\/wp\/v2\/media\/45243"}],"wp:attachment":[{"href":"https:\/\/historiografija.hr\/index.php?rest_route=%2Fwp%2Fv2%2Fmedia&parent=45238"}],"wp:term":[{"taxonomy":"category","embeddable":true,"href":"https:\/\/historiografija.hr\/index.php?rest_route=%2Fwp%2Fv2%2Fcategories&post=45238"},{"taxonomy":"post_tag","embeddable":true,"href":"https:\/\/historiografija.hr\/index.php?rest_route=%2Fwp%2Fv2%2Ftags&post=45238"}],"curies":[{"name":"wp","href":"https:\/\/api.w.org\/{rel}","templated":true}]}}