{"id":45232,"date":"2025-03-11T22:12:09","date_gmt":"2025-03-11T22:12:09","guid":{"rendered":"https:\/\/historiografija.hr\/?p=45232"},"modified":"2025-03-11T22:12:09","modified_gmt":"2025-03-11T22:12:09","slug":"izlozba-partizanke-na-rijeckom-korzu","status":"publish","type":"post","link":"https:\/\/historiografija.hr\/?p=45232","title":{"rendered":"Izlo\u017eba \u201ePartizanke\u201c na rije\u010dkom Korzu"},"content":{"rendered":"\n<p>\u201eNa postamentima na rije\u010dkom Korzu ispred Gradske vije\u0107nice postavljena je izlo\u017eba \u201ePartizanke\u201c koju u povodu Dana \u017eena, u godini u kojoj se obilje\u017eava 80. obljetnica oslobo\u0111enja od fa\u0161izma, zajedni\u010dki organiziraju Udruga antifa\u0161isti\u010dkih boraca i antifa\u0161ista grada Rijeke i Fotoklub Rijeka.\u201c<\/p>\n\n\n\n<p>Izlo\u017eba je ubrzo i\u0161arana grafitima.<\/p>\n\n\n\n<hr class=\"wp-block-separator has-alpha-channel-opacity\"\/>\n\n\n\n<p>Izvori i op\u0161irnije:<\/p>\n\n\n\n<figure class=\"wp-block-embed is-type-wp-embed is-provider-grad-rijeka wp-block-embed-grad-rijeka\"><div class=\"wp-block-embed__wrapper\">\n<blockquote class=\"wp-embedded-content\" data-secret=\"8iAA3qS0pz\"><a href=\"https:\/\/www.rijeka.hr\/na-korzu-izlozba-partizanke-u-povodu-dana-zena\/\">Na Korzu izlo\u017eba \u201ePartizanke\u201c u povodu Dana \u017eena<\/a><\/blockquote><iframe loading=\"lazy\" class=\"wp-embedded-content\" sandbox=\"allow-scripts\" security=\"restricted\" style=\"position: absolute; visibility: hidden;\" title=\"&#8220;Na Korzu izlo\u017eba \u201ePartizanke\u201c u povodu Dana \u017eena&#8221; &#8212; Grad Rijeka\" src=\"https:\/\/www.rijeka.hr\/na-korzu-izlozba-partizanke-u-povodu-dana-zena\/embed\/#?secret=fyU0JHbR76#?secret=8iAA3qS0pz\" data-secret=\"8iAA3qS0pz\" width=\"600\" height=\"338\" frameborder=\"0\" marginwidth=\"0\" marginheight=\"0\" scrolling=\"no\"><\/iframe>\n<\/div><\/figure>\n\n\n\n<hr class=\"wp-block-separator has-alpha-channel-opacity\"\/>\n\n\n\n<figure class=\"wp-block-embed is-type-wp-embed is-provider-grad-rijeka wp-block-embed-grad-rijeka\"><div class=\"wp-block-embed__wrapper\">\n<blockquote class=\"wp-embedded-content\" data-secret=\"gudMcVTA9t\"><a href=\"https:\/\/www.rijeka.hr\/gradonacelnik-filipovic-osudio-vandalizam-nad-izlozbom-partizanke\/\">Gradona\u010delnik Filipovi\u0107 osudio vandalizam nad izlo\u017ebom \u201ePartizanke\u201c<\/a><\/blockquote><iframe loading=\"lazy\" class=\"wp-embedded-content\" sandbox=\"allow-scripts\" security=\"restricted\" style=\"position: absolute; visibility: hidden;\" title=\"&#8220;Gradona\u010delnik Filipovi\u0107 osudio vandalizam nad izlo\u017ebom \u201ePartizanke\u201c&#8221; &#8212; Grad Rijeka\" src=\"https:\/\/www.rijeka.hr\/gradonacelnik-filipovic-osudio-vandalizam-nad-izlozbom-partizanke\/embed\/#?secret=vvEJnLmKBP#?secret=gudMcVTA9t\" data-secret=\"gudMcVTA9t\" width=\"600\" height=\"338\" frameborder=\"0\" marginwidth=\"0\" marginheight=\"0\" scrolling=\"no\"><\/iframe>\n<\/div><\/figure>\n\n\n\n<hr class=\"wp-block-separator has-alpha-channel-opacity\"\/>\n","protected":false},"excerpt":{"rendered":"","protected":false},"author":2,"featured_media":45233,"comment_status":"open","ping_status":"open","sticky":false,"template":"","format":"standard","meta":{"_acf_changed":false,"jetpack_post_was_ever_published":false,"_jetpack_newsletter_access":"","_jetpack_dont_email_post_to_subs":false,"_jetpack_newsletter_tier_id":0,"_jetpack_memberships_contains_paywalled_content":false,"_jetpack_memberships_contains_paid_content":false,"footnotes":"","jetpack_publicize_message":"","jetpack_publicize_feature_enabled":true,"jetpack_social_post_already_shared":true,"jetpack_social_options":{"image_generator_settings":{"template":"highway","default_image_id":0,"font":"","enabled":false},"version":2}},"categories":[10,3],"tags":[],"class_list":["post-45232","post","type-post","status-publish","format-standard","has-post-thumbnail","hentry","category-izlozbe","category-novosti"],"acf":{"facebook_opis":""},"jetpack_publicize_connections":[],"jetpack_featured_media_url":"https:\/\/i0.wp.com\/historiografija.hr\/wp-content\/uploads\/2025\/03\/Izlozba-Partizanke.jpg?fit=1067%2C800&ssl=1","jetpack_sharing_enabled":true,"jetpack-related-posts":[],"_links":{"self":[{"href":"https:\/\/historiografija.hr\/index.php?rest_route=\/wp\/v2\/posts\/45232","targetHints":{"allow":["GET"]}}],"collection":[{"href":"https:\/\/historiografija.hr\/index.php?rest_route=\/wp\/v2\/posts"}],"about":[{"href":"https:\/\/historiografija.hr\/index.php?rest_route=\/wp\/v2\/types\/post"}],"author":[{"embeddable":true,"href":"https:\/\/historiografija.hr\/index.php?rest_route=\/wp\/v2\/users\/2"}],"replies":[{"embeddable":true,"href":"https:\/\/historiografija.hr\/index.php?rest_route=%2Fwp%2Fv2%2Fcomments&post=45232"}],"version-history":[{"count":1,"href":"https:\/\/historiografija.hr\/index.php?rest_route=\/wp\/v2\/posts\/45232\/revisions"}],"predecessor-version":[{"id":45234,"href":"https:\/\/historiografija.hr\/index.php?rest_route=\/wp\/v2\/posts\/45232\/revisions\/45234"}],"wp:featuredmedia":[{"embeddable":true,"href":"https:\/\/historiografija.hr\/index.php?rest_route=\/wp\/v2\/media\/45233"}],"wp:attachment":[{"href":"https:\/\/historiografija.hr\/index.php?rest_route=%2Fwp%2Fv2%2Fmedia&parent=45232"}],"wp:term":[{"taxonomy":"category","embeddable":true,"href":"https:\/\/historiografija.hr\/index.php?rest_route=%2Fwp%2Fv2%2Fcategories&post=45232"},{"taxonomy":"post_tag","embeddable":true,"href":"https:\/\/historiografija.hr\/index.php?rest_route=%2Fwp%2Fv2%2Ftags&post=45232"}],"curies":[{"name":"wp","href":"https:\/\/api.w.org\/{rel}","templated":true}]}}