{"id":45228,"date":"2025-03-11T21:00:00","date_gmt":"2025-03-11T21:00:00","guid":{"rendered":"https:\/\/historiografija.hr\/?p=45228"},"modified":"2025-03-11T22:00:26","modified_gmt":"2025-03-11T22:00:26","slug":"tribina-hrvatska-dijaspora-i-njezina-ostavstina","status":"publish","type":"post","link":"https:\/\/historiografija.hr\/?p=45228","title":{"rendered":"Tribina \u201eHrvatska dijaspora i njezina ostav\u0161tina\u201c"},"content":{"rendered":"\n<p>Srijeda, 12. o\u017eujka 2025. u 18:00 sati, Mala dvorana Matice hrvatske, Ulica Matice hrvatske 2, Strossmayerov trg 4, Zagreb<\/p>\n\n\n\n<p>Govore:<\/p>\n\n\n\n<p>nasl. doc. dr. sc. Darija Hofgr\u00e4ff Mari\u0107, arhivska savjetnica u Hrvatskom dr\u017eavnom arhivu<br><em>Arhivsko gradivo o prvom muzeju hrvatskog iseljeni\u0161tva u Zagrebu i Splitu<\/em><\/p>\n\n\n\n<p>doc. dr. sc. Vlatka Lemi\u0107, voditeljica Sredi\u0161njeg ureda za arhivsku gra\u0111u Sveu\u010dili\u0161ta u Zagrebu<br><em>EU projekt \u201eAToM \u2013 Arhivi i tragovi migracija\u201c<\/em><\/p>\n\n\n\n<p>Moderira: dr. sc. Tuga Tarle<\/p>\n\n\n\n<hr class=\"wp-block-separator has-alpha-channel-opacity\"\/>\n\n\n\n<p>Izvor:<\/p>\n\n\n\n<p><a href=\"https:\/\/www.matica.hr\/zbivanja\/tribina-hrvatska-dijaspora-i-njezina-ostavstina-4649\">https:\/\/www.matica.hr\/zbivanja\/tribina-hrvatska-dijaspora-i-njezina-ostavstina-4649<\/a><\/p>\n\n\n\n<hr class=\"wp-block-separator has-alpha-channel-opacity\"\/>\n","protected":false},"excerpt":{"rendered":"","protected":false},"author":2,"featured_media":3858,"comment_status":"open","ping_status":"open","sticky":false,"template":"","format":"standard","meta":{"_acf_changed":false,"jetpack_post_was_ever_published":false,"_jetpack_newsletter_access":"","_jetpack_dont_email_post_to_subs":false,"_jetpack_newsletter_tier_id":0,"_jetpack_memberships_contains_paywalled_content":false,"_jetpack_memberships_contains_paid_content":false,"footnotes":"","jetpack_publicize_message":"","jetpack_publicize_feature_enabled":true,"jetpack_social_post_already_shared":true,"jetpack_social_options":{"image_generator_settings":{"template":"highway","default_image_id":0,"font":"","enabled":false},"version":2}},"categories":[3],"tags":[],"class_list":["post-45228","post","type-post","status-publish","format-standard","has-post-thumbnail","hentry","category-novosti"],"acf":{"facebook_opis":""},"jetpack_publicize_connections":[],"jetpack_featured_media_url":"https:\/\/i0.wp.com\/historiografija.hr\/wp-content\/uploads\/2017\/04\/MaticaHrvatska_logo.jpg?fit=600%2C400&ssl=1","jetpack_sharing_enabled":true,"jetpack-related-posts":[],"_links":{"self":[{"href":"https:\/\/historiografija.hr\/index.php?rest_route=\/wp\/v2\/posts\/45228","targetHints":{"allow":["GET"]}}],"collection":[{"href":"https:\/\/historiografija.hr\/index.php?rest_route=\/wp\/v2\/posts"}],"about":[{"href":"https:\/\/historiografija.hr\/index.php?rest_route=\/wp\/v2\/types\/post"}],"author":[{"embeddable":true,"href":"https:\/\/historiografija.hr\/index.php?rest_route=\/wp\/v2\/users\/2"}],"replies":[{"embeddable":true,"href":"https:\/\/historiografija.hr\/index.php?rest_route=%2Fwp%2Fv2%2Fcomments&post=45228"}],"version-history":[{"count":1,"href":"https:\/\/historiografija.hr\/index.php?rest_route=\/wp\/v2\/posts\/45228\/revisions"}],"predecessor-version":[{"id":45229,"href":"https:\/\/historiografija.hr\/index.php?rest_route=\/wp\/v2\/posts\/45228\/revisions\/45229"}],"wp:featuredmedia":[{"embeddable":true,"href":"https:\/\/historiografija.hr\/index.php?rest_route=\/wp\/v2\/media\/3858"}],"wp:attachment":[{"href":"https:\/\/historiografija.hr\/index.php?rest_route=%2Fwp%2Fv2%2Fmedia&parent=45228"}],"wp:term":[{"taxonomy":"category","embeddable":true,"href":"https:\/\/historiografija.hr\/index.php?rest_route=%2Fwp%2Fv2%2Fcategories&post=45228"},{"taxonomy":"post_tag","embeddable":true,"href":"https:\/\/historiografija.hr\/index.php?rest_route=%2Fwp%2Fv2%2Ftags&post=45228"}],"curies":[{"name":"wp","href":"https:\/\/api.w.org\/{rel}","templated":true}]}}