{"id":45219,"date":"2025-03-10T22:50:52","date_gmt":"2025-03-10T22:50:52","guid":{"rendered":"https:\/\/historiografija.hr\/?p=45219"},"modified":"2025-03-10T22:50:52","modified_gmt":"2025-03-10T22:50:52","slug":"izlozba-u-potrazi-za-identitetom-dizajn-znaka-vizualnog-identiteta-odsjeka-za-povijest-i-odsjeka-za-povijest-umjetnosti-filozofskog-fakulteta-sveucilista-u-zagrebu","status":"publish","type":"post","link":"https:\/\/historiografija.hr\/?p=45219","title":{"rendered":"Izlo\u017eba \u201eU potrazi za identitetom \u2013 dizajn znaka \/ vizualnog identiteta Odsjeka za povijest i Odsjeka za povijest umjetnosti Filozofskog fakulteta Sveu\u010dili\u0161ta u Zagrebu\u201c"},"content":{"rendered":"\n<p>Pozivamo vas na otvorenje izlo\u017ebe <strong>U potrazi za identitetom \u2013 dizajn znaka \/ vizualnog identiteta Odsjeka za povijest i Odsjeka za povijest umjetnosti Filozofskog fakulteta Sveu\u010dili\u0161ta u Zagrebu<\/strong> koje \u0107e se odr\u017eati u utorak <strong>11. o\u017eujka 2025. u 11.30 sati u auli Knji\u017enice Filozofskog fakulteta Sveu\u010dili\u0161ta u Zagrebu<\/strong>.<\/p>\n\n\n\n<p>Izlo\u017eba je rezultat suradnje triju odsjeka s dvije sastavnice Sveu\u010dili\u0161ta u Zagrebu \u2013 Odsjeka za povijest i Odsjeka za povijest umjetnosti s Filozofskog fakulteta te Studija dizajna s Arhitektonskog fakulteta \u2013 i predstavlja 19 znakova koje su studenti dizajna oblikovali za Odsjek za povijest i Odsjek za povijest umjetnosti. Suradnja je inicijalno potaknuta \u017eeljom odsjeka da <em>prona\u0111u <\/em>vlastiti vizualni identitet kroz odabir znaka\/logotipa koji \u0107e u budu\u0107nosti prenositi klju\u010dne zna\u010dajke, vrijednosti, dinamiku razvoja i aktualnog polo\u017eaja odsjeka te pridonijeti njihovoj prepoznatljivosti i vidljivosti u okviru fakulteta, Sveu\u010dili\u0161ta, ali i \u0161ire javnosti.<\/p>\n\n\n\n<p>Autori 10 prijedloga za Odsjek za povijest i 9 za Odsjek za povijest umjetnosti studenti su prve godine diplomskog studija Odjela vizualnih komunikacija na Studiju dizajna: Ante Beovi\u0107, Victoria Bucul, Petra Divkovi\u0107, Enea Kne\u017eevi\u0107, Tea Lucek, Alen Markovi\u0107, Mia Maurovi\u0107, Emilija Novosel, Petra Pavli\u0107, Enea Pi\u0161kor, Luka Rudan, Ana Sajko, Niko Senti\u0107, Luka Nera Sibila, Ana Sunara, Ana \u0160eri\u0107, Tereza \u0160estanovi\u0107 i Filip Vlahov. Njihova rje\u0161enja temelje se na \u0161irokom dijapazonu asocijacija i\/ili poticaja koji su studentima bili okosnicom za promi\u0161ljanje i izradu pojedina\u010dnih znaka\/logotipa, a na izlo\u017ebi su prezentirane i razli\u010dite primjene novoga vizualnog identiteta \u2013 od oblikovanja memoranduma, publikacija i plakata do aplikacije znakova na uporabne predmete ili njihova kori\u0161tenja u digitalnom okru\u017eenju.<\/p>\n\n\n\n<p>Suradnici na projektu su \u010dlanovi Odsjeka za povijest (prof. dr. sc. Ivica \u0160ute, doc. dr. sc. Filip \u0160imetin \u0160egvi\u0107 i doc. dr. sc. Inga Vilogorac Br\u010di\u0107) i Odsjeka za povijest umjetnosti (izv. prof. dr. sc. Lovorka Maga\u0161 Biland\u017ei\u0107, prof. dr. sc. Dragan Damjanovi\u0107 i asist. dr. sc. Patricia Po\u010dani\u0107) te Studija dizajna (doc. art. Marija Juza, asist. Ana-Marija Poljanec, asist. Franka Tretinjak i izv. prof. art. Tomislav Vlaini\u0107, koji su ujedno bili i mentori studenata).<\/p>\n\n\n\n<p><strong>Izlo\u017eba se mo\u017ee razgledati u auli Knji\u017enice Filozofskog fakulteta do utorka 18. o\u017eujka 2025.<\/strong><\/p>\n\n\n\n<hr class=\"wp-block-separator has-alpha-channel-opacity\"\/>\n\n\n\n<p>Izvor:<\/p>\n\n\n\n<figure class=\"wp-block-embed is-type-wp-embed is-provider-filozofski-fakultet-sveu-ili-ta-u-zagrebu wp-block-embed-filozofski-fakultet-sveu-ili-ta-u-zagrebu\"><div class=\"wp-block-embed__wrapper\">\n<blockquote class=\"wp-embedded-content\" data-secret=\"qvOUQ28I3x\"><a href=\"https:\/\/web2020.ffzg.unizg.hr\/blog\/2025\/03\/10\/izlozba-u-potrazi-za-identitetom-dizajn-znaka-vizualnog-identiteta-odsjeka-za-povijest-i-odsjeka-za-povijest-umjetnosti-filozofskog-fakulteta-sveucilista-u-zagrebu\/\">Izlo\u017eba U potrazi za identitetom \u2013 dizajn znaka \/ vizualnog identiteta Odsjeka za povijest i Odsjeka za povijest umjetnosti Filozofskog fakulteta Sveu\u010dili\u0161ta u Zagrebu<\/a><\/blockquote><iframe loading=\"lazy\" class=\"wp-embedded-content\" sandbox=\"allow-scripts\" security=\"restricted\" style=\"position: absolute; visibility: hidden;\" title=\"&#8220;Izlo\u017eba U potrazi za identitetom \u2013 dizajn znaka \/ vizualnog identiteta Odsjeka za povijest i Odsjeka za povijest umjetnosti Filozofskog fakulteta Sveu\u010dili\u0161ta u Zagrebu&#8221; &#8212; Filozofski fakultet Sveu\u010dili\u0161ta u Zagrebu\" src=\"https:\/\/web2020.ffzg.unizg.hr\/blog\/2025\/03\/10\/izlozba-u-potrazi-za-identitetom-dizajn-znaka-vizualnog-identiteta-odsjeka-za-povijest-i-odsjeka-za-povijest-umjetnosti-filozofskog-fakulteta-sveucilista-u-zagrebu\/embed\/#?secret=qvOUQ28I3x\" data-secret=\"qvOUQ28I3x\" width=\"600\" height=\"338\" frameborder=\"0\" marginwidth=\"0\" marginheight=\"0\" scrolling=\"no\"><\/iframe>\n<\/div><\/figure>\n\n\n\n<hr class=\"wp-block-separator has-alpha-channel-opacity\"\/>\n","protected":false},"excerpt":{"rendered":"","protected":false},"author":2,"featured_media":45220,"comment_status":"open","ping_status":"open","sticky":false,"template":"","format":"standard","meta":{"_acf_changed":false,"jetpack_post_was_ever_published":false,"_jetpack_newsletter_access":"","_jetpack_dont_email_post_to_subs":false,"_jetpack_newsletter_tier_id":0,"_jetpack_memberships_contains_paywalled_content":false,"_jetpack_memberships_contains_paid_content":false,"footnotes":"","jetpack_publicize_message":"","jetpack_publicize_feature_enabled":true,"jetpack_social_post_already_shared":true,"jetpack_social_options":{"image_generator_settings":{"template":"highway","default_image_id":0,"font":"","enabled":false},"version":2}},"categories":[10,3],"tags":[],"class_list":["post-45219","post","type-post","status-publish","format-standard","has-post-thumbnail","hentry","category-izlozbe","category-novosti"],"acf":{"facebook_opis":""},"jetpack_publicize_connections":[],"jetpack_featured_media_url":"https:\/\/i0.wp.com\/historiografija.hr\/wp-content\/uploads\/2025\/03\/Pozivnica_dizajn.jpg?fit=1024%2C1024&ssl=1","jetpack_sharing_enabled":true,"jetpack-related-posts":[],"_links":{"self":[{"href":"https:\/\/historiografija.hr\/index.php?rest_route=\/wp\/v2\/posts\/45219","targetHints":{"allow":["GET"]}}],"collection":[{"href":"https:\/\/historiografija.hr\/index.php?rest_route=\/wp\/v2\/posts"}],"about":[{"href":"https:\/\/historiografija.hr\/index.php?rest_route=\/wp\/v2\/types\/post"}],"author":[{"embeddable":true,"href":"https:\/\/historiografija.hr\/index.php?rest_route=\/wp\/v2\/users\/2"}],"replies":[{"embeddable":true,"href":"https:\/\/historiografija.hr\/index.php?rest_route=%2Fwp%2Fv2%2Fcomments&post=45219"}],"version-history":[{"count":1,"href":"https:\/\/historiografija.hr\/index.php?rest_route=\/wp\/v2\/posts\/45219\/revisions"}],"predecessor-version":[{"id":45221,"href":"https:\/\/historiografija.hr\/index.php?rest_route=\/wp\/v2\/posts\/45219\/revisions\/45221"}],"wp:featuredmedia":[{"embeddable":true,"href":"https:\/\/historiografija.hr\/index.php?rest_route=\/wp\/v2\/media\/45220"}],"wp:attachment":[{"href":"https:\/\/historiografija.hr\/index.php?rest_route=%2Fwp%2Fv2%2Fmedia&parent=45219"}],"wp:term":[{"taxonomy":"category","embeddable":true,"href":"https:\/\/historiografija.hr\/index.php?rest_route=%2Fwp%2Fv2%2Fcategories&post=45219"},{"taxonomy":"post_tag","embeddable":true,"href":"https:\/\/historiografija.hr\/index.php?rest_route=%2Fwp%2Fv2%2Ftags&post=45219"}],"curies":[{"name":"wp","href":"https:\/\/api.w.org\/{rel}","templated":true}]}}