{"id":45193,"date":"2025-03-08T10:20:09","date_gmt":"2025-03-08T10:20:09","guid":{"rendered":"https:\/\/historiografija.hr\/?p=45193"},"modified":"2025-03-08T10:20:09","modified_gmt":"2025-03-08T10:20:09","slug":"paneli-zene-u-historiji-bih-kako-ih-nastaviti-istrazivati-biljeziti-i-pamtiti-iskustva-i-prakse-i-vizualno-predstavljanje-zena-kroz-digitalne-platforme-i-izlozb","status":"publish","type":"post","link":"https:\/\/historiografija.hr\/?p=45193","title":{"rendered":"Paneli \u201e\u017dene u historiji BiH: kako ih nastaviti istra\u017eivati, bilje\u017eiti i pamtiti? \u2013 iskustva i prakse\u201c i \u201eVizualno predstavljanje \u017eena kroz digitalne platforme i izlo\u017ebe\u201c"},"content":{"rendered":"\n<p>U Historijskom muzeju BiH je odr\u017ean razgovor koji je okupio autorice, istra\u017eiva\u010dice i aktivistkinje posve\u0107ene dokumentovanju \u017eenskih pri\u010da kroz historiju BiH. U prvom panelu ugostili smo Jasminu \u010cau\u0161evi\u0107, Mashu Durkali\u0107 i dr. Sabinu Velad\u017ei\u0107, koje su podijelile svoja istra\u017eivanja i radove o \u017eenama u javnom \u017eivotu. Kroz drugi panel su predstavljeni digitalni projekti: Online Muzej \u017eena Mostara, prvi digitalni muzej posve\u0107en \u017eenama Mostara (Ifeta \u0106esir-\u0160koro i Alma Pelo Zgor\u010di\u0107, Inicijativa gra\u0111anki\/na Mostara), AF\u017d arhiv &#8211; digitalna platforma koja \u010duva naslije\u0111e Antifa\u0161isti\u010dkog fronta \u017eena (Andreja Dugand\u017ei\u0107, Udru\u017eenje Crvena), projekti fondacije Lara iz Bijeljine (Ljilja Luki\u0107) i Feministi\u010dka online tura Banjaluke, digitalna \u0161etnja kroz \u017eensku historiju grada (Dragana Dardi\u0107, Helsin\u0161ki parlament gra\u0111ana Banja Luka).<\/p>\n\n\n\n<hr class=\"wp-block-separator has-alpha-channel-opacity\"\/>\n\n\n\n<p>Izvor i dodatne obavijesti:<\/p>\n\n\n\n<p><a href=\"https:\/\/www.facebook.com\/histmuzbih\">https:\/\/www.facebook.com\/histmuzbih<\/a><\/p>\n\n\n\n<hr class=\"wp-block-separator has-alpha-channel-opacity\"\/>\n","protected":false},"excerpt":{"rendered":"","protected":false},"author":2,"featured_media":45194,"comment_status":"open","ping_status":"open","sticky":false,"template":"","format":"standard","meta":{"_acf_changed":false,"jetpack_post_was_ever_published":false,"_jetpack_newsletter_access":"","_jetpack_dont_email_post_to_subs":false,"_jetpack_newsletter_tier_id":0,"_jetpack_memberships_contains_paywalled_content":false,"_jetpack_memberships_contains_paid_content":false,"footnotes":"","jetpack_publicize_message":"","jetpack_publicize_feature_enabled":true,"jetpack_social_post_already_shared":true,"jetpack_social_options":{"image_generator_settings":{"template":"highway","default_image_id":0,"font":"","enabled":false},"version":2}},"categories":[3],"tags":[],"class_list":["post-45193","post","type-post","status-publish","format-standard","has-post-thumbnail","hentry","category-novosti"],"acf":{"facebook_opis":""},"jetpack_publicize_connections":[],"jetpack_featured_media_url":"https:\/\/i0.wp.com\/historiografija.hr\/wp-content\/uploads\/2025\/03\/Muzej-BiH.jpg?fit=2048%2C1356&ssl=1","jetpack_sharing_enabled":true,"jetpack-related-posts":[],"_links":{"self":[{"href":"https:\/\/historiografija.hr\/index.php?rest_route=\/wp\/v2\/posts\/45193","targetHints":{"allow":["GET"]}}],"collection":[{"href":"https:\/\/historiografija.hr\/index.php?rest_route=\/wp\/v2\/posts"}],"about":[{"href":"https:\/\/historiografija.hr\/index.php?rest_route=\/wp\/v2\/types\/post"}],"author":[{"embeddable":true,"href":"https:\/\/historiografija.hr\/index.php?rest_route=\/wp\/v2\/users\/2"}],"replies":[{"embeddable":true,"href":"https:\/\/historiografija.hr\/index.php?rest_route=%2Fwp%2Fv2%2Fcomments&post=45193"}],"version-history":[{"count":1,"href":"https:\/\/historiografija.hr\/index.php?rest_route=\/wp\/v2\/posts\/45193\/revisions"}],"predecessor-version":[{"id":45195,"href":"https:\/\/historiografija.hr\/index.php?rest_route=\/wp\/v2\/posts\/45193\/revisions\/45195"}],"wp:featuredmedia":[{"embeddable":true,"href":"https:\/\/historiografija.hr\/index.php?rest_route=\/wp\/v2\/media\/45194"}],"wp:attachment":[{"href":"https:\/\/historiografija.hr\/index.php?rest_route=%2Fwp%2Fv2%2Fmedia&parent=45193"}],"wp:term":[{"taxonomy":"category","embeddable":true,"href":"https:\/\/historiografija.hr\/index.php?rest_route=%2Fwp%2Fv2%2Fcategories&post=45193"},{"taxonomy":"post_tag","embeddable":true,"href":"https:\/\/historiografija.hr\/index.php?rest_route=%2Fwp%2Fv2%2Ftags&post=45193"}],"curies":[{"name":"wp","href":"https:\/\/api.w.org\/{rel}","templated":true}]}}