{"id":45187,"date":"2025-03-08T10:01:43","date_gmt":"2025-03-08T10:01:43","guid":{"rendered":"https:\/\/historiografija.hr\/?p=45187"},"modified":"2025-03-08T10:01:43","modified_gmt":"2025-03-08T10:01:43","slug":"predavanje-planiranje-i-gradnja-zagrebackih-naselja-gajnice-volovcica-i-voltino-1949-1956-%cb%ae","status":"publish","type":"post","link":"https:\/\/historiografija.hr\/?p=45187","title":{"rendered":"Predavanje \u201ePlaniranje i gradnja zagreba\u010dkih naselja Gajnice, Volov\u010dica i Voltino (1949. &#8211; 1956.)\u02ee"},"content":{"rendered":"\n<p><strong>Mjesto:<\/strong> Muzej grada Zagreba<br><strong>Vrijeme:<\/strong> srijeda, 12. o\u017eujka 2025. u 14 sati<br><strong>Predava\u010d:<\/strong> Goran Ar\u010dabi\u0107<br><strong>Predvi\u0111eno trajanje:<\/strong> 45 minuta (+ vrijeme za pitanja i odgovore)<\/p>\n\n\n\n<p>Tijekom prve polovine 1949. Urbanisti\u010dki institut Narodne Republike Hrvatske izradio je planove za tri naselja u Zagrebu za poduze\u0107a u resoru saveznog Ministarstva te\u0161ke industrije. Rije\u010d je o naseljima za Jedinstvo (Gajnice), Prvomajsku i Tvornicu parnih kotlova (Volov\u010dica) te Rade Kon\u010dar (Voltino). Naselja su zami\u0161ljena kao funkcionalne samodostatne stambene zajednice sa sadr\u017eajima za opskrbu, pedago\u0161ku skrb, obrazovanje i rekreaciju stanovnika. Trebala su biti dovr\u0161ena do kraja 1951. No zbog posljedica ekonomske blokade nakon Rezolucije Informbiroa 1948. donesene su politi\u010dke odluke o smanjivanju dr\u017eavnih investicija u dru\u0161tveni standard. Do sredine 1950-ih izgra\u0111en je dio zgrada u jezgrama triju naselja, a znatan dio stambenih i javnih zgrada nije realiziran. Dinamika gradnje bila je sporija od planirane. Pojedine zgrade gra\u0111ene su godinama, uz vi\u0161estruke zastoje koji su ponekad trajali mjesecima.<\/p>\n\n\n\n<p>Na predavanju doznajte vi\u0161e o planiranju i gradnji triju naselja te posljedicama trenda usporenog rasta stambenog fonda u Zagrebu u prvom desetlje\u0107u po zavr\u0161etku Drugog svjetskog rata.<\/p>\n\n\n\n<p>Predavanje organiziramo kao dio programa uz studijsku izlo\u017ebu <a href=\"https:\/\/www.mgz.hr\/hr\/izlozbe\/izlozba\/ideologija-i-planska-industrijalizacija-1947---1952,3699.html\"><em>Ideologija i planska industrijalizacija (1947. &#8211; 1952.)<\/em><\/a>, koju mo\u017eete posjetiti do 27. travnja 2025. godine.<\/p>\n\n\n\n<p><br>Fotografija izlo\u017ebe: Sre\u0107ko Budek<\/p>\n\n\n\n<hr class=\"wp-block-separator has-alpha-channel-opacity\"\/>\n\n\n\n<p>Izvor:<\/p>\n\n\n\n<p><a href=\"https:\/\/www.mgz.hr\/hr\/dogadanja\/predavanje-%e2%80%9eplaniranje-i-gradnja-zagreba%c4%8dkih-naselja-gajnice-volov%c4%8dica,3712.html\">https:\/\/www.mgz.hr\/hr\/dogadanja\/predavanje-%e2%80%9eplaniranje-i-gradnja-zagreba%c4%8dkih-naselja-gajnice-volov%c4%8dica,3712.html<\/a><\/p>\n\n\n\n<hr class=\"wp-block-separator has-alpha-channel-opacity\"\/>\n","protected":false},"excerpt":{"rendered":"","protected":false},"author":2,"featured_media":45188,"comment_status":"open","ping_status":"open","sticky":false,"template":"","format":"standard","meta":{"_acf_changed":false,"jetpack_post_was_ever_published":false,"_jetpack_newsletter_access":"","_jetpack_dont_email_post_to_subs":false,"_jetpack_newsletter_tier_id":0,"_jetpack_memberships_contains_paywalled_content":false,"_jetpack_memberships_contains_paid_content":false,"footnotes":"","jetpack_publicize_message":"","jetpack_publicize_feature_enabled":true,"jetpack_social_post_already_shared":true,"jetpack_social_options":{"image_generator_settings":{"template":"highway","default_image_id":0,"font":"","enabled":false},"version":2}},"categories":[3],"tags":[],"class_list":["post-45187","post","type-post","status-publish","format-standard","has-post-thumbnail","hentry","category-novosti"],"acf":{"facebook_opis":""},"jetpack_publicize_connections":[],"jetpack_featured_media_url":"https:\/\/i0.wp.com\/historiografija.hr\/wp-content\/uploads\/2025\/03\/Izlozba_industrijalizacija.jpg?fit=1414%2C920&ssl=1","jetpack_sharing_enabled":true,"jetpack-related-posts":[],"_links":{"self":[{"href":"https:\/\/historiografija.hr\/index.php?rest_route=\/wp\/v2\/posts\/45187","targetHints":{"allow":["GET"]}}],"collection":[{"href":"https:\/\/historiografija.hr\/index.php?rest_route=\/wp\/v2\/posts"}],"about":[{"href":"https:\/\/historiografija.hr\/index.php?rest_route=\/wp\/v2\/types\/post"}],"author":[{"embeddable":true,"href":"https:\/\/historiografija.hr\/index.php?rest_route=\/wp\/v2\/users\/2"}],"replies":[{"embeddable":true,"href":"https:\/\/historiografija.hr\/index.php?rest_route=%2Fwp%2Fv2%2Fcomments&post=45187"}],"version-history":[{"count":1,"href":"https:\/\/historiografija.hr\/index.php?rest_route=\/wp\/v2\/posts\/45187\/revisions"}],"predecessor-version":[{"id":45189,"href":"https:\/\/historiografija.hr\/index.php?rest_route=\/wp\/v2\/posts\/45187\/revisions\/45189"}],"wp:featuredmedia":[{"embeddable":true,"href":"https:\/\/historiografija.hr\/index.php?rest_route=\/wp\/v2\/media\/45188"}],"wp:attachment":[{"href":"https:\/\/historiografija.hr\/index.php?rest_route=%2Fwp%2Fv2%2Fmedia&parent=45187"}],"wp:term":[{"taxonomy":"category","embeddable":true,"href":"https:\/\/historiografija.hr\/index.php?rest_route=%2Fwp%2Fv2%2Fcategories&post=45187"},{"taxonomy":"post_tag","embeddable":true,"href":"https:\/\/historiografija.hr\/index.php?rest_route=%2Fwp%2Fv2%2Ftags&post=45187"}],"curies":[{"name":"wp","href":"https:\/\/api.w.org\/{rel}","templated":true}]}}