{"id":45176,"date":"2025-03-08T09:46:45","date_gmt":"2025-03-08T09:46:45","guid":{"rendered":"https:\/\/historiografija.hr\/?p=45176"},"modified":"2025-03-08T09:56:22","modified_gmt":"2025-03-08T09:56:22","slug":"predavanja-krzysztofa-popeka-u-centru-za-historijska-istrazivanja-u-sarajevu","status":"publish","type":"post","link":"https:\/\/historiografija.hr\/?p=45176","title":{"rendered":"Predavanja Krzysztofa Popeka u Centru za historijska istra\u017eivanja u Sarajevu"},"content":{"rendered":"\n<p>Dr. Krzysztof Popek sa Instituta za historiju Jagelonskog univerziteta (Krakov, Poljska) odr\u017eat \u0107e dva predavanja u Centru za historijska istra\u017eivanja. Prvo predavanje na temu &#8220;Emigration of Muslims from Bulgaria, Serbia, Greece, and Bosnia-Hercegovina in 1878\u20131912. A Comparative Contribution&#8221; bit \u0107e odr\u017eano 11. marta 2025. sa po\u010detkom u 15 sati u Sali 176 (tre\u0107i sprat Univerzitet u Sarajevu \u2013 Filozofski fakultet). Drugo predavanje &#8220;Muslim loyalism in the Balkans toward Christian states: the case of Bosnia-Herzegovina and Bulgaria 1878\u20131914&#8221; dr. Popek odr\u017eat \u0107e u srijedu 12. marta tako\u0111er sa po\u010detkom u 15 sati u sve\u010danoj Sali dekanata Filozofskog fakulteta.<\/p>\n\n\n\n<p>Dr. Popek gostuje na Odsjeku za historiju Univerziteta u Sarajevu \u2013 Filozofski fakultet &nbsp;u okviru programa ERASMUS+. Predavanje \u0107e moderirati prof.dr. Amila Kasumovi\u0107a Odsjeka za historiju (Univerzitet u Sarajevu &#8211; Filozofski fakultet).<\/p>\n\n\n\n<hr class=\"wp-block-separator has-alpha-channel-opacity\"\/>\n\n\n\n<p>Kratka biografija predava\u010da:&nbsp;<\/p>\n\n\n\n<p>Krzysztof Popek je poljski doktor historijskih nauka zaposlen na&nbsp; Institutu za historiju Jagelonskog univerziteta. U sredi\u0161tu njegovog nau\u010dnog interesa jeste historija Balkanskog poluostrva 19.\u201320. vijeka sa posebnim naglaskom na historiju Ju\u017enih Slovena, etni\u010dke odnose, migracije, satiru i karikaturu i&nbsp; kontakte sa Poljacima.&nbsp; Autor je dvije monografije pod naslovom \u201eTurecka opo\u0144cza, belgijska peleryna\u201d. Obraz pa\u0144stwa bu\u0142garskiego w tw\u00f3rczo\u015bci satyrycznej prze\u0142omu XIX i XX wieku\u201c i \u201eMuzu\u0142manie w Bu\u0142garii 1878\u20131912\u201c. Sa kolegom Bart\u0142omiejem Rusinom objavio je 2022. godine knjigu&nbsp; \u201eUchod\u017acy, czyli go\u015bcie Boga: studia z dziej\u00f3w migracji ba\u0142ka\u0144skich w XIX wieku \u2013 przypadek Bu\u0142garii i Serbii\u201c. Do sada je uredio \u010detiri zbornika radova i objavio vi\u0161e od pedeset nau\u010dnih radova. \u010clan je Balkan History Association sa sjedi\u0161tem u Bukure\u0161tu, Rumunija.<\/p>\n\n\n\n<hr class=\"wp-block-separator has-alpha-channel-opacity\"\/>\n\n\n\n<figure class=\"wp-block-image size-large is-resized\"><img data-recalc-dims=\"1\" loading=\"lazy\" decoding=\"async\" width=\"724\" height=\"1024\" data-attachment-id=\"45177\" data-permalink=\"https:\/\/historiografija.hr\/?attachment_id=45177\" data-orig-file=\"https:\/\/i0.wp.com\/historiografija.hr\/wp-content\/uploads\/2025\/03\/WEB_Predavanje-1-scaled.jpg?fit=1810%2C2560&amp;ssl=1\" data-orig-size=\"1810,2560\" data-comments-opened=\"1\" data-image-meta=\"{&quot;aperture&quot;:&quot;0&quot;,&quot;credit&quot;:&quot;&quot;,&quot;camera&quot;:&quot;&quot;,&quot;caption&quot;:&quot;&quot;,&quot;created_timestamp&quot;:&quot;0&quot;,&quot;copyright&quot;:&quot;&quot;,&quot;focal_length&quot;:&quot;0&quot;,&quot;iso&quot;:&quot;0&quot;,&quot;shutter_speed&quot;:&quot;0&quot;,&quot;title&quot;:&quot;&quot;,&quot;orientation&quot;:&quot;1&quot;}\" data-image-title=\"WEB_Predavanje 1\" data-image-description=\"\" data-image-caption=\"\" data-large-file=\"https:\/\/i0.wp.com\/historiografija.hr\/wp-content\/uploads\/2025\/03\/WEB_Predavanje-1-scaled.jpg?fit=724%2C1024&amp;ssl=1\" src=\"https:\/\/i0.wp.com\/historiografija.hr\/wp-content\/uploads\/2025\/03\/WEB_Predavanje-1.jpg?resize=724%2C1024&#038;ssl=1\" alt=\"\" class=\"wp-image-45177\" style=\"width:377px;height:auto\" srcset=\"https:\/\/i0.wp.com\/historiografija.hr\/wp-content\/uploads\/2025\/03\/WEB_Predavanje-1-scaled.jpg?resize=724%2C1024&amp;ssl=1 724w, https:\/\/i0.wp.com\/historiografija.hr\/wp-content\/uploads\/2025\/03\/WEB_Predavanje-1-scaled.jpg?resize=212%2C300&amp;ssl=1 212w, https:\/\/i0.wp.com\/historiografija.hr\/wp-content\/uploads\/2025\/03\/WEB_Predavanje-1-scaled.jpg?resize=768%2C1086&amp;ssl=1 768w, https:\/\/i0.wp.com\/historiografija.hr\/wp-content\/uploads\/2025\/03\/WEB_Predavanje-1-scaled.jpg?resize=1086%2C1536&amp;ssl=1 1086w, https:\/\/i0.wp.com\/historiografija.hr\/wp-content\/uploads\/2025\/03\/WEB_Predavanje-1-scaled.jpg?resize=1448%2C2048&amp;ssl=1 1448w, https:\/\/i0.wp.com\/historiografija.hr\/wp-content\/uploads\/2025\/03\/WEB_Predavanje-1-scaled.jpg?w=1810&amp;ssl=1 1810w, https:\/\/i0.wp.com\/historiografija.hr\/wp-content\/uploads\/2025\/03\/WEB_Predavanje-1-scaled.jpg?w=1720&amp;ssl=1 1720w\" sizes=\"auto, (max-width: 724px) 100vw, 724px\" \/><\/figure>\n\n\n\n<hr class=\"wp-block-separator has-alpha-channel-opacity\"\/>\n\n\n\n<figure class=\"wp-block-image size-large is-resized\"><img data-recalc-dims=\"1\" loading=\"lazy\" decoding=\"async\" width=\"724\" height=\"1024\" data-attachment-id=\"45179\" data-permalink=\"https:\/\/historiografija.hr\/?attachment_id=45179\" data-orig-file=\"https:\/\/i0.wp.com\/historiografija.hr\/wp-content\/uploads\/2025\/03\/WEB_Predavanje-2-scaled.jpg?fit=1810%2C2560&amp;ssl=1\" data-orig-size=\"1810,2560\" data-comments-opened=\"1\" data-image-meta=\"{&quot;aperture&quot;:&quot;0&quot;,&quot;credit&quot;:&quot;&quot;,&quot;camera&quot;:&quot;&quot;,&quot;caption&quot;:&quot;&quot;,&quot;created_timestamp&quot;:&quot;0&quot;,&quot;copyright&quot;:&quot;&quot;,&quot;focal_length&quot;:&quot;0&quot;,&quot;iso&quot;:&quot;0&quot;,&quot;shutter_speed&quot;:&quot;0&quot;,&quot;title&quot;:&quot;&quot;,&quot;orientation&quot;:&quot;1&quot;}\" data-image-title=\"WEB_Predavanje 2\" data-image-description=\"\" data-image-caption=\"\" data-large-file=\"https:\/\/i0.wp.com\/historiografija.hr\/wp-content\/uploads\/2025\/03\/WEB_Predavanje-2-scaled.jpg?fit=724%2C1024&amp;ssl=1\" src=\"https:\/\/i0.wp.com\/historiografija.hr\/wp-content\/uploads\/2025\/03\/WEB_Predavanje-2.jpg?resize=724%2C1024&#038;ssl=1\" alt=\"\" class=\"wp-image-45179\" style=\"width:379px;height:auto\" srcset=\"https:\/\/i0.wp.com\/historiografija.hr\/wp-content\/uploads\/2025\/03\/WEB_Predavanje-2-scaled.jpg?resize=724%2C1024&amp;ssl=1 724w, https:\/\/i0.wp.com\/historiografija.hr\/wp-content\/uploads\/2025\/03\/WEB_Predavanje-2-scaled.jpg?resize=212%2C300&amp;ssl=1 212w, https:\/\/i0.wp.com\/historiografija.hr\/wp-content\/uploads\/2025\/03\/WEB_Predavanje-2-scaled.jpg?resize=768%2C1086&amp;ssl=1 768w, https:\/\/i0.wp.com\/historiografija.hr\/wp-content\/uploads\/2025\/03\/WEB_Predavanje-2-scaled.jpg?resize=1086%2C1536&amp;ssl=1 1086w, https:\/\/i0.wp.com\/historiografija.hr\/wp-content\/uploads\/2025\/03\/WEB_Predavanje-2-scaled.jpg?resize=1448%2C2048&amp;ssl=1 1448w, https:\/\/i0.wp.com\/historiografija.hr\/wp-content\/uploads\/2025\/03\/WEB_Predavanje-2-scaled.jpg?w=1810&amp;ssl=1 1810w, https:\/\/i0.wp.com\/historiografija.hr\/wp-content\/uploads\/2025\/03\/WEB_Predavanje-2-scaled.jpg?w=1720&amp;ssl=1 1720w\" sizes=\"auto, (max-width: 724px) 100vw, 724px\" \/><\/figure>\n\n\n\n<hr class=\"wp-block-separator has-alpha-channel-opacity\"\/>\n","protected":false},"excerpt":{"rendered":"","protected":false},"author":2,"featured_media":45183,"comment_status":"open","ping_status":"open","sticky":false,"template":"","format":"standard","meta":{"_acf_changed":false,"jetpack_post_was_ever_published":false,"_jetpack_newsletter_access":"","_jetpack_dont_email_post_to_subs":false,"_jetpack_newsletter_tier_id":0,"_jetpack_memberships_contains_paywalled_content":false,"_jetpack_memberships_contains_paid_content":false,"footnotes":"","jetpack_publicize_message":"","jetpack_publicize_feature_enabled":true,"jetpack_social_post_already_shared":true,"jetpack_social_options":{"image_generator_settings":{"template":"highway","default_image_id":0,"font":"","enabled":false},"version":2}},"categories":[3],"tags":[],"class_list":["post-45176","post","type-post","status-publish","format-standard","has-post-thumbnail","hentry","category-novosti"],"acf":{"facebook_opis":""},"jetpack_publicize_connections":[],"jetpack_featured_media_url":"https:\/\/i0.wp.com\/historiografija.hr\/wp-content\/uploads\/2025\/03\/WEB_Predavanje_SA-scaled.jpg?fit=2560%2C2251&ssl=1","jetpack_sharing_enabled":true,"jetpack-related-posts":[],"_links":{"self":[{"href":"https:\/\/historiografija.hr\/index.php?rest_route=\/wp\/v2\/posts\/45176","targetHints":{"allow":["GET"]}}],"collection":[{"href":"https:\/\/historiografija.hr\/index.php?rest_route=\/wp\/v2\/posts"}],"about":[{"href":"https:\/\/historiografija.hr\/index.php?rest_route=\/wp\/v2\/types\/post"}],"author":[{"embeddable":true,"href":"https:\/\/historiografija.hr\/index.php?rest_route=\/wp\/v2\/users\/2"}],"replies":[{"embeddable":true,"href":"https:\/\/historiografija.hr\/index.php?rest_route=%2Fwp%2Fv2%2Fcomments&post=45176"}],"version-history":[{"count":7,"href":"https:\/\/historiografija.hr\/index.php?rest_route=\/wp\/v2\/posts\/45176\/revisions"}],"predecessor-version":[{"id":45186,"href":"https:\/\/historiografija.hr\/index.php?rest_route=\/wp\/v2\/posts\/45176\/revisions\/45186"}],"wp:featuredmedia":[{"embeddable":true,"href":"https:\/\/historiografija.hr\/index.php?rest_route=\/wp\/v2\/media\/45183"}],"wp:attachment":[{"href":"https:\/\/historiografija.hr\/index.php?rest_route=%2Fwp%2Fv2%2Fmedia&parent=45176"}],"wp:term":[{"taxonomy":"category","embeddable":true,"href":"https:\/\/historiografija.hr\/index.php?rest_route=%2Fwp%2Fv2%2Fcategories&post=45176"},{"taxonomy":"post_tag","embeddable":true,"href":"https:\/\/historiografija.hr\/index.php?rest_route=%2Fwp%2Fv2%2Ftags&post=45176"}],"curies":[{"name":"wp","href":"https:\/\/api.w.org\/{rel}","templated":true}]}}