{"id":45169,"date":"2025-03-08T09:33:02","date_gmt":"2025-03-08T09:33:02","guid":{"rendered":"https:\/\/historiografija.hr\/?p=45169"},"modified":"2025-03-08T09:33:02","modified_gmt":"2025-03-08T09:33:02","slug":"dan-povijesti-umjetnosti-2025","status":"publish","type":"post","link":"https:\/\/historiografija.hr\/?p=45169","title":{"rendered":"Dan povijesti umjetnosti 2025."},"content":{"rendered":"\n<p>Odsjek za povijest umjetnosti Filozofskoga fakulteta u Zagrebu i ove godine organizira <strong>Dan povijesti umjetnosti <\/strong>11. o\u017eujka 2025., na dan kada je 11. o\u017eujka 1878. odr\u017eano prvo predavanje iz povijesti umjetnosti na Sveu\u010dili\u0161tu u Zagrebu.<\/p>\n\n\n\n<p>Na taj \u0107e dan biti dodijeljena nagrada za najbolji diplomski rad, a <strong>profesor emeritus Nikola Jak\u0161i\u0107 <\/strong>sa Sveu\u010dili\u0161ta u Zadru odr\u017eat \u0107e predavanje u \u010dast umirovljenoga profesora emeritusa Miljenka Jurkovi\u0107a.<\/p>\n\n\n\n<p>Nadalje, studentima i nastavnicima Odsjeka <strong>alumna g\u0111a Ines Merkl <\/strong>iz Hrvatske narodne banke predstavit \u0107e Moneterru \u2013 Muzej novca Hrvatske narodne banke.<\/p>\n\n\n\n<p>Potom \u0107e uslijediti otvaranje <strong>izlo\u017ebe logotipova <\/strong>Odsjeka za povijest umjetnosti i Odsjeka za povijest koja je realizirana u suradnji sa Studijom dizajna Arhitektonskoga fakulteta Sveu\u010dili\u0161ta u Zagrebu.<\/p>\n\n\n\n<p>U popodnevnim satima bit \u0107e odr\u017eano <strong>predstavljanje Dru\u0161tva povjesni\u010dara umjetnosti Hrvatske<\/strong>, zatim <strong>studentskih projekata <\/strong>i naposljetku projekata koji se realiziraju na Odsjeku za povijest umjetnosti.<\/p>\n\n\n\n<p>Pozivamo vas da nam se pridru\u017eite da zajedni\u010dki obilje\u017eimo datum koji predstavlja ishodi\u0161nu to\u010dku hrvatske povijesti umjetnosti. Na poveznici mo\u017eete na\u0107i <a href=\"https:\/\/ffzghr-my.sharepoint.com\/:i:\/g\/personal\/mzvorc_m_ffzg_hr\/EbkiwEHtNrNEnFnI5Si5g1QBMI_m75SZGCxa-OXgDm424Q?e=1rslQS\" target=\"_blank\" rel=\"noreferrer noopener\">program sve\u010danosti<\/a>&nbsp;koja \u0107e se odr\u017eati u utorak, <strong>11. o\u017eujka 2025. u Vije\u0107nici Filozofskoga fakulteta u Zagrebu<\/strong>.<\/p>\n\n\n\n<hr class=\"wp-block-separator has-alpha-channel-opacity\"\/>\n\n\n\n<p>Izvor:<\/p>\n\n\n\n<p><a href=\"https:\/\/povum.ffzg.unizg.hr\/?p=11333\">https:\/\/povum.ffzg.unizg.hr\/?p=11333<\/a><\/p>\n\n\n\n<hr class=\"wp-block-separator has-alpha-channel-opacity\"\/>\n","protected":false},"excerpt":{"rendered":"","protected":false},"author":2,"featured_media":45170,"comment_status":"open","ping_status":"open","sticky":false,"template":"","format":"standard","meta":{"_acf_changed":false,"jetpack_post_was_ever_published":false,"_jetpack_newsletter_access":"","_jetpack_dont_email_post_to_subs":false,"_jetpack_newsletter_tier_id":0,"_jetpack_memberships_contains_paywalled_content":false,"_jetpack_memberships_contains_paid_content":false,"footnotes":"","jetpack_publicize_message":"","jetpack_publicize_feature_enabled":true,"jetpack_social_post_already_shared":true,"jetpack_social_options":{"image_generator_settings":{"template":"highway","default_image_id":0,"font":"","enabled":false},"version":2}},"categories":[3],"tags":[],"class_list":["post-45169","post","type-post","status-publish","format-standard","has-post-thumbnail","hentry","category-novosti"],"acf":{"facebook_opis":""},"jetpack_publicize_connections":[],"jetpack_featured_media_url":"https:\/\/i0.wp.com\/historiografija.hr\/wp-content\/uploads\/2025\/03\/DPU_program_2025.jpg?fit=1240%2C1507&ssl=1","jetpack_sharing_enabled":true,"jetpack-related-posts":[],"_links":{"self":[{"href":"https:\/\/historiografija.hr\/index.php?rest_route=\/wp\/v2\/posts\/45169","targetHints":{"allow":["GET"]}}],"collection":[{"href":"https:\/\/historiografija.hr\/index.php?rest_route=\/wp\/v2\/posts"}],"about":[{"href":"https:\/\/historiografija.hr\/index.php?rest_route=\/wp\/v2\/types\/post"}],"author":[{"embeddable":true,"href":"https:\/\/historiografija.hr\/index.php?rest_route=\/wp\/v2\/users\/2"}],"replies":[{"embeddable":true,"href":"https:\/\/historiografija.hr\/index.php?rest_route=%2Fwp%2Fv2%2Fcomments&post=45169"}],"version-history":[{"count":1,"href":"https:\/\/historiografija.hr\/index.php?rest_route=\/wp\/v2\/posts\/45169\/revisions"}],"predecessor-version":[{"id":45171,"href":"https:\/\/historiografija.hr\/index.php?rest_route=\/wp\/v2\/posts\/45169\/revisions\/45171"}],"wp:featuredmedia":[{"embeddable":true,"href":"https:\/\/historiografija.hr\/index.php?rest_route=\/wp\/v2\/media\/45170"}],"wp:attachment":[{"href":"https:\/\/historiografija.hr\/index.php?rest_route=%2Fwp%2Fv2%2Fmedia&parent=45169"}],"wp:term":[{"taxonomy":"category","embeddable":true,"href":"https:\/\/historiografija.hr\/index.php?rest_route=%2Fwp%2Fv2%2Fcategories&post=45169"},{"taxonomy":"post_tag","embeddable":true,"href":"https:\/\/historiografija.hr\/index.php?rest_route=%2Fwp%2Fv2%2Ftags&post=45169"}],"curies":[{"name":"wp","href":"https:\/\/api.w.org\/{rel}","templated":true}]}}