{"id":45162,"date":"2025-03-06T22:06:57","date_gmt":"2025-03-06T22:06:57","guid":{"rendered":"https:\/\/historiografija.hr\/?p=45162"},"modified":"2025-03-06T22:06:57","modified_gmt":"2025-03-06T22:06:57","slug":"poziv-za-prijavu-na-doktorsku-radionicu-u-okviru-history-festa","status":"publish","type":"post","link":"https:\/\/historiografija.hr\/?p=45162","title":{"rendered":"Poziv za prijavu na doktorsku radionicu u okviru History Festa"},"content":{"rendered":"\n<p>Udru\u017eenje za modernu historiju u okviru <em><strong>History Festa<\/strong><\/em><strong> (Sarajevo 2-6. juni 2025)<\/strong> organizira doktorsku radionicu za doktorante koji pi\u0161u doktorske disertacije bliske osnovnim temama ovogodi\u0161njeg History Festa.<\/p>\n\n\n\n<p>Ove godine \u0107e na History Festu biti razmatrane teme koje ulaze u slijede\u0107e okvire:<\/p>\n\n\n\n<p>&#8211;&nbsp;&nbsp;&nbsp;&nbsp;&nbsp;&nbsp;&nbsp;<strong>150 godina od velika isto\u010dne krize i promjena u Evropi 1870-ih godina \u2013 nove perspektive.<\/strong><\/p>\n\n\n\n<p>&#8211;&nbsp;&nbsp;&nbsp;&nbsp;&nbsp;&nbsp;&nbsp;<strong>80 godina od zavr\u0161etka Drugog svjetskog rata.<\/strong><\/p>\n\n\n\n<p>&#8211;&nbsp;&nbsp;&nbsp;&nbsp;&nbsp;&nbsp;&nbsp;<strong>30 godina od genocida u Srebrenici 1995.<\/strong><\/p>\n\n\n\n<p>&#8211;&nbsp;&nbsp;&nbsp;&nbsp;&nbsp;&nbsp;&nbsp;<strong>30 godina od potpisivanja Dejtonskog sporazuma 1995<\/strong>.<\/p>\n\n\n\n<p>Ukoliko je tema Va\u0161e disertacije vezana s nekom od ovih okvirnih tema i \u017eelite u\u010destvovati na doktorskoj radionici u sklopu History Festa, molimo Vas da se putem <a href=\"https:\/\/historiografija.ba\/assets\/documents\/prijavni-obrazac-radionica-2025.docx\">prijavnog obrasca<\/a> prijavite do 1. aprila 2025. na email: &nbsp;<a href=\"mailto:historyfestsa@gmail.com\">historyfestsa@gmail.com<\/a> &nbsp;(Predmet: prijava za doktorsku radionicu).<\/p>\n\n\n\n<p>Tro\u0161ak smje\u0161taja i ishrane pokrivaju organizatori. Organizacija i tro\u0161kovi putovanja do Sarajeva i nazad idu na teret sudionika, te se nadamo da Vam u tome mogu pomo\u0107i Va\u0161i Univerziteti. Ukoliko nemate navedenu mogu\u0107nost \u2013 molimo da i to navedete u prijavi i organizatori \u0107e se potruditi pomo\u0107i prona\u0107i sredstva.<\/p>\n\n\n\n<p>Poziv je objavljen na oficijelnoj stranici <a href=\"https:\/\/www.historyfest.ba\/article.php?id=45\">History Fest<\/a><\/p>\n\n\n\n<hr class=\"wp-block-separator has-alpha-channel-opacity\"\/>\n\n\n\n<p>Izvor:<\/p>\n\n\n\n<p><a href=\"https:\/\/historiografija.ba\/historija-u-javnosti\/naucne-manifestacije\/poziv-za-doktorsku-radionicu\">https:\/\/historiografija.ba\/historija-u-javnosti\/naucne-manifestacije\/poziv-za-doktorsku-radionicu<\/a><\/p>\n\n\n\n<hr class=\"wp-block-separator has-alpha-channel-opacity\"\/>\n","protected":false},"excerpt":{"rendered":"","protected":false},"author":2,"featured_media":45163,"comment_status":"open","ping_status":"open","sticky":false,"template":"","format":"standard","meta":{"_acf_changed":false,"jetpack_post_was_ever_published":false,"_jetpack_newsletter_access":"","_jetpack_dont_email_post_to_subs":false,"_jetpack_newsletter_tier_id":0,"_jetpack_memberships_contains_paywalled_content":false,"_jetpack_memberships_contains_paid_content":false,"footnotes":"","jetpack_publicize_message":"","jetpack_publicize_feature_enabled":true,"jetpack_social_post_already_shared":true,"jetpack_social_options":{"image_generator_settings":{"template":"highway","default_image_id":0,"font":"","enabled":false},"version":2}},"categories":[3,9],"tags":[],"class_list":["post-45162","post","type-post","status-publish","format-standard","has-post-thumbnail","hentry","category-novosti","category-skupovi"],"acf":{"facebook_opis":""},"jetpack_publicize_connections":[],"jetpack_featured_media_url":"https:\/\/i0.wp.com\/historiografija.hr\/wp-content\/uploads\/2025\/03\/doktorska-radionica-najava-2025-fotografija.jpg?fit=933%2C568&ssl=1","jetpack_sharing_enabled":true,"jetpack-related-posts":[],"_links":{"self":[{"href":"https:\/\/historiografija.hr\/index.php?rest_route=\/wp\/v2\/posts\/45162","targetHints":{"allow":["GET"]}}],"collection":[{"href":"https:\/\/historiografija.hr\/index.php?rest_route=\/wp\/v2\/posts"}],"about":[{"href":"https:\/\/historiografija.hr\/index.php?rest_route=\/wp\/v2\/types\/post"}],"author":[{"embeddable":true,"href":"https:\/\/historiografija.hr\/index.php?rest_route=\/wp\/v2\/users\/2"}],"replies":[{"embeddable":true,"href":"https:\/\/historiografija.hr\/index.php?rest_route=%2Fwp%2Fv2%2Fcomments&post=45162"}],"version-history":[{"count":1,"href":"https:\/\/historiografija.hr\/index.php?rest_route=\/wp\/v2\/posts\/45162\/revisions"}],"predecessor-version":[{"id":45164,"href":"https:\/\/historiografija.hr\/index.php?rest_route=\/wp\/v2\/posts\/45162\/revisions\/45164"}],"wp:featuredmedia":[{"embeddable":true,"href":"https:\/\/historiografija.hr\/index.php?rest_route=\/wp\/v2\/media\/45163"}],"wp:attachment":[{"href":"https:\/\/historiografija.hr\/index.php?rest_route=%2Fwp%2Fv2%2Fmedia&parent=45162"}],"wp:term":[{"taxonomy":"category","embeddable":true,"href":"https:\/\/historiografija.hr\/index.php?rest_route=%2Fwp%2Fv2%2Fcategories&post=45162"},{"taxonomy":"post_tag","embeddable":true,"href":"https:\/\/historiografija.hr\/index.php?rest_route=%2Fwp%2Fv2%2Ftags&post=45162"}],"curies":[{"name":"wp","href":"https:\/\/api.w.org\/{rel}","templated":true}]}}