{"id":45154,"date":"2025-03-06T21:28:51","date_gmt":"2025-03-06T21:28:51","guid":{"rendered":"https:\/\/historiografija.hr\/?p=45154"},"modified":"2025-03-06T21:28:51","modified_gmt":"2025-03-06T21:28:51","slug":"predavanje-katarine-horvat-zene-kucne-pomocnice-krajem-19-i-pocetkom-20-stoljeca","status":"publish","type":"post","link":"https:\/\/historiografija.hr\/?p=45154","title":{"rendered":"Predavanje Katarine Horvat \u201c\u017dene \u2013 ku\u0107ne pomo\u0107nice krajem 19. i po\u010detkom 20. stolje\u0107a\u201d"},"content":{"rendered":"\n<p>U povodu Me\u0111unarodnog dana \u017eena, pozivamo vas na predavanje \u201c\u017dene \u2013 ku\u0107ne pomo\u0107nice krajem 19. i po\u010detkom 20. stolje\u0107a\u201d, koje \u0107e odr\u017eati dr. sc. Katarina Horvat.<\/p>\n\n\n\n<p>Tema predavanja:<br>Predavanje istra\u017euje polo\u017eaj ku\u0107nih pomo\u0107nica u razdoblju prijelaza iz 19. u 20. stolje\u0107e \u2014 njihove radne uvjete, dru\u0161tveni status i izazove s kojima su se suo\u010davale. Kroz arhivske zapise, novinske oglase i osobna svjedo\u010danstva, otkrit \u0107emo kakav je bio svakodnevni \u017eivot \u017eena koje su radile u tu\u0111im domovima, \u010desto u te\u0161kim uvjetima i bez osnovnih radnih prava.<\/p>\n\n\n\n<p>Za\u0161to do\u0107i?<br>Ovo predavanje pru\u017eit \u0107e uvid u dru\u0161tvene i ekonomske prilike tog vremena, ali i potaknuti razmi\u0161ljanje o polo\u017eaju \u017eena na tr\u017ei\u0161tu rada danas. Bit \u0107e to prilika da kroz povijest bolje razumijemo sada\u0161njost i zajedno promislimo o putu prema pravednijoj budu\u0107nosti.<\/p>\n\n\n\n<p>Pozivamo vas da nam se pridru\u017eite i obilje\u017eite Dan \u017eena uz razgovor o snazi, upornosti i nevidljivom radu \u017eena kroz povijest.<\/p>\n\n\n\n<p>Vrijeme i mjesto odr\u017eavanja:<br>\u010cetvrtak, 6. o\u017eujka 2025. u 18 sati<br>Hrvatski muzej turizma, Vila Angiolina \u2014 Park Angiolina 1, Opatija<\/p>\n\n\n\n<p>Ulaz je slobodan!<\/p>\n\n\n\n<p>O predava\u010dici:<br>Dr. sc. Katarina Horvat, diplomirana povjesni\u010darka, ro\u0111ena je u Zagrebu, gdje je zavr\u0161ila Klasi\u010dnu gimnaziju. Godine 2018. obranila je doktorski rad pod nazivom \u201eKu\u0107na slu\u017ein\u010dad u gradu Zagrebu 1880 \u2013 1914.\u201c. Trenutno radi kao arhivska savjetnica u Dr\u017eavnom arhivu u Zagrebu.<\/p>\n\n\n\n<hr class=\"wp-block-separator has-alpha-channel-opacity\"\/>\n\n\n\n<p>Izvor:<\/p>\n\n\n\n<p><a href=\"https:\/\/www.hrmt.hr\/2025\/vijesti\/poziv-na-predavanje-zene-kucne-pomocnice-krajem-19-i-pocetkom-20-stoljeca\">https:\/\/www.hrmt.hr\/2025\/vijesti\/poziv-na-predavanje-zene-kucne-pomocnice-krajem-19-i-pocetkom-20-stoljeca<\/a><\/p>\n\n\n\n<hr class=\"wp-block-separator has-alpha-channel-opacity\"\/>\n","protected":false},"excerpt":{"rendered":"","protected":false},"author":2,"featured_media":45155,"comment_status":"open","ping_status":"open","sticky":false,"template":"","format":"standard","meta":{"_acf_changed":false,"jetpack_post_was_ever_published":false,"_jetpack_newsletter_access":"","_jetpack_dont_email_post_to_subs":false,"_jetpack_newsletter_tier_id":0,"_jetpack_memberships_contains_paywalled_content":false,"_jetpack_memberships_contains_paid_content":false,"footnotes":"","jetpack_publicize_message":"","jetpack_publicize_feature_enabled":true,"jetpack_social_post_already_shared":true,"jetpack_social_options":{"image_generator_settings":{"template":"highway","default_image_id":0,"font":"","enabled":false},"version":2}},"categories":[3],"tags":[],"class_list":["post-45154","post","type-post","status-publish","format-standard","has-post-thumbnail","hentry","category-novosti"],"acf":{"facebook_opis":""},"jetpack_publicize_connections":[],"jetpack_featured_media_url":"https:\/\/i0.wp.com\/historiografija.hr\/wp-content\/uploads\/2025\/03\/Sluzavka.jpg?fit=1000%2C1346&ssl=1","jetpack_sharing_enabled":true,"jetpack-related-posts":[],"_links":{"self":[{"href":"https:\/\/historiografija.hr\/index.php?rest_route=\/wp\/v2\/posts\/45154","targetHints":{"allow":["GET"]}}],"collection":[{"href":"https:\/\/historiografija.hr\/index.php?rest_route=\/wp\/v2\/posts"}],"about":[{"href":"https:\/\/historiografija.hr\/index.php?rest_route=\/wp\/v2\/types\/post"}],"author":[{"embeddable":true,"href":"https:\/\/historiografija.hr\/index.php?rest_route=\/wp\/v2\/users\/2"}],"replies":[{"embeddable":true,"href":"https:\/\/historiografija.hr\/index.php?rest_route=%2Fwp%2Fv2%2Fcomments&post=45154"}],"version-history":[{"count":1,"href":"https:\/\/historiografija.hr\/index.php?rest_route=\/wp\/v2\/posts\/45154\/revisions"}],"predecessor-version":[{"id":45156,"href":"https:\/\/historiografija.hr\/index.php?rest_route=\/wp\/v2\/posts\/45154\/revisions\/45156"}],"wp:featuredmedia":[{"embeddable":true,"href":"https:\/\/historiografija.hr\/index.php?rest_route=\/wp\/v2\/media\/45155"}],"wp:attachment":[{"href":"https:\/\/historiografija.hr\/index.php?rest_route=%2Fwp%2Fv2%2Fmedia&parent=45154"}],"wp:term":[{"taxonomy":"category","embeddable":true,"href":"https:\/\/historiografija.hr\/index.php?rest_route=%2Fwp%2Fv2%2Fcategories&post=45154"},{"taxonomy":"post_tag","embeddable":true,"href":"https:\/\/historiografija.hr\/index.php?rest_route=%2Fwp%2Fv2%2Ftags&post=45154"}],"curies":[{"name":"wp","href":"https:\/\/api.w.org\/{rel}","templated":true}]}}