{"id":45148,"date":"2025-03-05T22:31:03","date_gmt":"2025-03-05T22:31:03","guid":{"rendered":"https:\/\/historiografija.hr\/?p=45148"},"modified":"2025-03-05T22:31:17","modified_gmt":"2025-03-05T22:31:17","slug":"predstavljanje-zbornika-o-nikoli-andricu-u-zadru","status":"publish","type":"post","link":"https:\/\/historiografija.hr\/?p=45148","title":{"rendered":"Predstavljanje \u201eZbornika o Nikoli Andri\u0107u\u201c u Zadru"},"content":{"rendered":"\n<p>Sveu\u010dili\u0161te u Zadru i Fakultet hrvatskih studija Sveu\u010dili\u0161ta u Zagrebu organiziraju predstavljanje <em>Zbornika o Nikoli Andri\u0107u,&nbsp;<\/em>devetnaestog zbornika u ediciji Hrvatski knji\u017eevni povjesni\u010dari.&nbsp;Predstavljanje \u0107e se odr\u017eati u \u010detvrtak, 6. o\u017eujka 2025. u 12 sati,&nbsp;u Multimedijalnoj dvorani Sveu\u010dili\u0161ta u Zadru, Ulica dr. Franje Tu\u0111mana 24 i.<\/p>\n\n\n\n<hr class=\"wp-block-separator has-alpha-channel-opacity\"\/>\n\n\n\n<p>Izvor:<\/p>\n\n\n\n<p><a href=\"https:\/\/www.unizd.hr\/obavijesti\/view\/artmid\/18146\/articleid\/56216\/predstavljanje-zbornika-o-nikoli-andri%C4%87u\">https:\/\/www.unizd.hr\/obavijesti\/view\/artmid\/18146\/articleid\/56216\/predstavljanje-zbornika-o-nikoli-andri%C4%87u<\/a><\/p>\n\n\n\n<hr class=\"wp-block-separator has-alpha-channel-opacity\"\/>\n","protected":false},"excerpt":{"rendered":"","protected":false},"author":2,"featured_media":45149,"comment_status":"open","ping_status":"open","sticky":false,"template":"","format":"standard","meta":{"_acf_changed":false,"jetpack_post_was_ever_published":false,"_jetpack_newsletter_access":"","_jetpack_dont_email_post_to_subs":false,"_jetpack_newsletter_tier_id":0,"_jetpack_memberships_contains_paywalled_content":false,"_jetpack_memberships_contains_paid_content":false,"footnotes":"","jetpack_publicize_message":"","jetpack_publicize_feature_enabled":true,"jetpack_social_post_already_shared":true,"jetpack_social_options":{"image_generator_settings":{"template":"highway","default_image_id":0,"font":"","enabled":false},"version":2}},"categories":[3],"tags":[],"class_list":["post-45148","post","type-post","status-publish","format-standard","has-post-thumbnail","hentry","category-novosti"],"acf":{"facebook_opis":""},"jetpack_publicize_connections":[],"jetpack_featured_media_url":"https:\/\/i0.wp.com\/historiografija.hr\/wp-content\/uploads\/2025\/03\/Nikola_Andric.png?fit=1920%2C888&ssl=1","jetpack_sharing_enabled":true,"jetpack-related-posts":[],"_links":{"self":[{"href":"https:\/\/historiografija.hr\/index.php?rest_route=\/wp\/v2\/posts\/45148","targetHints":{"allow":["GET"]}}],"collection":[{"href":"https:\/\/historiografija.hr\/index.php?rest_route=\/wp\/v2\/posts"}],"about":[{"href":"https:\/\/historiografija.hr\/index.php?rest_route=\/wp\/v2\/types\/post"}],"author":[{"embeddable":true,"href":"https:\/\/historiografija.hr\/index.php?rest_route=\/wp\/v2\/users\/2"}],"replies":[{"embeddable":true,"href":"https:\/\/historiografija.hr\/index.php?rest_route=%2Fwp%2Fv2%2Fcomments&post=45148"}],"version-history":[{"count":1,"href":"https:\/\/historiografija.hr\/index.php?rest_route=\/wp\/v2\/posts\/45148\/revisions"}],"predecessor-version":[{"id":45150,"href":"https:\/\/historiografija.hr\/index.php?rest_route=\/wp\/v2\/posts\/45148\/revisions\/45150"}],"wp:featuredmedia":[{"embeddable":true,"href":"https:\/\/historiografija.hr\/index.php?rest_route=\/wp\/v2\/media\/45149"}],"wp:attachment":[{"href":"https:\/\/historiografija.hr\/index.php?rest_route=%2Fwp%2Fv2%2Fmedia&parent=45148"}],"wp:term":[{"taxonomy":"category","embeddable":true,"href":"https:\/\/historiografija.hr\/index.php?rest_route=%2Fwp%2Fv2%2Fcategories&post=45148"},{"taxonomy":"post_tag","embeddable":true,"href":"https:\/\/historiografija.hr\/index.php?rest_route=%2Fwp%2Fv2%2Ftags&post=45148"}],"curies":[{"name":"wp","href":"https:\/\/api.w.org\/{rel}","templated":true}]}}